{"id":1787,"date":"2024-11-15T13:42:45","date_gmt":"2024-11-15T13:42:45","guid":{"rendered":"https:\/\/www.keyinnapartments.com\/blog\/?p=1787"},"modified":"2024-12-19T09:48:19","modified_gmt":"2024-12-19T09:48:19","slug":"mobile-world-congress","status":"publish","type":"post","link":"https:\/\/www.keyinnapartments.com\/blog\/es\/mobile-world-congress\/","title":{"rendered":"Mobile World Congress 2025: todo lo que necesitas saber"},"content":{"rendered":"\t\t<div data-elementor-type=\"wp-post\" data-elementor-id=\"1787\" class=\"elementor elementor-1787\" data-elementor-post-type=\"post\">\n\t\t\t\t<div class=\"elementor-element elementor-element-32b349d2 e-flex e-con-boxed e-con e-parent\" data-id=\"32b349d2\" data-element_type=\"container\">\n\t\t\t\t\t<div class=\"e-con-inner\">\n\t\t\t\t<div class=\"elementor-element elementor-element-2d2df421 elementor-widget elementor-widget-text-editor\" data-id=\"2d2df421\" data-element_type=\"widget\" data-widget_type=\"text-editor.default\">\n\t\t\t\t<div class=\"elementor-widget-container\">\n\t\t\t\t\t\t\t\t\t<p style=\"font-weight: 400\">Si eres un apasionado de la tecnolog\u00eda, el Mobile World Congress 2025 \u2014MWC 2025\u2014 ya debe estar marcado en rojo en tu calendario.<\/p><p style=\"font-weight: 400\">Este evento es mucho m\u00e1s que una simple feria: es el centro neur\u00e1lgico de la innovaci\u00f3n m\u00f3vil y el lugar donde se re\u00fanen los l\u00edderes del sector para debatir, lanzar productos y, en definitiva, mostrar c\u00f3mo ser\u00e1 el futuro tecnol\u00f3gico de nuestras vidas.<\/p>\t\t\t\t\t\t\t\t<\/div>\n\t\t\t\t<\/div>\n\t\t\t\t\t<\/div>\n\t\t\t\t<\/div>\n\t\t<div class=\"elementor-element elementor-element-4e38d4fd e-flex e-con-boxed e-con e-parent\" data-id=\"4e38d4fd\" data-element_type=\"container\">\n\t\t\t\t\t<div class=\"e-con-inner\">\n\t\t\t\t<div class=\"elementor-element elementor-element-4ce9a8cd elementor-widget elementor-widget-table-of-contents\" data-id=\"4ce9a8cd\" data-element_type=\"widget\" data-settings=\"{&quot;headings_by_tags&quot;:[&quot;h2&quot;,&quot;h3&quot;],&quot;exclude_headings_by_selector&quot;:[],&quot;marker_view&quot;:&quot;bullets&quot;,&quot;icon&quot;:{&quot;value&quot;:&quot;&quot;,&quot;library&quot;:&quot;&quot;},&quot;no_headings_message&quot;:&quot;No headings were found on this page.&quot;,&quot;hierarchical_view&quot;:&quot;yes&quot;,&quot;min_height&quot;:{&quot;unit&quot;:&quot;px&quot;,&quot;size&quot;:&quot;&quot;,&quot;sizes&quot;:[]},&quot;min_height_tablet&quot;:{&quot;unit&quot;:&quot;px&quot;,&quot;size&quot;:&quot;&quot;,&quot;sizes&quot;:[]},&quot;min_height_mobile&quot;:{&quot;unit&quot;:&quot;px&quot;,&quot;size&quot;:&quot;&quot;,&quot;sizes&quot;:[]}}\" data-widget_type=\"table-of-contents.default\">\n\t\t\t\t<div class=\"elementor-widget-container\">\n\t\t\t\t\t\t\t<div class=\"elementor-toc__header\">\n\t\t\t<div class=\"elementor-toc__header-title\">\n\t\t\t\t\u00cdndice\t\t\t<\/div>\n\t\t\t\t\t<\/div>\n\t\t<div id=\"elementor-toc__4ce9a8cd\" class=\"elementor-toc__body\">\n\t\t\t<div class=\"elementor-toc__spinner-container\">\n\t\t\t\t<svg class=\"elementor-toc__spinner eicon-animation-spin e-font-icon-svg e-eicon-loading\" aria-hidden=\"true\" viewBox=\"0 0 1000 1000\" xmlns=\"http:\/\/www.w3.org\/2000\/svg\"><path d=\"M500 975V858C696 858 858 696 858 500S696 142 500 142 142 304 142 500H25C25 237 238 25 500 25S975 237 975 500 763 975 500 975Z\"><\/path><\/svg>\t\t\t<\/div>\n\t\t<\/div>\n\t\t\t\t\t\t<\/div>\n\t\t\t\t<\/div>\n\t\t\t\t\t<\/div>\n\t\t\t\t<\/div>\n\t\t<div class=\"elementor-element elementor-element-6ea8b1b0 e-flex e-con-boxed e-con e-parent\" data-id=\"6ea8b1b0\" data-element_type=\"container\">\n\t\t\t\t\t<div class=\"e-con-inner\">\n\t\t\t\t<div class=\"elementor-element elementor-element-791ff1b0 elementor-widget elementor-widget-heading\" data-id=\"791ff1b0\" data-element_type=\"widget\" data-widget_type=\"heading.default\">\n\t\t\t\t<div class=\"elementor-widget-container\">\n\t\t\t\t\t<h2 class=\"elementor-heading-title elementor-size-default\">Fechas y lugar del Mobile World Congress 2025 en Barcelona<\/h2>\t\t\t\t<\/div>\n\t\t\t\t<\/div>\n\t\t\t\t<div class=\"elementor-element elementor-element-4809cad9 elementor-widget elementor-widget-text-editor\" data-id=\"4809cad9\" data-element_type=\"widget\" data-widget_type=\"text-editor.default\">\n\t\t\t\t<div class=\"elementor-widget-container\">\n\t\t\t\t\t\t\t\t\t<p style=\"font-weight: 400;\">Las fechas para el Mobile World Congress 2025 ya est\u00e1n sobre la mesa, tendr\u00e1 lugar en Barcelona <strong>del 3 al 6 de marzo<\/strong>. Y como es habitual, se celebrar\u00e1 <strong>en la Fira de Barcelona<\/strong>, un espacio inmenso y moderno ubicado en el distrito de Gran V\u00eda.<\/p><p style=\"font-weight: 400;\">La ciudad condal, con su encanto mediterr\u00e1neo, es el tel\u00f3n de fondo perfecto para una de las ferias tecnol\u00f3gicas m\u00e1s importantes del mundo. Da igual si es tu primera vez en la ciudad o si ya has venido m\u00e1s veces, Barcelona y el Mobile World Congress van a sorprenderte.<\/p>\t\t\t\t\t\t\t\t<\/div>\n\t\t\t\t<\/div>\n\t\t\t\t\t<\/div>\n\t\t\t\t<\/div>\n\t\t<div class=\"elementor-element elementor-element-b051af6 e-flex e-con-boxed e-con e-parent\" data-id=\"b051af6\" data-element_type=\"container\">\n\t\t\t\t\t<div class=\"e-con-inner\">\n\t\t\t\t<div class=\"elementor-element elementor-element-c1b48a4 elementor-widget elementor-widget-image\" data-id=\"c1b48a4\" data-element_type=\"widget\" data-widget_type=\"image.default\">\n\t\t\t\t<div class=\"elementor-widget-container\">\n\t\t\t\t\t\t\t\t\t\t\t\t\t\t\t<img fetchpriority=\"high\" decoding=\"async\" width=\"1200\" height=\"630\" src=\"https:\/\/www.keyinnapartments.com\/blog\/wp-content\/uploads\/2024\/11\/mobile-world-congress-2025.jpg\" class=\"attachment-full size-full wp-image-1807\" alt=\"mobile world congress 2025\" srcset=\"https:\/\/www.keyinnapartments.com\/blog\/wp-content\/uploads\/2024\/11\/mobile-world-congress-2025.jpg 1200w, https:\/\/www.keyinnapartments.com\/blog\/wp-content\/uploads\/2024\/11\/mobile-world-congress-2025-768x403.jpg 768w\" sizes=\"(max-width: 1200px) 100vw, 1200px\" \/>\t\t\t\t\t\t\t\t\t\t\t\t\t\t\t<\/div>\n\t\t\t\t<\/div>\n\t\t\t\t\t<\/div>\n\t\t\t\t<\/div>\n\t\t<div class=\"elementor-element elementor-element-039092a e-flex e-con-boxed e-con e-parent\" data-id=\"039092a\" data-element_type=\"container\">\n\t\t\t\t\t<div class=\"e-con-inner\">\n\t\t\t\t<div class=\"elementor-element elementor-element-167a7eb elementor-widget elementor-widget-heading\" data-id=\"167a7eb\" data-element_type=\"widget\" data-widget_type=\"heading.default\">\n\t\t\t\t<div class=\"elementor-widget-container\">\n\t\t\t\t\t<h2 class=\"elementor-heading-title elementor-size-default\">Novedades y expectativas para el MWC 2025<\/h2>\t\t\t\t<\/div>\n\t\t\t\t<\/div>\n\t\t\t\t<div class=\"elementor-element elementor-element-221a9ef elementor-widget elementor-widget-text-editor\" data-id=\"221a9ef\" data-element_type=\"widget\" data-widget_type=\"text-editor.default\">\n\t\t\t\t<div class=\"elementor-widget-container\">\n\t\t\t\t\t\t\t\t\t<p style=\"font-weight: 400\">El MWC 2025 promete ser el epicentro de las innovaciones tecnol\u00f3gicas m\u00e1s rompedoras y se <strong>van a tocar muchos temas interesant\u00edsimos aunque el principal ser\u00e1 el 5G, su versi\u00f3n 17 y como impulsarlo hacia una red m\u00e1s vers\u00e1til, confiable y omnipresente<\/strong>. Tambi\u00e9n se hablar\u00e1 sobre soluciones de red m\u00e1s din\u00e1micas, automatizadas y rentables y, por supuesto, <strong>de la IA para comprender los nuevos niveles de interacci\u00f3n <\/strong>natural entre las personas y los ordenadores y c\u00f3mo mejorarlos.<\/p><p style=\"font-weight: 400\">Est\u00e1 claro que la combinaci\u00f3n de tecnolog\u00edas avanzadas como IA, 5G, Edge Computing, Cloud, Computaci\u00f3n Cu\u00e1ntica, Visi\u00f3n Artificial y Blockchain obliga a todas y cada una de las organizaciones a adaptarse y revisar constantemente sus procesos y modelos de negocio. Y en el Mobile World Congress Barcelona 2025 se van a tratar todas estas problem\u00e1ticas y se plantear\u00e1n diferentes escenarios en los que podr\u00e1s ver c\u00f3mo se van adaptando y reformando las industrias, una por una, para ofrecer experiencias m\u00e1s inmersivas y personalizadas para los usuarios.<\/p><p style=\"font-weight: 400\"><strong>Este es el lugar perfecto para exponer, debatir y establecer contactos<\/strong>, un lugar en el que los responsables de la toma de decisiones y l\u00edderes de opini\u00f3n m\u00e1s influyentes del mundo aceleran la pr\u00f3xima ola de la Industria 4.0 en todos los sectores: salud, miner\u00eda, agricultura, etc.<\/p><p style=\"font-weight: 400\">Adem\u00e1s, <strong>habr\u00e1 un mont\u00f3n de conferencias y mesas redondas en las que participar\u00e1n grandes personalidades del sector<\/strong> como la Dra. Alessandra Sala, directora senior de IA y ciencia de datos, Peggy Johnson, la directora ejecutiva de Agility Robotics o Sunnil Bharti Mittal, el fundador y presidente de Bharti Enterprises.<\/p>\t\t\t\t\t\t\t\t<\/div>\n\t\t\t\t<\/div>\n\t\t\t\t\t<\/div>\n\t\t\t\t<\/div>\n\t\t<div class=\"elementor-element elementor-element-c86ccd8 e-flex e-con-boxed e-con e-parent\" data-id=\"c86ccd8\" data-element_type=\"container\">\n\t\t\t\t\t<div class=\"e-con-inner\">\n\t\t\t\t<div class=\"elementor-element elementor-element-38339c3 elementor-widget elementor-widget-image\" data-id=\"38339c3\" data-element_type=\"widget\" data-widget_type=\"image.default\">\n\t\t\t\t<div class=\"elementor-widget-container\">\n\t\t\t\t\t\t\t\t\t\t\t\t\t\t\t<img decoding=\"async\" width=\"1200\" height=\"630\" src=\"https:\/\/www.keyinnapartments.com\/blog\/wp-content\/uploads\/2024\/11\/feria-mobile-world-congress-barcelona.jpg\" class=\"attachment-full size-full wp-image-1810\" alt=\"feria mobile world congress barcelona\" srcset=\"https:\/\/www.keyinnapartments.com\/blog\/wp-content\/uploads\/2024\/11\/feria-mobile-world-congress-barcelona.jpg 1200w, https:\/\/www.keyinnapartments.com\/blog\/wp-content\/uploads\/2024\/11\/feria-mobile-world-congress-barcelona-768x403.jpg 768w\" sizes=\"(max-width: 1200px) 100vw, 1200px\" \/>\t\t\t\t\t\t\t\t\t\t\t\t\t\t\t<\/div>\n\t\t\t\t<\/div>\n\t\t\t\t\t<\/div>\n\t\t\t\t<\/div>\n\t\t<div class=\"elementor-element elementor-element-fda151c e-flex e-con-boxed e-con e-parent\" data-id=\"fda151c\" data-element_type=\"container\">\n\t\t\t\t\t<div class=\"e-con-inner\">\n\t\t\t\t<div class=\"elementor-element elementor-element-8f9c96e elementor-widget elementor-widget-heading\" data-id=\"8f9c96e\" data-element_type=\"widget\" data-widget_type=\"heading.default\">\n\t\t\t\t<div class=\"elementor-widget-container\">\n\t\t\t\t\t<h2 class=\"elementor-heading-title elementor-size-default\">C\u00f3mo asistir al Mobile World Congress 2025<\/h2>\t\t\t\t<\/div>\n\t\t\t\t<\/div>\n\t\t\t\t<div class=\"elementor-element elementor-element-96dad95 elementor-widget elementor-widget-text-editor\" data-id=\"96dad95\" data-element_type=\"widget\" data-widget_type=\"text-editor.default\">\n\t\t\t\t<div class=\"elementor-widget-container\">\n\t\t\t\t\t\t\t\t\t<p style=\"font-weight: 400\">Si quieres asistir al MWC 2025, debes asegurarte de conseguir tu entrada con antelaci\u00f3n, se suelen agotar bastante r\u00e1pido porque acuden a \u00e9l profesionales del sector y aficionados de todo el mundo. Puedes comprarla en la <a href=\"https:\/\/www.mwcbarcelona.com\/\">web oficial del evento<\/a> eligiendo una de las tres modalidades seg\u00fan tus necesidades:<\/p><ul><li><strong>Pase de exposici\u00f3n<\/strong>: solo te permite el acceso a la explanada de exposiciones.<\/li><li><strong>Pase de la Conferencia del L\u00edder<\/strong>: incluye el acceso a la explanada y a todas las conferencias y talleres.<\/li><li><strong>Pase VIP<\/strong>: igual que el pase anterior pero con acceso a sala VIP, transporte y otros beneficios <em>premium<\/em>.<\/li><\/ul><p style=\"font-weight: 400\">Los precios son, respectivamente, de 899 \u20ac, 2.199 \u20ac y 4.999 \u20ac.<\/p>\t\t\t\t\t\t\t\t<\/div>\n\t\t\t\t<\/div>\n\t\t\t\t\t<\/div>\n\t\t\t\t<\/div>\n\t\t<div class=\"elementor-element elementor-element-32d6fc9 e-flex e-con-boxed e-con e-parent\" data-id=\"32d6fc9\" data-element_type=\"container\">\n\t\t\t\t\t<div class=\"e-con-inner\">\n\t\t\t\t<div class=\"elementor-element elementor-element-166d5a7 elementor-widget elementor-widget-image\" data-id=\"166d5a7\" data-element_type=\"widget\" data-widget_type=\"image.default\">\n\t\t\t\t<div class=\"elementor-widget-container\">\n\t\t\t\t\t\t\t\t\t\t\t\t\t\t\t<img decoding=\"async\" width=\"1200\" height=\"630\" src=\"https:\/\/www.keyinnapartments.com\/blog\/wp-content\/uploads\/2024\/11\/mobile-world-congress-2025-barcelona.webp\" class=\"attachment-full size-full wp-image-1813\" alt=\"asistir al Mobile World Congress\" srcset=\"https:\/\/www.keyinnapartments.com\/blog\/wp-content\/uploads\/2024\/11\/mobile-world-congress-2025-barcelona.webp 1200w, https:\/\/www.keyinnapartments.com\/blog\/wp-content\/uploads\/2024\/11\/mobile-world-congress-2025-barcelona-768x403.webp 768w\" sizes=\"(max-width: 1200px) 100vw, 1200px\" \/>\t\t\t\t\t\t\t\t\t\t\t\t\t\t\t<\/div>\n\t\t\t\t<\/div>\n\t\t\t\t\t<\/div>\n\t\t\t\t<\/div>\n\t\t<div class=\"elementor-element elementor-element-740b328 e-flex e-con-boxed e-con e-parent\" data-id=\"740b328\" data-element_type=\"container\">\n\t\t\t\t\t<div class=\"e-con-inner\">\n\t\t\t\t<div class=\"elementor-element elementor-element-92db8ca elementor-widget elementor-widget-heading\" data-id=\"92db8ca\" data-element_type=\"widget\" data-widget_type=\"heading.default\">\n\t\t\t\t<div class=\"elementor-widget-container\">\n\t\t\t\t\t<h2 class=\"elementor-heading-title elementor-size-default\">Consejos para aprovechar al m\u00e1ximo tu visita al Mobile World Congress<\/h2>\t\t\t\t<\/div>\n\t\t\t\t<\/div>\n\t\t\t\t<div class=\"elementor-element elementor-element-53ce28f elementor-widget elementor-widget-text-editor\" data-id=\"53ce28f\" data-element_type=\"widget\" data-widget_type=\"text-editor.default\">\n\t\t\t\t<div class=\"elementor-widget-container\">\n\t\t\t\t\t\t\t\t\t<p style=\"font-weight: 400\">Para sacarle el m\u00e1ximo provecho a tu visita debes llevar los deberes hechos de casa. Debes consultar el <a href=\"https:\/\/www.mwcbarcelona.com\/agenda?date=2025-03-03\">programa del evento<\/a> y anotar las conferencias y presentaciones que m\u00e1s te interesen, llegar temprano para evitar colas y lleva ropa y calzado c\u00f3modos, ya que el recinto es enorme y tendr\u00e1s que caminar bastante.<\/p><p style=\"font-weight: 400\">Adem\u00e1s de eso aseg\u00farate de tener tu\u00a0<strong>LinkedIn actualizado<\/strong>\u00a0y listo para conectar con todas aquellas personas que conozcas y te interese tener en tu red de contactos, porque <strong>el <em>networking<\/em> es una de las principales razones por las que muchos asisten al Mobile World Congress Barcelona<\/strong>. No te limites solo a ver los expositores, aprovecha tambi\u00e9n las zonas dedicadas a conversar y los eventos sociales. Conocer a otros asistentes, compartir opiniones y discutir sobre las novedades que se presentan puede ser igual de importante que asistir a una charla.\u00a0<\/p><p style=\"font-weight: 400\">\u00a1Ah! Y deja algo de tiempo para pararte a explorar y conocer a las <em>startups<\/em> en el \u00e1rea 4YFN \u2014Four Years From Now\u2014 o simplemente para disfrutar del ambiente, de las demostraciones tecnol\u00f3gicas y de todo lo que Barcelona tiene para ofrecerte.<\/p>\t\t\t\t\t\t\t\t<\/div>\n\t\t\t\t<\/div>\n\t\t\t\t\t<\/div>\n\t\t\t\t<\/div>\n\t\t<div class=\"elementor-element elementor-element-bf5fe68 e-flex e-con-boxed e-con e-parent\" data-id=\"bf5fe68\" data-element_type=\"container\">\n\t\t\t\t\t<div class=\"e-con-inner\">\n\t\t\t\t<div class=\"elementor-element elementor-element-d43fe78 elementor-widget elementor-widget-video\" data-id=\"d43fe78\" data-element_type=\"widget\" data-settings=\"{&quot;youtube_url&quot;:&quot;https:\\\/\\\/www.youtube.com\\\/watch?v=nS6fZ-Gv5-Y&quot;,&quot;video_type&quot;:&quot;youtube&quot;,&quot;controls&quot;:&quot;yes&quot;}\" data-widget_type=\"video.default\">\n\t\t\t\t<div class=\"elementor-widget-container\">\n\t\t\t\t\t\t\t<div class=\"elementor-wrapper elementor-open-inline\">\n\t\t\t<div class=\"elementor-video\"><\/div>\t\t<\/div>\n\t\t\t\t\t\t<\/div>\n\t\t\t\t<\/div>\n\t\t\t\t\t<\/div>\n\t\t\t\t<\/div>\n\t\t<div class=\"elementor-element elementor-element-601e9b1e e-flex e-con-boxed e-con e-parent\" data-id=\"601e9b1e\" data-element_type=\"container\">\n\t\t\t\t\t<div class=\"e-con-inner\">\n\t\t\t\t<div class=\"elementor-element elementor-element-591d63a elementor-widget elementor-widget-heading\" data-id=\"591d63a\" data-element_type=\"widget\" data-widget_type=\"heading.default\">\n\t\t\t\t<div class=\"elementor-widget-container\">\n\t\t\t\t\t<h2 class=\"elementor-heading-title elementor-size-default\">Atracciones tur\u00edsticas cercanas al Mobile World Congress en Barcelona<\/h2>\t\t\t\t<\/div>\n\t\t\t\t<\/div>\n\t\t\t\t<div class=\"elementor-element elementor-element-271829b0 elementor-widget elementor-widget-text-editor\" data-id=\"271829b0\" data-element_type=\"widget\" data-widget_type=\"text-editor.default\">\n\t\t\t\t<div class=\"elementor-widget-container\">\n\t\t\t\t\t\t\t\t\t<p style=\"font-weight: 400\">El Mobile World Congress 2025 no es solo una oportunidad para asistir al evento de conectividad m\u00e1s grande e influyente del mundo, sino tambi\u00e9n <strong>una excusa perfecta para descubrir Barcelona.<\/strong><\/p><p style=\"font-weight: 400\">A pocos minutos de la Fira de Barcelona se encuentran algunos de los principales atractivos tur\u00edsticos de la ciudad como el emblem\u00e1tico <a href=\"https:\/\/www.keyinnapartments.com\/blog\/es\/barrio-eixample-barcelona\/\"><strong>barrio del Eixample<\/strong><\/a>, donde vas a poder visitar la Sagrada Familia, la Casa Batll\u00f3 o la Casa Mil\u00e0. <strong>Tambi\u00e9n conocer el <\/strong><a href=\"https:\/\/www.keyinnapartments.com\/blog\/es\/centro-barcelona\/\"><strong>centro de Barcelona<\/strong><\/a><strong>, pasear por la Pla\u00e7a d&#8217;Espanya, visitar alguno de <\/strong><a href=\"https:\/\/www.keyinnapartments.com\/blog\/es\/museos-barcelona\/\"><strong>los museos de Barcelona<\/strong><\/a> como el ic\u00f3nico Museu Nacional d&#8217;Art de Catalunya <strong>o disfrutar de las fuentes m\u00e1gicas de Montju\u00efc al atardecer.<\/strong><\/p>\t\t\t\t\t\t\t\t<\/div>\n\t\t\t\t<\/div>\n\t\t\t\t\t<\/div>\n\t\t\t\t<\/div>\n\t\t<div class=\"elementor-element elementor-element-0c56dd0 e-flex e-con-boxed e-con e-parent\" data-id=\"0c56dd0\" data-element_type=\"container\">\n\t\t\t\t\t<div class=\"e-con-inner\">\n\t\t\t\t<div class=\"elementor-element elementor-element-c5c2453 elementor-widget elementor-widget-heading\" data-id=\"c5c2453\" data-element_type=\"widget\" data-widget_type=\"heading.default\">\n\t\t\t\t<div class=\"elementor-widget-container\">\n\t\t\t\t\t<h2 class=\"elementor-heading-title elementor-size-default\">Ven al Mobile World Congress 2025 a Barcelona<\/h2>\t\t\t\t<\/div>\n\t\t\t\t<\/div>\n\t\t\t\t<div class=\"elementor-element elementor-element-362bc1f elementor-widget elementor-widget-text-editor\" data-id=\"362bc1f\" data-element_type=\"widget\" data-widget_type=\"text-editor.default\">\n\t\t\t\t<div class=\"elementor-widget-container\">\n\t\t\t\t\t\t\t\t\t<p style=\"font-weight: 400;\">El Mobile World Congress 2025 promete ser una experiencia inigualable si eres amante y apasionado de la tecnolog\u00eda y la innovaci\u00f3n.En \u00e9l estar\u00e1n presentes las principales marcas del sector, las novedades m\u00e1s esperadas y adem\u00e1s te espera una ciudad tan espectacular como Barcelona como anfitriona.<\/p><p style=\"font-weight: 400;\">Entonces, \u00bfte vienes al MWC 2025? Solo tienes que comprar tu entrada, reservar un billete y <strong>conseguir un alojamiento que te permita descansar y reponer energ\u00edas para cuatro d\u00edas intensos de tecnolog\u00eda e innovaci\u00f3n<\/strong>. Puedes conseguir uno de calidad y adaptado a tus necesidades por aqu\u00ed, con <a href=\"https:\/\/www.keyinnapartments.com\/es\/\">Key Barcelona<\/a>.<\/p>\t\t\t\t\t\t\t\t<\/div>\n\t\t\t\t<\/div>\n\t\t\t\t\t<\/div>\n\t\t\t\t<\/div>\n\t\t<div class=\"elementor-element elementor-element-106a4071 e-flex e-con-boxed e-con e-parent\" data-id=\"106a4071\" data-element_type=\"container\">\n\t\t\t\t\t<div class=\"e-con-inner\">\n\t\t<div class=\"elementor-element elementor-element-ddc1d1c e-con-full e-flex e-con e-child\" data-id=\"ddc1d1c\" data-element_type=\"container\" data-settings=\"{&quot;background_background&quot;:&quot;classic&quot;}\">\n\t\t\t\t<div class=\"elementor-element elementor-element-6d7c1e5c elementor-align-center elementor-widget elementor-widget-button\" data-id=\"6d7c1e5c\" data-element_type=\"widget\" data-widget_type=\"button.default\">\n\t\t\t\t<div class=\"elementor-widget-container\">\n\t\t\t\t\t\t\t\t\t<div class=\"elementor-button-wrapper\">\n\t\t\t\t\t<a class=\"elementor-button elementor-button-link elementor-size-sm\" href=\"https:\/\/www.keyinnapartments.com\/es\/alquiler-vacacional-barcelona\/\">\n\t\t\t\t\t\t<span class=\"elementor-button-content-wrapper\">\n\t\t\t\t\t\t\t\t\t<span class=\"elementor-button-text\">Alojamientos<\/span>\n\t\t\t\t\t<\/span>\n\t\t\t\t\t<\/a>\n\t\t\t\t<\/div>\n\t\t\t\t\t\t\t\t<\/div>\n\t\t\t\t<\/div>\n\t\t\t\t<\/div>\n\t\t<div class=\"elementor-element elementor-element-2e27f776 e-con-full e-flex e-con e-child\" data-id=\"2e27f776\" data-element_type=\"container\" data-settings=\"{&quot;background_background&quot;:&quot;classic&quot;}\">\n\t\t\t\t<div class=\"elementor-element elementor-element-5968d581 elementor-align-center elementor-widget elementor-widget-button\" data-id=\"5968d581\" data-element_type=\"widget\" data-widget_type=\"button.default\">\n\t\t\t\t<div class=\"elementor-widget-container\">\n\t\t\t\t\t\t\t\t\t<div class=\"elementor-button-wrapper\">\n\t\t\t\t\t<a class=\"elementor-button elementor-button-link elementor-size-sm\" href=\"https:\/\/www.keyinnapartments.com\/es\/apartamentos-turisticos-barcelona\/\">\n\t\t\t\t\t\t<span class=\"elementor-button-content-wrapper\">\n\t\t\t\t\t\t\t\t\t<span class=\"elementor-button-text\">Apartamentos<\/span>\n\t\t\t\t\t<\/span>\n\t\t\t\t\t<\/a>\n\t\t\t\t<\/div>\n\t\t\t\t\t\t\t\t<\/div>\n\t\t\t\t<\/div>\n\t\t\t\t<\/div>\n\t\t\t\t\t<\/div>\n\t\t\t\t<\/div>\n\t\t\t\t<\/div>\n\t\t","protected":false},"excerpt":{"rendered":"<p>Si eres un apasionado de la tecnolog\u00eda, el Mobile World Congress 2025 \u2014MWC 2025\u2014 ya debe estar marcado en rojo en tu calendario. Este evento es mucho m\u00e1s que una simple feria: es el centro neur\u00e1lgico de la innovaci\u00f3n m\u00f3vil y el lugar donde se re\u00fanen los l\u00edderes del sector para debatir, lanzar productos y, [&hellip;]<\/p>\n","protected":false},"author":3,"featured_media":1816,"comment_status":"open","ping_status":"open","sticky":false,"template":"","format":"standard","meta":{"footnotes":""},"categories":[34,29],"tags":[],"class_list":["post-1787","post","type-post","status-publish","format-standard","has-post-thumbnail","hentry","category-barcelona-es","category-eventos"],"yoast_head":"<!-- This site is optimized with the Yoast SEO plugin v25.3.1 - https:\/\/yoast.com\/wordpress\/plugins\/seo\/ -->\n<title>Mobile World Congress 2025 en Barcelona<\/title>\n<meta name=\"description\" content=\"Disfruta del Mobile World Congress, el evento del a\u00f1o sobre tecnolog\u00eda e innovaci\u00f3n en comunicaci\u00f3n m\u00f3vil en la Fira de Barcelona.\" \/>\n<meta name=\"robots\" content=\"index, follow, max-snippet:-1, max-image-preview:large, max-video-preview:-1\" \/>\n<link rel=\"canonical\" href=\"https:\/\/www.keyinnapartments.com\/blog\/es\/mobile-world-congress\/\" \/>\n<meta property=\"og:locale\" content=\"es_ES\" \/>\n<meta property=\"og:type\" content=\"article\" \/>\n<meta property=\"og:title\" content=\"Mobile World Congress 2025 en Barcelona\" \/>\n<meta property=\"og:description\" content=\"Disfruta del Mobile World Congress, el evento del a\u00f1o sobre tecnolog\u00eda e innovaci\u00f3n en comunicaci\u00f3n m\u00f3vil en la Fira de Barcelona.\" \/>\n<meta property=\"og:url\" content=\"https:\/\/www.keyinnapartments.com\/blog\/es\/mobile-world-congress\/\" \/>\n<meta property=\"og:site_name\" content=\"Blog de viaje Barcelona\" \/>\n<meta property=\"article:publisher\" content=\"https:\/\/www.facebook.com\/keyinnapartments\/\" \/>\n<meta property=\"article:published_time\" content=\"2024-11-15T13:42:45+00:00\" \/>\n<meta property=\"article:modified_time\" content=\"2024-12-19T09:48:19+00:00\" \/>\n<meta property=\"og:image\" content=\"https:\/\/www.keyinnapartments.com\/blog\/wp-content\/uploads\/2024\/11\/mobile-world-congress-barcelona.jpg\" \/>\n\t<meta property=\"og:image:width\" content=\"1920\" \/>\n\t<meta property=\"og:image:height\" content=\"644\" \/>\n\t<meta property=\"og:image:type\" content=\"image\/jpeg\" \/>\n<meta name=\"author\" content=\"digitalservices\" \/>\n<meta name=\"twitter:card\" content=\"summary_large_image\" \/>\n<meta name=\"twitter:label1\" content=\"Written by\" \/>\n\t<meta name=\"twitter:data1\" content=\"digitalservices\" \/>\n\t<meta name=\"twitter:label2\" content=\"Est. reading time\" \/>\n\t<meta name=\"twitter:data2\" content=\"6 minutes\" \/>\n<script type=\"application\/ld+json\" class=\"yoast-schema-graph\">{\"@context\":\"https:\/\/schema.org\",\"@graph\":[{\"@type\":\"Article\",\"@id\":\"https:\/\/www.keyinnapartments.com\/blog\/es\/mobile-world-congress\/#article\",\"isPartOf\":{\"@id\":\"https:\/\/www.keyinnapartments.com\/blog\/es\/mobile-world-congress\/\"},\"author\":{\"name\":\"digitalservices\",\"@id\":\"https:\/\/www.keyinnapartments.com\/blog\/es\/#\/schema\/person\/ad874b614da9f01dc2ab0054bc6181e3\"},\"headline\":\"Mobile World Congress 2025: todo lo que necesitas saber\",\"datePublished\":\"2024-11-15T13:42:45+00:00\",\"dateModified\":\"2024-12-19T09:48:19+00:00\",\"mainEntityOfPage\":{\"@id\":\"https:\/\/www.keyinnapartments.com\/blog\/es\/mobile-world-congress\/\"},\"wordCount\":1046,\"commentCount\":0,\"publisher\":{\"@id\":\"https:\/\/www.keyinnapartments.com\/blog\/es\/#organization\"},\"image\":{\"@id\":\"https:\/\/www.keyinnapartments.com\/blog\/es\/mobile-world-congress\/#primaryimage\"},\"thumbnailUrl\":\"https:\/\/www.keyinnapartments.com\/blog\/wp-content\/uploads\/2024\/11\/mobile-world-congress-barcelona.jpg\",\"articleSection\":[\"Barcelona\",\"Eventos\"],\"inLanguage\":\"es\",\"potentialAction\":[{\"@type\":\"CommentAction\",\"name\":\"Comment\",\"target\":[\"https:\/\/www.keyinnapartments.com\/blog\/es\/mobile-world-congress\/#respond\"]}]},{\"@type\":\"WebPage\",\"@id\":\"https:\/\/www.keyinnapartments.com\/blog\/es\/mobile-world-congress\/\",\"url\":\"https:\/\/www.keyinnapartments.com\/blog\/es\/mobile-world-congress\/\",\"name\":\"Mobile World Congress 2025 en Barcelona\",\"isPartOf\":{\"@id\":\"https:\/\/www.keyinnapartments.com\/blog\/es\/#website\"},\"primaryImageOfPage\":{\"@id\":\"https:\/\/www.keyinnapartments.com\/blog\/es\/mobile-world-congress\/#primaryimage\"},\"image\":{\"@id\":\"https:\/\/www.keyinnapartments.com\/blog\/es\/mobile-world-congress\/#primaryimage\"},\"thumbnailUrl\":\"https:\/\/www.keyinnapartments.com\/blog\/wp-content\/uploads\/2024\/11\/mobile-world-congress-barcelona.jpg\",\"datePublished\":\"2024-11-15T13:42:45+00:00\",\"dateModified\":\"2024-12-19T09:48:19+00:00\",\"description\":\"Disfruta del Mobile World Congress, el evento del a\u00f1o sobre tecnolog\u00eda e innovaci\u00f3n en comunicaci\u00f3n m\u00f3vil en la Fira de Barcelona.\",\"breadcrumb\":{\"@id\":\"https:\/\/www.keyinnapartments.com\/blog\/es\/mobile-world-congress\/#breadcrumb\"},\"inLanguage\":\"es\",\"potentialAction\":[{\"@type\":\"ReadAction\",\"target\":[\"https:\/\/www.keyinnapartments.com\/blog\/es\/mobile-world-congress\/\"]}]},{\"@type\":\"ImageObject\",\"inLanguage\":\"es\",\"@id\":\"https:\/\/www.keyinnapartments.com\/blog\/es\/mobile-world-congress\/#primaryimage\",\"url\":\"https:\/\/www.keyinnapartments.com\/blog\/wp-content\/uploads\/2024\/11\/mobile-world-congress-barcelona.jpg\",\"contentUrl\":\"https:\/\/www.keyinnapartments.com\/blog\/wp-content\/uploads\/2024\/11\/mobile-world-congress-barcelona.jpg\",\"width\":1920,\"height\":644,\"caption\":\"mobile world congress barcelona\"},{\"@type\":\"BreadcrumbList\",\"@id\":\"https:\/\/www.keyinnapartments.com\/blog\/es\/mobile-world-congress\/#breadcrumb\",\"itemListElement\":[{\"@type\":\"ListItem\",\"position\":1,\"name\":\"Home\",\"item\":\"https:\/\/www.keyinnapartments.com\/blog\/es\/\"},{\"@type\":\"ListItem\",\"position\":2,\"name\":\"Mobile World Congress 2025: todo lo que necesitas saber\"}]},{\"@type\":\"WebSite\",\"@id\":\"https:\/\/www.keyinnapartments.com\/blog\/es\/#website\",\"url\":\"https:\/\/www.keyinnapartments.com\/blog\/es\/\",\"name\":\"Key in Apartaments\",\"description\":\"Key Inn Apartments\",\"publisher\":{\"@id\":\"https:\/\/www.keyinnapartments.com\/blog\/es\/#organization\"},\"potentialAction\":[{\"@type\":\"SearchAction\",\"target\":{\"@type\":\"EntryPoint\",\"urlTemplate\":\"https:\/\/www.keyinnapartments.com\/blog\/es\/?s={search_term_string}\"},\"query-input\":{\"@type\":\"PropertyValueSpecification\",\"valueRequired\":true,\"valueName\":\"search_term_string\"}}],\"inLanguage\":\"es\"},{\"@type\":\"Organization\",\"@id\":\"https:\/\/www.keyinnapartments.com\/blog\/es\/#organization\",\"name\":\"Key Barcelona\",\"url\":\"https:\/\/www.keyinnapartments.com\/blog\/es\/\",\"logo\":{\"@type\":\"ImageObject\",\"inLanguage\":\"es\",\"@id\":\"https:\/\/www.keyinnapartments.com\/blog\/es\/#\/schema\/logo\/image\/\",\"url\":\"https:\/\/www.keyinnapartments.com\/blog\/wp-content\/uploads\/2024\/04\/logo-11.png\",\"contentUrl\":\"https:\/\/www.keyinnapartments.com\/blog\/wp-content\/uploads\/2024\/04\/logo-11.png\",\"width\":350,\"height\":442,\"caption\":\"Key Barcelona\"},\"image\":{\"@id\":\"https:\/\/www.keyinnapartments.com\/blog\/es\/#\/schema\/logo\/image\/\"},\"sameAs\":[\"https:\/\/www.facebook.com\/keyinnapartments\/\",\"https:\/\/www.instagram.com\/keyinnapartments\/\",\"https:\/\/www.linkedin.com\/company\/key-barcelona-apartments\/about\/\"]},{\"@type\":\"Person\",\"@id\":\"https:\/\/www.keyinnapartments.com\/blog\/es\/#\/schema\/person\/ad874b614da9f01dc2ab0054bc6181e3\",\"name\":\"digitalservices\",\"image\":{\"@type\":\"ImageObject\",\"inLanguage\":\"es\",\"@id\":\"https:\/\/www.keyinnapartments.com\/blog\/es\/#\/schema\/person\/image\/\",\"url\":\"https:\/\/secure.gravatar.com\/avatar\/af30f88a1904294c1f3eb09a9d7903eec4ffa18fa2cf40c28a8681014ecdfc20?s=96&d=mm&r=g\",\"contentUrl\":\"https:\/\/secure.gravatar.com\/avatar\/af30f88a1904294c1f3eb09a9d7903eec4ffa18fa2cf40c28a8681014ecdfc20?s=96&d=mm&r=g\",\"caption\":\"digitalservices\"},\"url\":\"https:\/\/www.keyinnapartments.com\/blog\/es\/author\/digitalservices\/\"}]}<\/script>\n<!-- \/ Yoast SEO plugin. -->","yoast_head_json":{"title":"Mobile World Congress 2025 en Barcelona","description":"Disfruta del Mobile World Congress, el evento del a\u00f1o sobre tecnolog\u00eda e innovaci\u00f3n en comunicaci\u00f3n m\u00f3vil en la Fira de Barcelona.","robots":{"index":"index","follow":"follow","max-snippet":"max-snippet:-1","max-image-preview":"max-image-preview:large","max-video-preview":"max-video-preview:-1"},"canonical":"https:\/\/www.keyinnapartments.com\/blog\/es\/mobile-world-congress\/","og_locale":"es_ES","og_type":"article","og_title":"Mobile World Congress 2025 en Barcelona","og_description":"Disfruta del Mobile World Congress, el evento del a\u00f1o sobre tecnolog\u00eda e innovaci\u00f3n en comunicaci\u00f3n m\u00f3vil en la Fira de Barcelona.","og_url":"https:\/\/www.keyinnapartments.com\/blog\/es\/mobile-world-congress\/","og_site_name":"Blog de viaje Barcelona","article_publisher":"https:\/\/www.facebook.com\/keyinnapartments\/","article_published_time":"2024-11-15T13:42:45+00:00","article_modified_time":"2024-12-19T09:48:19+00:00","og_image":[{"width":1920,"height":644,"url":"https:\/\/www.keyinnapartments.com\/blog\/wp-content\/uploads\/2024\/11\/mobile-world-congress-barcelona.jpg","type":"image\/jpeg"}],"author":"digitalservices","twitter_card":"summary_large_image","twitter_misc":{"Written by":"digitalservices","Est. reading time":"6 minutes"},"schema":{"@context":"https:\/\/schema.org","@graph":[{"@type":"Article","@id":"https:\/\/www.keyinnapartments.com\/blog\/es\/mobile-world-congress\/#article","isPartOf":{"@id":"https:\/\/www.keyinnapartments.com\/blog\/es\/mobile-world-congress\/"},"author":{"name":"digitalservices","@id":"https:\/\/www.keyinnapartments.com\/blog\/es\/#\/schema\/person\/ad874b614da9f01dc2ab0054bc6181e3"},"headline":"Mobile World Congress 2025: todo lo que necesitas saber","datePublished":"2024-11-15T13:42:45+00:00","dateModified":"2024-12-19T09:48:19+00:00","mainEntityOfPage":{"@id":"https:\/\/www.keyinnapartments.com\/blog\/es\/mobile-world-congress\/"},"wordCount":1046,"commentCount":0,"publisher":{"@id":"https:\/\/www.keyinnapartments.com\/blog\/es\/#organization"},"image":{"@id":"https:\/\/www.keyinnapartments.com\/blog\/es\/mobile-world-congress\/#primaryimage"},"thumbnailUrl":"https:\/\/www.keyinnapartments.com\/blog\/wp-content\/uploads\/2024\/11\/mobile-world-congress-barcelona.jpg","articleSection":["Barcelona","Eventos"],"inLanguage":"es","potentialAction":[{"@type":"CommentAction","name":"Comment","target":["https:\/\/www.keyinnapartments.com\/blog\/es\/mobile-world-congress\/#respond"]}]},{"@type":"WebPage","@id":"https:\/\/www.keyinnapartments.com\/blog\/es\/mobile-world-congress\/","url":"https:\/\/www.keyinnapartments.com\/blog\/es\/mobile-world-congress\/","name":"Mobile World Congress 2025 en Barcelona","isPartOf":{"@id":"https:\/\/www.keyinnapartments.com\/blog\/es\/#website"},"primaryImageOfPage":{"@id":"https:\/\/www.keyinnapartments.com\/blog\/es\/mobile-world-congress\/#primaryimage"},"image":{"@id":"https:\/\/www.keyinnapartments.com\/blog\/es\/mobile-world-congress\/#primaryimage"},"thumbnailUrl":"https:\/\/www.keyinnapartments.com\/blog\/wp-content\/uploads\/2024\/11\/mobile-world-congress-barcelona.jpg","datePublished":"2024-11-15T13:42:45+00:00","dateModified":"2024-12-19T09:48:19+00:00","description":"Disfruta del Mobile World Congress, el evento del a\u00f1o sobre tecnolog\u00eda e innovaci\u00f3n en comunicaci\u00f3n m\u00f3vil en la Fira de Barcelona.","breadcrumb":{"@id":"https:\/\/www.keyinnapartments.com\/blog\/es\/mobile-world-congress\/#breadcrumb"},"inLanguage":"es","potentialAction":[{"@type":"ReadAction","target":["https:\/\/www.keyinnapartments.com\/blog\/es\/mobile-world-congress\/"]}]},{"@type":"ImageObject","inLanguage":"es","@id":"https:\/\/www.keyinnapartments.com\/blog\/es\/mobile-world-congress\/#primaryimage","url":"https:\/\/www.keyinnapartments.com\/blog\/wp-content\/uploads\/2024\/11\/mobile-world-congress-barcelona.jpg","contentUrl":"https:\/\/www.keyinnapartments.com\/blog\/wp-content\/uploads\/2024\/11\/mobile-world-congress-barcelona.jpg","width":1920,"height":644,"caption":"mobile world congress barcelona"},{"@type":"BreadcrumbList","@id":"https:\/\/www.keyinnapartments.com\/blog\/es\/mobile-world-congress\/#breadcrumb","itemListElement":[{"@type":"ListItem","position":1,"name":"Home","item":"https:\/\/www.keyinnapartments.com\/blog\/es\/"},{"@type":"ListItem","position":2,"name":"Mobile World Congress 2025: todo lo que necesitas saber"}]},{"@type":"WebSite","@id":"https:\/\/www.keyinnapartments.com\/blog\/es\/#website","url":"https:\/\/www.keyinnapartments.com\/blog\/es\/","name":"Key in Apartaments","description":"Key Inn Apartments","publisher":{"@id":"https:\/\/www.keyinnapartments.com\/blog\/es\/#organization"},"potentialAction":[{"@type":"SearchAction","target":{"@type":"EntryPoint","urlTemplate":"https:\/\/www.keyinnapartments.com\/blog\/es\/?s={search_term_string}"},"query-input":{"@type":"PropertyValueSpecification","valueRequired":true,"valueName":"search_term_string"}}],"inLanguage":"es"},{"@type":"Organization","@id":"https:\/\/www.keyinnapartments.com\/blog\/es\/#organization","name":"Key Barcelona","url":"https:\/\/www.keyinnapartments.com\/blog\/es\/","logo":{"@type":"ImageObject","inLanguage":"es","@id":"https:\/\/www.keyinnapartments.com\/blog\/es\/#\/schema\/logo\/image\/","url":"https:\/\/www.keyinnapartments.com\/blog\/wp-content\/uploads\/2024\/04\/logo-11.png","contentUrl":"https:\/\/www.keyinnapartments.com\/blog\/wp-content\/uploads\/2024\/04\/logo-11.png","width":350,"height":442,"caption":"Key Barcelona"},"image":{"@id":"https:\/\/www.keyinnapartments.com\/blog\/es\/#\/schema\/logo\/image\/"},"sameAs":["https:\/\/www.facebook.com\/keyinnapartments\/","https:\/\/www.instagram.com\/keyinnapartments\/","https:\/\/www.linkedin.com\/company\/key-barcelona-apartments\/about\/"]},{"@type":"Person","@id":"https:\/\/www.keyinnapartments.com\/blog\/es\/#\/schema\/person\/ad874b614da9f01dc2ab0054bc6181e3","name":"digitalservices","image":{"@type":"ImageObject","inLanguage":"es","@id":"https:\/\/www.keyinnapartments.com\/blog\/es\/#\/schema\/person\/image\/","url":"https:\/\/secure.gravatar.com\/avatar\/af30f88a1904294c1f3eb09a9d7903eec4ffa18fa2cf40c28a8681014ecdfc20?s=96&d=mm&r=g","contentUrl":"https:\/\/secure.gravatar.com\/avatar\/af30f88a1904294c1f3eb09a9d7903eec4ffa18fa2cf40c28a8681014ecdfc20?s=96&d=mm&r=g","caption":"digitalservices"},"url":"https:\/\/www.keyinnapartments.com\/blog\/es\/author\/digitalservices\/"}]}},"_links":{"self":[{"href":"https:\/\/www.keyinnapartments.com\/blog\/es\/wp-json\/wp\/v2\/posts\/1787","targetHints":{"allow":["GET"]}}],"collection":[{"href":"https:\/\/www.keyinnapartments.com\/blog\/es\/wp-json\/wp\/v2\/posts"}],"about":[{"href":"https:\/\/www.keyinnapartments.com\/blog\/es\/wp-json\/wp\/v2\/types\/post"}],"author":[{"embeddable":true,"href":"https:\/\/www.keyinnapartments.com\/blog\/es\/wp-json\/wp\/v2\/users\/3"}],"replies":[{"embeddable":true,"href":"https:\/\/www.keyinnapartments.com\/blog\/es\/wp-json\/wp\/v2\/comments?post=1787"}],"version-history":[{"count":11,"href":"https:\/\/www.keyinnapartments.com\/blog\/es\/wp-json\/wp\/v2\/posts\/1787\/revisions"}],"predecessor-version":[{"id":2135,"href":"https:\/\/www.keyinnapartments.com\/blog\/es\/wp-json\/wp\/v2\/posts\/1787\/revisions\/2135"}],"wp:featuredmedia":[{"embeddable":true,"href":"https:\/\/www.keyinnapartments.com\/blog\/es\/wp-json\/wp\/v2\/media\/1816"}],"wp:attachment":[{"href":"https:\/\/www.keyinnapartments.com\/blog\/es\/wp-json\/wp\/v2\/media?parent=1787"}],"wp:term":[{"taxonomy":"category","embeddable":true,"href":"https:\/\/www.keyinnapartments.com\/blog\/es\/wp-json\/wp\/v2\/categories?post=1787"},{"taxonomy":"post_tag","embeddable":true,"href":"https:\/\/www.keyinnapartments.com\/blog\/es\/wp-json\/wp\/v2\/tags?post=1787"}],"curies":[{"name":"wp","href":"https:\/\/api.w.org\/{rel}","templated":true}]}}