{"id":3034,"date":"2025-02-17T13:22:05","date_gmt":"2025-02-17T13:22:05","guid":{"rendered":"https:\/\/www.keyinnapartments.com\/blog\/?p=3034"},"modified":"2025-02-25T15:08:38","modified_gmt":"2025-02-25T15:08:38","slug":"sant-jordi-barcelona","status":"publish","type":"post","link":"https:\/\/www.keyinnapartments.com\/blog\/es\/sant-jordi-barcelona\/","title":{"rendered":"Ven a celebrar el D\u00eda de Sant Jordi 2025 en Barcelona"},"content":{"rendered":"\t\t<div data-elementor-type=\"wp-post\" data-elementor-id=\"3034\" class=\"elementor elementor-3034\" data-elementor-post-type=\"post\">\n\t\t\t\t<div class=\"elementor-element elementor-element-24f21aad e-flex e-con-boxed e-con e-parent\" data-id=\"24f21aad\" data-element_type=\"container\">\n\t\t\t\t\t<div class=\"e-con-inner\">\n\t\t\t\t<div class=\"elementor-element elementor-element-608c3e83 elementor-widget elementor-widget-text-editor\" data-id=\"608c3e83\" data-element_type=\"widget\" data-widget_type=\"text-editor.default\">\n\t\t\t\t<div class=\"elementor-widget-container\">\n\t\t\t\t\t\t\t\t\t<p style=\"font-weight: 400\">Abril es un mes especial en Barcelona y el d\u00eda 23 lo es a\u00fan m\u00e1s. \u00bfPor qu\u00e9? Porque se celebra el D\u00eda de Sant Jordi, <strong>una de las festividades m\u00e1s emblem\u00e1ticas y rom\u00e1nticas de Catalu\u00f1a.<\/strong><\/p><p style=\"font-weight: 400\">Este d\u00eda, conocido como el equivalente catal\u00e1n del D\u00eda de San Valent\u00edn, transforma la ciudad en un aut\u00e9ntico festival de libros, rosas y buena vibra. \u00bfQuieres saber c\u00f3mo? Entonces sigue leyendo.<\/p>\t\t\t\t\t\t\t\t<\/div>\n\t\t\t\t<\/div>\n\t\t\t\t\t<\/div>\n\t\t\t\t<\/div>\n\t\t<div class=\"elementor-element elementor-element-72630f1a e-flex e-con-boxed e-con e-parent\" data-id=\"72630f1a\" data-element_type=\"container\">\n\t\t\t\t\t<div class=\"e-con-inner\">\n\t\t\t\t<div class=\"elementor-element elementor-element-4051f77c elementor-widget elementor-widget-table-of-contents\" data-id=\"4051f77c\" data-element_type=\"widget\" data-settings=\"{&quot;headings_by_tags&quot;:[&quot;h2&quot;,&quot;h3&quot;,&quot;h4&quot;],&quot;exclude_headings_by_selector&quot;:[],&quot;marker_view&quot;:&quot;bullets&quot;,&quot;icon&quot;:{&quot;value&quot;:&quot;&quot;,&quot;library&quot;:&quot;&quot;},&quot;no_headings_message&quot;:&quot;No headings were found on this page.&quot;,&quot;hierarchical_view&quot;:&quot;yes&quot;,&quot;min_height&quot;:{&quot;unit&quot;:&quot;px&quot;,&quot;size&quot;:&quot;&quot;,&quot;sizes&quot;:[]},&quot;min_height_tablet&quot;:{&quot;unit&quot;:&quot;px&quot;,&quot;size&quot;:&quot;&quot;,&quot;sizes&quot;:[]},&quot;min_height_mobile&quot;:{&quot;unit&quot;:&quot;px&quot;,&quot;size&quot;:&quot;&quot;,&quot;sizes&quot;:[]}}\" data-widget_type=\"table-of-contents.default\">\n\t\t\t\t<div class=\"elementor-widget-container\">\n\t\t\t\t\t\t\t<div class=\"elementor-toc__header\">\n\t\t\t<div class=\"elementor-toc__header-title\">\n\t\t\t\t\u00cdndice\t\t\t<\/div>\n\t\t\t\t\t<\/div>\n\t\t<div id=\"elementor-toc__4051f77c\" class=\"elementor-toc__body\">\n\t\t\t<div class=\"elementor-toc__spinner-container\">\n\t\t\t\t<svg class=\"elementor-toc__spinner eicon-animation-spin e-font-icon-svg e-eicon-loading\" aria-hidden=\"true\" viewBox=\"0 0 1000 1000\" xmlns=\"http:\/\/www.w3.org\/2000\/svg\"><path d=\"M500 975V858C696 858 858 696 858 500S696 142 500 142 142 304 142 500H25C25 237 238 25 500 25S975 237 975 500 763 975 500 975Z\"><\/path><\/svg>\t\t\t<\/div>\n\t\t<\/div>\n\t\t\t\t\t\t<\/div>\n\t\t\t\t<\/div>\n\t\t\t\t\t<\/div>\n\t\t\t\t<\/div>\n\t\t<div class=\"elementor-element elementor-element-2dfb222b e-flex e-con-boxed e-con e-parent\" data-id=\"2dfb222b\" data-element_type=\"container\">\n\t\t\t\t\t<div class=\"e-con-inner\">\n\t\t\t\t<div class=\"elementor-element elementor-element-604d97b elementor-widget elementor-widget-heading\" data-id=\"604d97b\" data-element_type=\"widget\" data-widget_type=\"heading.default\">\n\t\t\t\t<div class=\"elementor-widget-container\">\n\t\t\t\t\t<h2 class=\"elementor-heading-title elementor-size-default\">\u00bfQu\u00e9 es Sant Jordi y por qu\u00e9 se celebra con tanta alegr\u00eda?<\/h2>\t\t\t\t<\/div>\n\t\t\t\t<\/div>\n\t\t\t\t<div class=\"elementor-element elementor-element-f086f4a elementor-widget elementor-widget-text-editor\" data-id=\"f086f4a\" data-element_type=\"widget\" data-widget_type=\"text-editor.default\">\n\t\t\t\t<div class=\"elementor-widget-container\">\n\t\t\t\t\t\t\t\t\t<p style=\"font-weight: 400\">Sant Jordi es el patr\u00f3n de Catalu\u00f1a y, seg\u00fan el cuento popular, fue quien mat\u00f3 a un temido drag\u00f3n que viv\u00eda en Montblanc y que ten\u00eda atemorizada a toda la poblaci\u00f3n. La tradici\u00f3n cuenta que, justo donde se desplom\u00f3 el drag\u00f3n, naci\u00f3 un rosal enorme de rosas rojas y, desde entonces, <strong>esta flor se convirti\u00f3 en s\u00edmbolo del amor y el hero\u00edsmo<\/strong>, siendo t\u00edpico que se haga este obsequio el 23 de abril.<\/p><p style=\"font-weight: 400\">Otras teor\u00edas dicen que <strong>se quer\u00eda elegir un d\u00eda conmemorativo para el libro<\/strong>, y entonces el escritor Vicente Clavel propuso, all\u00e1 por los a\u00f1os 1930, que la fecha para celebrarlo fuese el 23 de abril, ya que ese mismo d\u00eda, en 1616, <strong>coincidieron la muerte de dos de los escritores m\u00e1s grandes de la historia: Cervantes y Shakespeare.<\/strong><\/p><p style=\"font-weight: 400\">Por este motivo, el <a href=\"https:\/\/www.keyinnapartments.com\/blog\/es\/centro-barcelona\/\">centro de Barcelona<\/a> se llena de puestos de libros y flores en las calles y augura una semana de actividades culturales y ferias literarias con firmas y muchos encuentros. As\u00ed que, si est\u00e1s planeando visitar Barcelona durante estas fechas, prep\u00e1rate para disfrutar de una de las celebraciones m\u00e1s ic\u00f3nicas del pa\u00eds y para regalarle una rosa o un libro a tu pareja, amigos, familiares e incluso a alg\u00fan compa\u00f1ero de trabajo.<\/p>\t\t\t\t\t\t\t\t<\/div>\n\t\t\t\t<\/div>\n\t\t\t\t\t<\/div>\n\t\t\t\t<\/div>\n\t\t<div class=\"elementor-element elementor-element-2ed9cbc e-flex e-con-boxed e-con e-parent\" data-id=\"2ed9cbc\" data-element_type=\"container\">\n\t\t\t\t\t<div class=\"e-con-inner\">\n\t\t\t\t<div class=\"elementor-element elementor-element-38836ea elementor-widget elementor-widget-image\" data-id=\"38836ea\" data-element_type=\"widget\" data-widget_type=\"image.default\">\n\t\t\t\t<div class=\"elementor-widget-container\">\n\t\t\t\t\t\t\t\t\t\t\t\t\t\t\t<img fetchpriority=\"high\" decoding=\"async\" width=\"1200\" height=\"600\" src=\"https:\/\/www.keyinnapartments.com\/blog\/wp-content\/uploads\/2025\/02\/sant-jordi-barcelona-abril.jpg\" class=\"attachment-full size-full wp-image-3172\" alt=\"sant-jordi-barcelona-abril\" srcset=\"https:\/\/www.keyinnapartments.com\/blog\/wp-content\/uploads\/2025\/02\/sant-jordi-barcelona-abril.jpg 1200w, https:\/\/www.keyinnapartments.com\/blog\/wp-content\/uploads\/2025\/02\/sant-jordi-barcelona-abril-300x150.jpg 300w, https:\/\/www.keyinnapartments.com\/blog\/wp-content\/uploads\/2025\/02\/sant-jordi-barcelona-abril-1024x512.jpg 1024w, https:\/\/www.keyinnapartments.com\/blog\/wp-content\/uploads\/2025\/02\/sant-jordi-barcelona-abril-768x384.jpg 768w\" sizes=\"(max-width: 1200px) 100vw, 1200px\" \/>\t\t\t\t\t\t\t\t\t\t\t\t\t\t\t<\/div>\n\t\t\t\t<\/div>\n\t\t\t\t\t<\/div>\n\t\t\t\t<\/div>\n\t\t<div class=\"elementor-element elementor-element-8785893 e-flex e-con-boxed e-con e-parent\" data-id=\"8785893\" data-element_type=\"container\">\n\t\t\t\t\t<div class=\"e-con-inner\">\n\t\t\t\t<div class=\"elementor-element elementor-element-fee6ba8 elementor-widget elementor-widget-heading\" data-id=\"fee6ba8\" data-element_type=\"widget\" data-widget_type=\"heading.default\">\n\t\t\t\t<div class=\"elementor-widget-container\">\n\t\t\t\t\t<h2 class=\"elementor-heading-title elementor-size-default\">Actividades de todo tipo para celebrar Sant Jordi 2025 en Barcelona<\/h2>\t\t\t\t<\/div>\n\t\t\t\t<\/div>\n\t\t\t\t<div class=\"elementor-element elementor-element-d39f628 elementor-widget elementor-widget-text-editor\" data-id=\"d39f628\" data-element_type=\"widget\" data-widget_type=\"text-editor.default\">\n\t\t\t\t<div class=\"elementor-widget-container\">\n\t\t\t\t\t\t\t\t\t<p style=\"font-weight: 400\">El D\u00eda de Sant Jordi consigue revolucionar toda la ciudad y convertirla en una enorme librer\u00eda y florister\u00eda al aire libre. Las Ramblas, el Paseo de Gr\u00e0cia y otros puntos clave de la ciudad se llenan de puestos, pero tambi\u00e9n de un mont\u00f3n de actividades para los amantes de la lectura. Mira:<\/p>\t\t\t\t\t\t\t\t<\/div>\n\t\t\t\t<\/div>\n\t\t<div class=\"elementor-element elementor-element-67d81ba e-con-full e-flex e-con e-child\" data-id=\"67d81ba\" data-element_type=\"container\">\n\t\t\t\t<div class=\"elementor-element elementor-element-354b1aa8 elementor-widget elementor-widget-heading\" data-id=\"354b1aa8\" data-element_type=\"widget\" data-widget_type=\"heading.default\">\n\t\t\t\t<div class=\"elementor-widget-container\">\n\t\t\t\t\t<h3 class=\"elementor-heading-title elementor-size-default\">Acude a las firmas de libros de todo tipo de autores<\/h3>\t\t\t\t<\/div>\n\t\t\t\t<\/div>\n\t\t\t\t<div class=\"elementor-element elementor-element-25fb29c5 elementor-widget elementor-widget-text-editor\" data-id=\"25fb29c5\" data-element_type=\"widget\" data-widget_type=\"text-editor.default\">\n\t\t\t\t<div class=\"elementor-widget-container\">\n\t\t\t\t\t\t\t\t\t<p style=\"font-weight: 400;\">Uno de los momentos m\u00e1s esperados es la <strong>firma de libros de Sant Jordi 2025<\/strong> en Barcelona. <strong>Es la oportunidad de conocer a tus escritores favoritos<\/strong>, ya que las editoriales y librer\u00edas suelen organizar firmas en varios puntos de la ciudad, donde autores de renombre \u2014y tambi\u00e9n emergentes\u2014 tienen su puesto. As\u00ed te llevar\u00e1s tu libro dedicado y, quiz\u00e1, tambi\u00e9n un buen recuerdo de la conversaci\u00f3n con tu escritor preferido. Entre los lugares m\u00e1s concurridos est\u00e1n el Paseo de Gr\u00e0cia y la Plaza de Catalunya; para no perderte ninguna de las firmas que acogen estos lugares, ve echando un ojo a las agendas de librer\u00edas como la Casa del Libro o FNAC. En 2024 acudieron personas de la talla de Eduardo Mendoza, Alicia Kellen, el tr\u00edo fant\u00e1stico de Carmen Mola o la disruptiva Henar \u00c1lvarez.<\/p>\t\t\t\t\t\t\t\t<\/div>\n\t\t\t\t<\/div>\n\t\t\t\t<\/div>\n\t\t\t\t\t<\/div>\n\t\t\t\t<\/div>\n\t\t<div class=\"elementor-element elementor-element-b85f10f e-flex e-con-boxed e-con e-parent\" data-id=\"b85f10f\" data-element_type=\"container\">\n\t\t\t\t\t<div class=\"e-con-inner\">\n\t\t<div class=\"elementor-element elementor-element-e5ae4b6 e-con-full e-flex e-con e-child\" data-id=\"e5ae4b6\" data-element_type=\"container\">\n\t\t\t\t<div class=\"elementor-element elementor-element-25cac92 elementor-widget elementor-widget-heading\" data-id=\"25cac92\" data-element_type=\"widget\" data-widget_type=\"heading.default\">\n\t\t\t\t<div class=\"elementor-widget-container\">\n\t\t\t\t\t<h3 class=\"elementor-heading-title elementor-size-default\">Hazte alguna ruta literaria<\/h3>\t\t\t\t<\/div>\n\t\t\t\t<\/div>\n\t\t\t\t<div class=\"elementor-element elementor-element-42859c5 elementor-widget elementor-widget-text-editor\" data-id=\"42859c5\" data-element_type=\"widget\" data-widget_type=\"text-editor.default\">\n\t\t\t\t<div class=\"elementor-widget-container\">\n\t\t\t\t\t\t\t\t\t<p style=\"font-weight: 400;\">Ap\u00fantate a alguna de las <a href=\"https:\/\/ajuntament.barcelona.cat\/centrescivics\/es\/activitat\/9-rutas-literarias-para-el-mes-de-abril-y-una-propina\">rutas literarias que se organizan durante Sant Jordi<\/a>. Son recorridos perfectos para explorar Barcelona desde una perspectiva literaria y recorrer los escenarios que inspiraron novelas como \u00abLa Sombra del Viento\u00bb de Carlos Ruiz Zaf\u00f3n o los rincones favoritos de autores cl\u00e1sicos como Merc\u00e8 Rodoreda.<\/p>\t\t\t\t\t\t\t\t<\/div>\n\t\t\t\t<\/div>\n\t\t\t\t<\/div>\n\t\t<div class=\"elementor-element elementor-element-3b411c2 e-con-full e-flex e-con e-child\" data-id=\"3b411c2\" data-element_type=\"container\">\n\t\t\t\t<div class=\"elementor-element elementor-element-a9edcba elementor-widget elementor-widget-heading\" data-id=\"a9edcba\" data-element_type=\"widget\" data-widget_type=\"heading.default\">\n\t\t\t\t<div class=\"elementor-widget-container\">\n\t\t\t\t\t<h3 class=\"elementor-heading-title elementor-size-default\">Disfruta de muchas m\u00e1s actividades<\/h3>\t\t\t\t<\/div>\n\t\t\t\t<\/div>\n\t\t\t\t<div class=\"elementor-element elementor-element-014a9d5 elementor-widget elementor-widget-text-editor\" data-id=\"014a9d5\" data-element_type=\"widget\" data-widget_type=\"text-editor.default\">\n\t\t\t\t<div class=\"elementor-widget-container\">\n\t\t\t\t\t\t\t\t\t<p style=\"font-weight: 400;\">El ambiente festivo de Sant Jordi se complementa con m\u00fasica en vivo, actividades infantiles y talleres. Muchas plazas y parques organizan conciertos de m\u00fasica tradicional catalana, actuaciones de <em>castellers<\/em>(torres humanas) y talleres de manualidades para los m\u00e1s peque\u00f1os.<\/p>\t\t\t\t\t\t\t\t<\/div>\n\t\t\t\t<\/div>\n\t\t\t\t<\/div>\n\t\t\t\t\t<\/div>\n\t\t\t\t<\/div>\n\t\t<div class=\"elementor-element elementor-element-0f45dcb e-flex e-con-boxed e-con e-parent\" data-id=\"0f45dcb\" data-element_type=\"container\">\n\t\t\t\t\t<div class=\"e-con-inner\">\n\t\t\t\t<div class=\"elementor-element elementor-element-7e7f785 elementor-widget elementor-widget-image\" data-id=\"7e7f785\" data-element_type=\"widget\" data-widget_type=\"image.default\">\n\t\t\t\t<div class=\"elementor-widget-container\">\n\t\t\t\t\t\t\t\t\t\t\t\t\t\t\t<img decoding=\"async\" width=\"1254\" height=\"627\" src=\"https:\/\/www.keyinnapartments.com\/blog\/wp-content\/uploads\/2025\/02\/sant-jordi-barcelona.jpg\" class=\"attachment-full size-full wp-image-3157\" alt=\"sant-jordi-barcelona\" srcset=\"https:\/\/www.keyinnapartments.com\/blog\/wp-content\/uploads\/2025\/02\/sant-jordi-barcelona.jpg 1254w, https:\/\/www.keyinnapartments.com\/blog\/wp-content\/uploads\/2025\/02\/sant-jordi-barcelona-300x150.jpg 300w, https:\/\/www.keyinnapartments.com\/blog\/wp-content\/uploads\/2025\/02\/sant-jordi-barcelona-1024x512.jpg 1024w, https:\/\/www.keyinnapartments.com\/blog\/wp-content\/uploads\/2025\/02\/sant-jordi-barcelona-768x384.jpg 768w\" sizes=\"(max-width: 1254px) 100vw, 1254px\" \/>\t\t\t\t\t\t\t\t\t\t\t\t\t\t\t<\/div>\n\t\t\t\t<\/div>\n\t\t\t\t\t<\/div>\n\t\t\t\t<\/div>\n\t\t<div class=\"elementor-element elementor-element-60f9a4b e-flex e-con-boxed e-con e-parent\" data-id=\"60f9a4b\" data-element_type=\"container\">\n\t\t\t\t\t<div class=\"e-con-inner\">\n\t\t\t\t<div class=\"elementor-element elementor-element-b076933 elementor-widget elementor-widget-heading\" data-id=\"b076933\" data-element_type=\"widget\" data-widget_type=\"heading.default\">\n\t\t\t\t<div class=\"elementor-widget-container\">\n\t\t\t\t\t<h2 class=\"elementor-heading-title elementor-size-default\">Qu\u00e9 comprar y qu\u00e9 regalar en Sant Jordi<\/h2>\t\t\t\t<\/div>\n\t\t\t\t<\/div>\n\t\t\t\t<div class=\"elementor-element elementor-element-2504ba3 elementor-widget elementor-widget-text-editor\" data-id=\"2504ba3\" data-element_type=\"widget\" data-widget_type=\"text-editor.default\">\n\t\t\t\t<div class=\"elementor-widget-container\">\n\t\t\t\t\t\t\t\t\t<p style=\"font-weight: 400\">La tradici\u00f3n de Sant Jordi lo deja bien claro, \u00bfno? <strong>Solo hay dos regalos posibles: el libro y la rosa.<\/strong><\/p><p style=\"font-weight: 400\">Puedes encontrar rosas de colores, hechas de papel o incluso de chocolate. Y, vale, elegir la rosa perfecta es una tarea bastante f\u00e1cil, pero\u2026 escoger un libro entre los miles y millones que llenan Barcelona este d\u00eda, no tanto.<\/p><p style=\"font-weight: 400\">Para los rom\u00e1nticos, una novela de Federico Moccia o Jojo Moyes siempre es un acierto. Si prefieres algo m\u00e1s local, opta por obras de autores catalanes como Jaume Cabr\u00e9 o Maria Barbal. Y si quieres acertar con el regalo y hacer sentir muy especial a la otra persona en Sant Jordi 2025 en Barcelona, vas a poder encontrar libros de edici\u00f3n limitada especialmente dise\u00f1ados para este d\u00eda.<\/p><p style=\"font-weight: 400\">Y espera, porque adem\u00e1s de <em>llibres<\/em> y <em>roses<\/em>, en Sant Jordi en Barcelona <strong>tambi\u00e9n puedes regalar peque\u00f1os detalles relacionados con la literatura, como marcap\u00e1ginas hechos a mano, velas con aroma a libros antiguos o cuadernos.<\/strong><\/p>\t\t\t\t\t\t\t\t<\/div>\n\t\t\t\t<\/div>\n\t\t\t\t\t<\/div>\n\t\t\t\t<\/div>\n\t\t<div class=\"elementor-element elementor-element-6b62eabf e-flex e-con-boxed e-con e-parent\" data-id=\"6b62eabf\" data-element_type=\"container\">\n\t\t\t\t\t<div class=\"e-con-inner\">\n\t\t\t\t<div class=\"elementor-element elementor-element-100dd102 elementor-widget elementor-widget-heading\" data-id=\"100dd102\" data-element_type=\"widget\" data-widget_type=\"heading.default\">\n\t\t\t\t<div class=\"elementor-widget-container\">\n\t\t\t\t\t<h2 class=\"elementor-heading-title elementor-size-default\">Vive Sant Jordi 2025 en Barcelona, no te defraudar\u00e1<\/h2>\t\t\t\t<\/div>\n\t\t\t\t<\/div>\n\t\t\t\t<div class=\"elementor-element elementor-element-61c27c82 elementor-widget elementor-widget-text-editor\" data-id=\"61c27c82\" data-element_type=\"widget\" data-widget_type=\"text-editor.default\">\n\t\t\t\t<div class=\"elementor-widget-container\">\n\t\t\t\t\t\t\t\t\t<p style=\"font-weight: 400\">Sant Jordi es mucho m\u00e1s que una fiesta local; es una celebraci\u00f3n que <strong>encapsula lo mejor de Barcelona: su amor por la cultura, sus tradiciones y su capacidad para llenar las calles de vida, color, rosas y libros.<\/strong><\/p><p style=\"font-weight: 400\">Si tienes la suerte de estar en Barcelona en esta fecha, no dudes en sumarte y recorrer las calles llenas de puestos, comprar ese libro especial, elegir una rosa para alguien querido y disfrutar del ambientazo de la ciudad.<\/p><p style=\"font-weight: 400\">\u00a1No te pierdas el D\u00eda de Sant Jordi en Barcelona! Te aseguramos que ser\u00e1 una experiencia que te har\u00e1 enamorarte a\u00fan m\u00e1s de la ciudad. <strong>Y para que sea a\u00fan mejor, te invitamos a echarle un ojo a los alojamientos que tenemos en <a href=\"https:\/\/www.keyinnapartments.com\/\">Key Barcelona<\/a>.<\/strong> Hay tantos y tan bien ubicados que te permitir\u00e1n vivir Sant Jordi 2025 desde primera l\u00ednea de fuego.<\/p>\t\t\t\t\t\t\t\t<\/div>\n\t\t\t\t<\/div>\n\t\t\t\t\t<\/div>\n\t\t\t\t<\/div>\n\t\t<div class=\"elementor-element elementor-element-6f491645 e-flex e-con-boxed e-con e-parent\" data-id=\"6f491645\" data-element_type=\"container\">\n\t\t\t\t\t<div class=\"e-con-inner\">\n\t\t<div class=\"elementor-element elementor-element-6be9b814 e-con-full e-flex e-con e-child\" data-id=\"6be9b814\" data-element_type=\"container\" data-settings=\"{&quot;background_background&quot;:&quot;classic&quot;}\">\n\t\t\t\t<div class=\"elementor-element elementor-element-1833862c elementor-align-center elementor-widget elementor-widget-button\" data-id=\"1833862c\" data-element_type=\"widget\" data-widget_type=\"button.default\">\n\t\t\t\t<div class=\"elementor-widget-container\">\n\t\t\t\t\t\t\t\t\t<div class=\"elementor-button-wrapper\">\n\t\t\t\t\t<a class=\"elementor-button elementor-button-link elementor-size-sm\" href=\"https:\/\/www.keyinnapartments.com\/es\/alquiler-vacacional-barcelona\/\">\n\t\t\t\t\t\t<span class=\"elementor-button-content-wrapper\">\n\t\t\t\t\t\t\t\t\t<span class=\"elementor-button-text\">Alojamientos<\/span>\n\t\t\t\t\t<\/span>\n\t\t\t\t\t<\/a>\n\t\t\t\t<\/div>\n\t\t\t\t\t\t\t\t<\/div>\n\t\t\t\t<\/div>\n\t\t\t\t<\/div>\n\t\t<div class=\"elementor-element elementor-element-354004fc e-con-full e-flex e-con e-child\" data-id=\"354004fc\" data-element_type=\"container\" data-settings=\"{&quot;background_background&quot;:&quot;classic&quot;}\">\n\t\t\t\t<div class=\"elementor-element elementor-element-4d48d8b3 elementor-align-center elementor-widget elementor-widget-button\" data-id=\"4d48d8b3\" data-element_type=\"widget\" data-widget_type=\"button.default\">\n\t\t\t\t<div class=\"elementor-widget-container\">\n\t\t\t\t\t\t\t\t\t<div class=\"elementor-button-wrapper\">\n\t\t\t\t\t<a class=\"elementor-button elementor-button-link elementor-size-sm\" href=\"https:\/\/www.keyinnapartments.com\/es\/apartamentos-turisticos-barcelona\/\">\n\t\t\t\t\t\t<span class=\"elementor-button-content-wrapper\">\n\t\t\t\t\t\t\t\t\t<span class=\"elementor-button-text\">Apartamentos<\/span>\n\t\t\t\t\t<\/span>\n\t\t\t\t\t<\/a>\n\t\t\t\t<\/div>\n\t\t\t\t\t\t\t\t<\/div>\n\t\t\t\t<\/div>\n\t\t\t\t<\/div>\n\t\t\t\t\t<\/div>\n\t\t\t\t<\/div>\n\t\t\t\t<\/div>\n\t\t","protected":false},"excerpt":{"rendered":"<p>Abril es un mes especial en Barcelona y el d\u00eda 23 lo es a\u00fan m\u00e1s. \u00bfPor qu\u00e9? Porque se celebra el D\u00eda de Sant Jordi, una de las festividades m\u00e1s emblem\u00e1ticas y rom\u00e1nticas de Catalu\u00f1a. Este d\u00eda, conocido como el equivalente catal\u00e1n del D\u00eda de San Valent\u00edn, transforma la ciudad en un aut\u00e9ntico festival de [&hellip;]<\/p>\n","protected":false},"author":3,"featured_media":3169,"comment_status":"open","ping_status":"open","sticky":false,"template":"","format":"standard","meta":{"footnotes":""},"categories":[29],"tags":[],"class_list":["post-3034","post","type-post","status-publish","format-standard","has-post-thumbnail","hentry","category-eventos"],"yoast_head":"<!-- This site is optimized with the Yoast SEO plugin v25.3.1 - https:\/\/yoast.com\/wordpress\/plugins\/seo\/ -->\n<title>D\u00eda de Sant Jordi 2025 en Barcelona<\/title>\n<meta name=\"description\" content=\"Ven a descubrir y a celebrar el D\u00eda de Sant Jordi 2025 a Barcelona, una tradici\u00f3n antiqu\u00edsima que va de regalar rosas y libros a tus seres m\u00e1s queridos.\" \/>\n<meta name=\"robots\" content=\"index, follow, max-snippet:-1, max-image-preview:large, max-video-preview:-1\" \/>\n<link rel=\"canonical\" href=\"https:\/\/www.keyinnapartments.com\/blog\/es\/sant-jordi-barcelona\/\" \/>\n<meta property=\"og:locale\" content=\"es_ES\" \/>\n<meta property=\"og:type\" content=\"article\" \/>\n<meta property=\"og:title\" content=\"D\u00eda de Sant Jordi 2025 en Barcelona\" \/>\n<meta property=\"og:description\" content=\"Ven a descubrir y a celebrar el D\u00eda de Sant Jordi 2025 a Barcelona, una tradici\u00f3n antiqu\u00edsima que va de regalar rosas y libros a tus seres m\u00e1s queridos.\" \/>\n<meta property=\"og:url\" content=\"https:\/\/www.keyinnapartments.com\/blog\/es\/sant-jordi-barcelona\/\" \/>\n<meta property=\"og:site_name\" content=\"Blog de viaje Barcelona\" \/>\n<meta property=\"article:publisher\" content=\"https:\/\/www.facebook.com\/keyinnapartments\/\" \/>\n<meta property=\"article:published_time\" content=\"2025-02-17T13:22:05+00:00\" \/>\n<meta property=\"article:modified_time\" content=\"2025-02-25T15:08:38+00:00\" \/>\n<meta property=\"og:image\" content=\"https:\/\/www.keyinnapartments.com\/blog\/wp-content\/uploads\/2025\/02\/saint-jordi-barcelona.jpg\" \/>\n\t<meta property=\"og:image:width\" content=\"2121\" \/>\n\t<meta property=\"og:image:height\" content=\"732\" \/>\n\t<meta property=\"og:image:type\" content=\"image\/jpeg\" \/>\n<meta name=\"author\" content=\"digitalservices\" \/>\n<meta name=\"twitter:card\" content=\"summary_large_image\" \/>\n<meta name=\"twitter:label1\" content=\"Written by\" \/>\n\t<meta name=\"twitter:data1\" content=\"digitalservices\" \/>\n\t<meta name=\"twitter:label2\" content=\"Est. reading time\" \/>\n\t<meta name=\"twitter:data2\" content=\"5 minutes\" \/>\n<script type=\"application\/ld+json\" class=\"yoast-schema-graph\">{\"@context\":\"https:\/\/schema.org\",\"@graph\":[{\"@type\":\"Article\",\"@id\":\"https:\/\/www.keyinnapartments.com\/blog\/es\/sant-jordi-barcelona\/#article\",\"isPartOf\":{\"@id\":\"https:\/\/www.keyinnapartments.com\/blog\/es\/sant-jordi-barcelona\/\"},\"author\":{\"name\":\"digitalservices\",\"@id\":\"https:\/\/www.keyinnapartments.com\/blog\/es\/#\/schema\/person\/ad874b614da9f01dc2ab0054bc6181e3\"},\"headline\":\"Ven a celebrar el D\u00eda de Sant Jordi 2025 en Barcelona\",\"datePublished\":\"2025-02-17T13:22:05+00:00\",\"dateModified\":\"2025-02-25T15:08:38+00:00\",\"mainEntityOfPage\":{\"@id\":\"https:\/\/www.keyinnapartments.com\/blog\/es\/sant-jordi-barcelona\/\"},\"wordCount\":997,\"commentCount\":0,\"publisher\":{\"@id\":\"https:\/\/www.keyinnapartments.com\/blog\/es\/#organization\"},\"image\":{\"@id\":\"https:\/\/www.keyinnapartments.com\/blog\/es\/sant-jordi-barcelona\/#primaryimage\"},\"thumbnailUrl\":\"https:\/\/www.keyinnapartments.com\/blog\/wp-content\/uploads\/2025\/02\/saint-jordi-barcelona.jpg\",\"articleSection\":[\"Eventos\"],\"inLanguage\":\"es\",\"potentialAction\":[{\"@type\":\"CommentAction\",\"name\":\"Comment\",\"target\":[\"https:\/\/www.keyinnapartments.com\/blog\/es\/sant-jordi-barcelona\/#respond\"]}]},{\"@type\":\"WebPage\",\"@id\":\"https:\/\/www.keyinnapartments.com\/blog\/es\/sant-jordi-barcelona\/\",\"url\":\"https:\/\/www.keyinnapartments.com\/blog\/es\/sant-jordi-barcelona\/\",\"name\":\"D\u00eda de Sant Jordi 2025 en Barcelona\",\"isPartOf\":{\"@id\":\"https:\/\/www.keyinnapartments.com\/blog\/es\/#website\"},\"primaryImageOfPage\":{\"@id\":\"https:\/\/www.keyinnapartments.com\/blog\/es\/sant-jordi-barcelona\/#primaryimage\"},\"image\":{\"@id\":\"https:\/\/www.keyinnapartments.com\/blog\/es\/sant-jordi-barcelona\/#primaryimage\"},\"thumbnailUrl\":\"https:\/\/www.keyinnapartments.com\/blog\/wp-content\/uploads\/2025\/02\/saint-jordi-barcelona.jpg\",\"datePublished\":\"2025-02-17T13:22:05+00:00\",\"dateModified\":\"2025-02-25T15:08:38+00:00\",\"description\":\"Ven a descubrir y a celebrar el D\u00eda de Sant Jordi 2025 a Barcelona, una tradici\u00f3n antiqu\u00edsima que va de regalar rosas y libros a tus seres m\u00e1s queridos.\",\"breadcrumb\":{\"@id\":\"https:\/\/www.keyinnapartments.com\/blog\/es\/sant-jordi-barcelona\/#breadcrumb\"},\"inLanguage\":\"es\",\"potentialAction\":[{\"@type\":\"ReadAction\",\"target\":[\"https:\/\/www.keyinnapartments.com\/blog\/es\/sant-jordi-barcelona\/\"]}]},{\"@type\":\"ImageObject\",\"inLanguage\":\"es\",\"@id\":\"https:\/\/www.keyinnapartments.com\/blog\/es\/sant-jordi-barcelona\/#primaryimage\",\"url\":\"https:\/\/www.keyinnapartments.com\/blog\/wp-content\/uploads\/2025\/02\/saint-jordi-barcelona.jpg\",\"contentUrl\":\"https:\/\/www.keyinnapartments.com\/blog\/wp-content\/uploads\/2025\/02\/saint-jordi-barcelona.jpg\",\"width\":2121,\"height\":732,\"caption\":\"saint-jordi-barcelona\"},{\"@type\":\"BreadcrumbList\",\"@id\":\"https:\/\/www.keyinnapartments.com\/blog\/es\/sant-jordi-barcelona\/#breadcrumb\",\"itemListElement\":[{\"@type\":\"ListItem\",\"position\":1,\"name\":\"Home\",\"item\":\"https:\/\/www.keyinnapartments.com\/blog\/es\/\"},{\"@type\":\"ListItem\",\"position\":2,\"name\":\"Ven a celebrar el D\u00eda de Sant Jordi 2025 en Barcelona\"}]},{\"@type\":\"WebSite\",\"@id\":\"https:\/\/www.keyinnapartments.com\/blog\/es\/#website\",\"url\":\"https:\/\/www.keyinnapartments.com\/blog\/es\/\",\"name\":\"Key in Apartaments\",\"description\":\"Key Inn Apartments\",\"publisher\":{\"@id\":\"https:\/\/www.keyinnapartments.com\/blog\/es\/#organization\"},\"potentialAction\":[{\"@type\":\"SearchAction\",\"target\":{\"@type\":\"EntryPoint\",\"urlTemplate\":\"https:\/\/www.keyinnapartments.com\/blog\/es\/?s={search_term_string}\"},\"query-input\":{\"@type\":\"PropertyValueSpecification\",\"valueRequired\":true,\"valueName\":\"search_term_string\"}}],\"inLanguage\":\"es\"},{\"@type\":\"Organization\",\"@id\":\"https:\/\/www.keyinnapartments.com\/blog\/es\/#organization\",\"name\":\"Key Barcelona\",\"url\":\"https:\/\/www.keyinnapartments.com\/blog\/es\/\",\"logo\":{\"@type\":\"ImageObject\",\"inLanguage\":\"es\",\"@id\":\"https:\/\/www.keyinnapartments.com\/blog\/es\/#\/schema\/logo\/image\/\",\"url\":\"https:\/\/www.keyinnapartments.com\/blog\/wp-content\/uploads\/2024\/04\/logo-11.png\",\"contentUrl\":\"https:\/\/www.keyinnapartments.com\/blog\/wp-content\/uploads\/2024\/04\/logo-11.png\",\"width\":350,\"height\":442,\"caption\":\"Key Barcelona\"},\"image\":{\"@id\":\"https:\/\/www.keyinnapartments.com\/blog\/es\/#\/schema\/logo\/image\/\"},\"sameAs\":[\"https:\/\/www.facebook.com\/keyinnapartments\/\",\"https:\/\/www.instagram.com\/keyinnapartments\/\",\"https:\/\/www.linkedin.com\/company\/key-barcelona-apartments\/about\/\"]},{\"@type\":\"Person\",\"@id\":\"https:\/\/www.keyinnapartments.com\/blog\/es\/#\/schema\/person\/ad874b614da9f01dc2ab0054bc6181e3\",\"name\":\"digitalservices\",\"image\":{\"@type\":\"ImageObject\",\"inLanguage\":\"es\",\"@id\":\"https:\/\/www.keyinnapartments.com\/blog\/es\/#\/schema\/person\/image\/\",\"url\":\"https:\/\/secure.gravatar.com\/avatar\/af30f88a1904294c1f3eb09a9d7903eec4ffa18fa2cf40c28a8681014ecdfc20?s=96&d=mm&r=g\",\"contentUrl\":\"https:\/\/secure.gravatar.com\/avatar\/af30f88a1904294c1f3eb09a9d7903eec4ffa18fa2cf40c28a8681014ecdfc20?s=96&d=mm&r=g\",\"caption\":\"digitalservices\"},\"url\":\"https:\/\/www.keyinnapartments.com\/blog\/es\/author\/digitalservices\/\"}]}<\/script>\n<!-- \/ Yoast SEO plugin. -->","yoast_head_json":{"title":"D\u00eda de Sant Jordi 2025 en Barcelona","description":"Ven a descubrir y a celebrar el D\u00eda de Sant Jordi 2025 a Barcelona, una tradici\u00f3n antiqu\u00edsima que va de regalar rosas y libros a tus seres m\u00e1s queridos.","robots":{"index":"index","follow":"follow","max-snippet":"max-snippet:-1","max-image-preview":"max-image-preview:large","max-video-preview":"max-video-preview:-1"},"canonical":"https:\/\/www.keyinnapartments.com\/blog\/es\/sant-jordi-barcelona\/","og_locale":"es_ES","og_type":"article","og_title":"D\u00eda de Sant Jordi 2025 en Barcelona","og_description":"Ven a descubrir y a celebrar el D\u00eda de Sant Jordi 2025 a Barcelona, una tradici\u00f3n antiqu\u00edsima que va de regalar rosas y libros a tus seres m\u00e1s queridos.","og_url":"https:\/\/www.keyinnapartments.com\/blog\/es\/sant-jordi-barcelona\/","og_site_name":"Blog de viaje Barcelona","article_publisher":"https:\/\/www.facebook.com\/keyinnapartments\/","article_published_time":"2025-02-17T13:22:05+00:00","article_modified_time":"2025-02-25T15:08:38+00:00","og_image":[{"width":2121,"height":732,"url":"https:\/\/www.keyinnapartments.com\/blog\/wp-content\/uploads\/2025\/02\/saint-jordi-barcelona.jpg","type":"image\/jpeg"}],"author":"digitalservices","twitter_card":"summary_large_image","twitter_misc":{"Written by":"digitalservices","Est. reading time":"5 minutes"},"schema":{"@context":"https:\/\/schema.org","@graph":[{"@type":"Article","@id":"https:\/\/www.keyinnapartments.com\/blog\/es\/sant-jordi-barcelona\/#article","isPartOf":{"@id":"https:\/\/www.keyinnapartments.com\/blog\/es\/sant-jordi-barcelona\/"},"author":{"name":"digitalservices","@id":"https:\/\/www.keyinnapartments.com\/blog\/es\/#\/schema\/person\/ad874b614da9f01dc2ab0054bc6181e3"},"headline":"Ven a celebrar el D\u00eda de Sant Jordi 2025 en Barcelona","datePublished":"2025-02-17T13:22:05+00:00","dateModified":"2025-02-25T15:08:38+00:00","mainEntityOfPage":{"@id":"https:\/\/www.keyinnapartments.com\/blog\/es\/sant-jordi-barcelona\/"},"wordCount":997,"commentCount":0,"publisher":{"@id":"https:\/\/www.keyinnapartments.com\/blog\/es\/#organization"},"image":{"@id":"https:\/\/www.keyinnapartments.com\/blog\/es\/sant-jordi-barcelona\/#primaryimage"},"thumbnailUrl":"https:\/\/www.keyinnapartments.com\/blog\/wp-content\/uploads\/2025\/02\/saint-jordi-barcelona.jpg","articleSection":["Eventos"],"inLanguage":"es","potentialAction":[{"@type":"CommentAction","name":"Comment","target":["https:\/\/www.keyinnapartments.com\/blog\/es\/sant-jordi-barcelona\/#respond"]}]},{"@type":"WebPage","@id":"https:\/\/www.keyinnapartments.com\/blog\/es\/sant-jordi-barcelona\/","url":"https:\/\/www.keyinnapartments.com\/blog\/es\/sant-jordi-barcelona\/","name":"D\u00eda de Sant Jordi 2025 en Barcelona","isPartOf":{"@id":"https:\/\/www.keyinnapartments.com\/blog\/es\/#website"},"primaryImageOfPage":{"@id":"https:\/\/www.keyinnapartments.com\/blog\/es\/sant-jordi-barcelona\/#primaryimage"},"image":{"@id":"https:\/\/www.keyinnapartments.com\/blog\/es\/sant-jordi-barcelona\/#primaryimage"},"thumbnailUrl":"https:\/\/www.keyinnapartments.com\/blog\/wp-content\/uploads\/2025\/02\/saint-jordi-barcelona.jpg","datePublished":"2025-02-17T13:22:05+00:00","dateModified":"2025-02-25T15:08:38+00:00","description":"Ven a descubrir y a celebrar el D\u00eda de Sant Jordi 2025 a Barcelona, una tradici\u00f3n antiqu\u00edsima que va de regalar rosas y libros a tus seres m\u00e1s queridos.","breadcrumb":{"@id":"https:\/\/www.keyinnapartments.com\/blog\/es\/sant-jordi-barcelona\/#breadcrumb"},"inLanguage":"es","potentialAction":[{"@type":"ReadAction","target":["https:\/\/www.keyinnapartments.com\/blog\/es\/sant-jordi-barcelona\/"]}]},{"@type":"ImageObject","inLanguage":"es","@id":"https:\/\/www.keyinnapartments.com\/blog\/es\/sant-jordi-barcelona\/#primaryimage","url":"https:\/\/www.keyinnapartments.com\/blog\/wp-content\/uploads\/2025\/02\/saint-jordi-barcelona.jpg","contentUrl":"https:\/\/www.keyinnapartments.com\/blog\/wp-content\/uploads\/2025\/02\/saint-jordi-barcelona.jpg","width":2121,"height":732,"caption":"saint-jordi-barcelona"},{"@type":"BreadcrumbList","@id":"https:\/\/www.keyinnapartments.com\/blog\/es\/sant-jordi-barcelona\/#breadcrumb","itemListElement":[{"@type":"ListItem","position":1,"name":"Home","item":"https:\/\/www.keyinnapartments.com\/blog\/es\/"},{"@type":"ListItem","position":2,"name":"Ven a celebrar el D\u00eda de Sant Jordi 2025 en Barcelona"}]},{"@type":"WebSite","@id":"https:\/\/www.keyinnapartments.com\/blog\/es\/#website","url":"https:\/\/www.keyinnapartments.com\/blog\/es\/","name":"Key in Apartaments","description":"Key Inn Apartments","publisher":{"@id":"https:\/\/www.keyinnapartments.com\/blog\/es\/#organization"},"potentialAction":[{"@type":"SearchAction","target":{"@type":"EntryPoint","urlTemplate":"https:\/\/www.keyinnapartments.com\/blog\/es\/?s={search_term_string}"},"query-input":{"@type":"PropertyValueSpecification","valueRequired":true,"valueName":"search_term_string"}}],"inLanguage":"es"},{"@type":"Organization","@id":"https:\/\/www.keyinnapartments.com\/blog\/es\/#organization","name":"Key Barcelona","url":"https:\/\/www.keyinnapartments.com\/blog\/es\/","logo":{"@type":"ImageObject","inLanguage":"es","@id":"https:\/\/www.keyinnapartments.com\/blog\/es\/#\/schema\/logo\/image\/","url":"https:\/\/www.keyinnapartments.com\/blog\/wp-content\/uploads\/2024\/04\/logo-11.png","contentUrl":"https:\/\/www.keyinnapartments.com\/blog\/wp-content\/uploads\/2024\/04\/logo-11.png","width":350,"height":442,"caption":"Key Barcelona"},"image":{"@id":"https:\/\/www.keyinnapartments.com\/blog\/es\/#\/schema\/logo\/image\/"},"sameAs":["https:\/\/www.facebook.com\/keyinnapartments\/","https:\/\/www.instagram.com\/keyinnapartments\/","https:\/\/www.linkedin.com\/company\/key-barcelona-apartments\/about\/"]},{"@type":"Person","@id":"https:\/\/www.keyinnapartments.com\/blog\/es\/#\/schema\/person\/ad874b614da9f01dc2ab0054bc6181e3","name":"digitalservices","image":{"@type":"ImageObject","inLanguage":"es","@id":"https:\/\/www.keyinnapartments.com\/blog\/es\/#\/schema\/person\/image\/","url":"https:\/\/secure.gravatar.com\/avatar\/af30f88a1904294c1f3eb09a9d7903eec4ffa18fa2cf40c28a8681014ecdfc20?s=96&d=mm&r=g","contentUrl":"https:\/\/secure.gravatar.com\/avatar\/af30f88a1904294c1f3eb09a9d7903eec4ffa18fa2cf40c28a8681014ecdfc20?s=96&d=mm&r=g","caption":"digitalservices"},"url":"https:\/\/www.keyinnapartments.com\/blog\/es\/author\/digitalservices\/"}]}},"_links":{"self":[{"href":"https:\/\/www.keyinnapartments.com\/blog\/es\/wp-json\/wp\/v2\/posts\/3034","targetHints":{"allow":["GET"]}}],"collection":[{"href":"https:\/\/www.keyinnapartments.com\/blog\/es\/wp-json\/wp\/v2\/posts"}],"about":[{"href":"https:\/\/www.keyinnapartments.com\/blog\/es\/wp-json\/wp\/v2\/types\/post"}],"author":[{"embeddable":true,"href":"https:\/\/www.keyinnapartments.com\/blog\/es\/wp-json\/wp\/v2\/users\/3"}],"replies":[{"embeddable":true,"href":"https:\/\/www.keyinnapartments.com\/blog\/es\/wp-json\/wp\/v2\/comments?post=3034"}],"version-history":[{"count":8,"href":"https:\/\/www.keyinnapartments.com\/blog\/es\/wp-json\/wp\/v2\/posts\/3034\/revisions"}],"predecessor-version":[{"id":3177,"href":"https:\/\/www.keyinnapartments.com\/blog\/es\/wp-json\/wp\/v2\/posts\/3034\/revisions\/3177"}],"wp:featuredmedia":[{"embeddable":true,"href":"https:\/\/www.keyinnapartments.com\/blog\/es\/wp-json\/wp\/v2\/media\/3169"}],"wp:attachment":[{"href":"https:\/\/www.keyinnapartments.com\/blog\/es\/wp-json\/wp\/v2\/media?parent=3034"}],"wp:term":[{"taxonomy":"category","embeddable":true,"href":"https:\/\/www.keyinnapartments.com\/blog\/es\/wp-json\/wp\/v2\/categories?post=3034"},{"taxonomy":"post_tag","embeddable":true,"href":"https:\/\/www.keyinnapartments.com\/blog\/es\/wp-json\/wp\/v2\/tags?post=3034"}],"curies":[{"name":"wp","href":"https:\/\/api.w.org\/{rel}","templated":true}]}}