{"id":486,"date":"2024-05-08T15:31:20","date_gmt":"2024-05-08T15:31:20","guid":{"rendered":"https:\/\/www.keyinnapartments.com\/blog\/?p=486"},"modified":"2024-12-19T09:51:15","modified_gmt":"2024-12-19T09:51:15","slug":"noche-san-juan-barcelona","status":"publish","type":"post","link":"https:\/\/www.keyinnapartments.com\/blog\/es\/noche-san-juan-barcelona\/","title":{"rendered":"Vive la noche de San Juan en Barcelona\u00a0"},"content":{"rendered":"\t\t<div data-elementor-type=\"wp-post\" data-elementor-id=\"486\" class=\"elementor elementor-486\" data-elementor-post-type=\"post\">\n\t\t\t\t<div class=\"elementor-element elementor-element-2287a1cc e-flex e-con-boxed e-con e-parent\" data-id=\"2287a1cc\" data-element_type=\"container\">\n\t\t\t\t\t<div class=\"e-con-inner\">\n\t\t\t\t<div class=\"elementor-element elementor-element-1f1c08d4 elementor-widget elementor-widget-text-editor\" data-id=\"1f1c08d4\" data-element_type=\"widget\" data-widget_type=\"text-editor.default\">\n\t\t\t\t<div class=\"elementor-widget-container\">\n\t\t\t\t\t\t\t\t\t<p style=\"font-weight: 400;\">La noche de San Juan es una fiesta que se celebra por toda Espa\u00f1a la noche del 23 al 24 de junio donde se le da la bienvenida a ese ansiado verano y en Barcelona se hace \u00a1a lo grande!<\/p><p style=\"font-weight: 400;\"><strong>Se llenan playas, plazas y muchos otros puntos de la ciudad para celebrar con hogueras, m\u00fasica, baile y gastronom\u00eda el solsticio de verano.<\/strong><\/p>\t\t\t\t\t\t\t\t<\/div>\n\t\t\t\t<\/div>\n\t\t\t\t\t<\/div>\n\t\t\t\t<\/div>\n\t\t<div class=\"elementor-element elementor-element-7a4db603 e-flex e-con-boxed e-con e-parent\" data-id=\"7a4db603\" data-element_type=\"container\">\n\t\t\t\t\t<div class=\"e-con-inner\">\n\t\t\t\t<div class=\"elementor-element elementor-element-4e7d8196 elementor-widget elementor-widget-table-of-contents\" data-id=\"4e7d8196\" data-element_type=\"widget\" data-settings=\"{&quot;headings_by_tags&quot;:[&quot;h2&quot;,&quot;h3&quot;],&quot;exclude_headings_by_selector&quot;:[],&quot;marker_view&quot;:&quot;bullets&quot;,&quot;icon&quot;:{&quot;value&quot;:&quot;&quot;,&quot;library&quot;:&quot;&quot;},&quot;no_headings_message&quot;:&quot;No headings were found on this page.&quot;,&quot;hierarchical_view&quot;:&quot;yes&quot;,&quot;min_height&quot;:{&quot;unit&quot;:&quot;px&quot;,&quot;size&quot;:&quot;&quot;,&quot;sizes&quot;:[]},&quot;min_height_tablet&quot;:{&quot;unit&quot;:&quot;px&quot;,&quot;size&quot;:&quot;&quot;,&quot;sizes&quot;:[]},&quot;min_height_mobile&quot;:{&quot;unit&quot;:&quot;px&quot;,&quot;size&quot;:&quot;&quot;,&quot;sizes&quot;:[]}}\" data-widget_type=\"table-of-contents.default\">\n\t\t\t\t<div class=\"elementor-widget-container\">\n\t\t\t\t\t\t\t<div class=\"elementor-toc__header\">\n\t\t\t<div class=\"elementor-toc__header-title\">\n\t\t\t\t\u00cdndice\t\t\t<\/div>\n\t\t\t\t\t<\/div>\n\t\t<div id=\"elementor-toc__4e7d8196\" class=\"elementor-toc__body\">\n\t\t\t<div class=\"elementor-toc__spinner-container\">\n\t\t\t\t<svg class=\"elementor-toc__spinner eicon-animation-spin e-font-icon-svg e-eicon-loading\" aria-hidden=\"true\" viewBox=\"0 0 1000 1000\" xmlns=\"http:\/\/www.w3.org\/2000\/svg\"><path d=\"M500 975V858C696 858 858 696 858 500S696 142 500 142 142 304 142 500H25C25 237 238 25 500 25S975 237 975 500 763 975 500 975Z\"><\/path><\/svg>\t\t\t<\/div>\n\t\t<\/div>\n\t\t\t\t\t\t<\/div>\n\t\t\t\t<\/div>\n\t\t\t\t\t<\/div>\n\t\t\t\t<\/div>\n\t\t<div class=\"elementor-element elementor-element-b1fb7c0 e-flex e-con-boxed e-con e-parent\" data-id=\"b1fb7c0\" data-element_type=\"container\">\n\t\t\t\t\t<div class=\"e-con-inner\">\n\t\t\t\t<div class=\"elementor-element elementor-element-626fa636 elementor-widget elementor-widget-heading\" data-id=\"626fa636\" data-element_type=\"widget\" data-widget_type=\"heading.default\">\n\t\t\t\t<div class=\"elementor-widget-container\">\n\t\t\t\t\t<h2 class=\"elementor-heading-title elementor-size-default\">El curioso origen de la celebraci\u00f3n de la noche de San Juan en Barcelona <\/h2>\t\t\t\t<\/div>\n\t\t\t\t<\/div>\n\t\t\t\t<div class=\"elementor-element elementor-element-de72e71 elementor-widget elementor-widget-text-editor\" data-id=\"de72e71\" data-element_type=\"widget\" data-widget_type=\"text-editor.default\">\n\t\t\t\t<div class=\"elementor-widget-container\">\n\t\t\t\t\t\t\t\t\t<p style=\"font-weight: 400;\"><strong>El origen es pagano<\/strong>; las hogueras eran utilizadas como <strong>rito para dar fuerza al sol y tambi\u00e9n como protecci\u00f3n y purificaci\u00f3n contra los esp\u00edritus malignos<\/strong> ya que las llamas los alejan y asustan.<\/p><p style=\"font-weight: 400;\">Estas creencias se incorporaron al cristianismo con otra versi\u00f3n totalmente diferente. <strong>La Biblia recoge que Zacar\u00edas quiso anunciar que su hijo Juan hab\u00eda nacido y lo hizo con una gran hoguera.<\/strong> Estableci\u00e9ndose as\u00ed la festividad de San Juan Bautista el 24 de junio.<\/p><p style=\"font-weight: 400;\"><strong>Hoy por hoy es una mezcla de ambos or\u00edgenes<\/strong> y una excusa perfecta para disfrutar del inicio del verano con amigos y familia al aire libre. Popularmente tambi\u00e9n recibe el nombre de verbena de San Juan, por ser una fiesta exterior y nocturna.<\/p><p style=\"font-weight: 400;\">\u00bfY por qu\u00e9 se saltan las hogueras en la noche de San Juan en Barcelona?<\/p><p style=\"font-weight: 400;\">Es una tradici\u00f3n, aqu\u00ed y en otros puntos de Espa\u00f1a\u2014peligrosa cu\u00e1nto menos\u2014, que tiene como objetivo alejar a esos esp\u00edritus, as\u00ed como enfermedades y desgracias varias, eso si consigues hacerlo sin quemarte, claro.<\/p>\t\t\t\t\t\t\t\t<\/div>\n\t\t\t\t<\/div>\n\t\t\t\t\t<\/div>\n\t\t\t\t<\/div>\n\t\t<div class=\"elementor-element elementor-element-a3026d5 e-flex e-con-boxed e-con e-parent\" data-id=\"a3026d5\" data-element_type=\"container\">\n\t\t\t\t\t<div class=\"e-con-inner\">\n\t\t\t\t<div class=\"elementor-element elementor-element-2ea49b9 elementor-widget elementor-widget-image\" data-id=\"2ea49b9\" data-element_type=\"widget\" data-widget_type=\"image.default\">\n\t\t\t\t<div class=\"elementor-widget-container\">\n\t\t\t\t\t\t\t\t\t\t\t\t\t\t\t<img decoding=\"async\" src=\"https:\/\/www.keyinnapartments.com\/blog\/wp-content\/uploads\/elementor\/thumbs\/san-juan-barcelona-qnv5jsnrid3grdbre3xom2tpmxyeatkf1kop1wobcg.jpg\" title=\"san-juan-barcelona\" alt=\"san juan barcelona\" loading=\"lazy\" \/>\t\t\t\t\t\t\t\t\t\t\t\t\t\t\t<\/div>\n\t\t\t\t<\/div>\n\t\t\t\t\t<\/div>\n\t\t\t\t<\/div>\n\t\t<div class=\"elementor-element elementor-element-8c77fc2 e-flex e-con-boxed e-con e-parent\" data-id=\"8c77fc2\" data-element_type=\"container\">\n\t\t\t\t\t<div class=\"e-con-inner\">\n\t\t\t\t<div class=\"elementor-element elementor-element-b567cad elementor-widget elementor-widget-heading\" data-id=\"b567cad\" data-element_type=\"widget\" data-widget_type=\"heading.default\">\n\t\t\t\t<div class=\"elementor-widget-container\">\n\t\t\t\t\t<h2 class=\"elementor-heading-title elementor-size-default\">El sinf\u00edn de actividades y eventos de la noche de San Juan en Barcelona<\/h2>\t\t\t\t<\/div>\n\t\t\t\t<\/div>\n\t\t\t\t<div class=\"elementor-element elementor-element-1570dc1 elementor-widget elementor-widget-text-editor\" data-id=\"1570dc1\" data-element_type=\"widget\" data-widget_type=\"text-editor.default\">\n\t\t\t\t<div class=\"elementor-widget-container\">\n\t\t\t\t\t\t\t\t\t<p style=\"font-weight: 400;\">El 23 de junio por la tarde comienza la celebraci\u00f3n de San Juan en Barcelona y lo hace con la \u00abllama del Canig\u00f3\u00bb, una especie de peregrinaci\u00f3n que hace el fuego desde la monta\u00f1a en manos de voluntarios con el objetivo de llegar a todas las zonas de Catalu\u00f1a para encender las hogueras de San Juan, pasando las llamas de unas manos a otras. Adem\u00e1s de la esto, tambi\u00e9n hacen presencia en las fiestas de San Juan en Barcelona el \u00e1guila y los gigantes de la ciudad, ambas figuras emblem\u00e1ticas de muchas festividades catalanas.<\/p><p style=\"font-weight: 400;\">Una vez encendidas las hogueras, que estar\u00e1n repartidas por toda Barcelona, empieza la fiesta con la m\u00fasica, las cenas y las tiradas de fuegos artificiales.<\/p>\t\t\t\t\t\t\t\t<\/div>\n\t\t\t\t<\/div>\n\t\t\t\t\t<\/div>\n\t\t\t\t<\/div>\n\t\t<div class=\"elementor-element elementor-element-25b4251e e-flex e-con-boxed e-con e-parent\" data-id=\"25b4251e\" data-element_type=\"container\">\n\t\t\t\t\t<div class=\"e-con-inner\">\n\t\t\t\t<div class=\"elementor-element elementor-element-7dc0ae5 elementor-widget elementor-widget-heading\" data-id=\"7dc0ae5\" data-element_type=\"widget\" data-widget_type=\"heading.default\">\n\t\t\t\t<div class=\"elementor-widget-container\">\n\t\t\t\t\t<h3 class=\"elementor-heading-title elementor-size-default\">No hay fiesta de San Juan sin la t\u00edpica cena <\/h3>\t\t\t\t<\/div>\n\t\t\t\t<\/div>\n\t\t\t\t<div class=\"elementor-element elementor-element-22ef251f elementor-widget elementor-widget-text-editor\" data-id=\"22ef251f\" data-element_type=\"widget\" data-widget_type=\"text-editor.default\">\n\t\t\t\t<div class=\"elementor-widget-container\">\n\t\t\t\t\t\t\t\t\t<p style=\"font-weight: 400;\">Es muy com\u00fan reunirse con familiares y amigos y celebrar la noche de San Juan con una buena cena en la que reinan productos t\u00edpicos como el embutido, los chicharrones, el pan con tomate o una buena copa de cava y, por supuesto, la Coca de San Juan.<\/p>\t\t\t\t\t\t\t\t<\/div>\n\t\t\t\t<\/div>\n\t\t\t\t\t<\/div>\n\t\t\t\t<\/div>\n\t\t<div class=\"elementor-element elementor-element-fa9e79b e-flex e-con-boxed e-con e-parent\" data-id=\"fa9e79b\" data-element_type=\"container\">\n\t\t\t\t\t<div class=\"e-con-inner\">\n\t\t<div class=\"elementor-element elementor-element-41334e3 e-con-full e-flex e-con e-child\" data-id=\"41334e3\" data-element_type=\"container\">\n\t\t\t\t<div class=\"elementor-element elementor-element-8b35c5d elementor-widget elementor-widget-text-editor\" data-id=\"8b35c5d\" data-element_type=\"widget\" data-widget_type=\"text-editor.default\">\n\t\t\t\t<div class=\"elementor-widget-container\">\n\t\t\t\t\t\t\t\t\t<p style=\"font-weight: 400;\"><strong style=\"color: var( --e-global-color-text ); background-color: transparent;\">La\u00a0coca de San Juan\u00a0es un dulce que est\u00e1 presente en los postres de la cena de San Juan por toda Barcelona.<\/strong><span style=\"color: var( --e-global-color-text ); background-color: transparent;\"> Se hace con de masa de coca, una masa dulce que se asemeja a la de hojaldre o al brioche pero que tiene m\u00e1s cuerpo y un ligero toque a an\u00eds; luego se decora con frutas confitadas, nueces, cabello de \u00e1ngel o cualquier otra crema dulce. Puedes encontrar cocas de todos los tipos y adaptadas a todos los gustos. No hay excusa para no consumir el dulce m\u00e1s t\u00edpico y oficial de las fiestas de San Juan.<\/span><\/p><p style=\"font-weight: 400;\">Podr\u00e1s encontrar cocas en las panader\u00edas de toda la ciudad y tambi\u00e9n en bares y restaurantes e incluso, si eres de esos a los que no le encanta el dulce, tendr\u00e1s la opci\u00f3n de disfrutarla en su versi\u00f3n salada.<\/p>\t\t\t\t\t\t\t\t<\/div>\n\t\t\t\t<\/div>\n\t\t\t\t<\/div>\n\t\t<div class=\"elementor-element elementor-element-b693b41 e-con-full e-flex e-con e-child\" data-id=\"b693b41\" data-element_type=\"container\">\n\t\t\t\t<div class=\"elementor-element elementor-element-269b403 elementor-widget elementor-widget-image\" data-id=\"269b403\" data-element_type=\"widget\" data-widget_type=\"image.default\">\n\t\t\t\t<div class=\"elementor-widget-container\">\n\t\t\t\t\t\t\t\t\t\t\t\t\t\t\t<img fetchpriority=\"high\" decoding=\"async\" width=\"800\" height=\"452\" src=\"https:\/\/www.keyinnapartments.com\/blog\/wp-content\/uploads\/2024\/05\/coca-de-san-juan-barcelona.jpeg\" class=\"attachment-large size-large wp-image-513\" alt=\"coca de san juan barcelona\" srcset=\"https:\/\/www.keyinnapartments.com\/blog\/wp-content\/uploads\/2024\/05\/coca-de-san-juan-barcelona.jpeg 1001w, https:\/\/www.keyinnapartments.com\/blog\/wp-content\/uploads\/2024\/05\/coca-de-san-juan-barcelona-768x433.jpeg 768w\" sizes=\"(max-width: 800px) 100vw, 800px\" \/>\t\t\t\t\t\t\t\t\t\t\t\t\t\t\t<\/div>\n\t\t\t\t<\/div>\n\t\t\t\t<\/div>\n\t\t\t\t\t<\/div>\n\t\t\t\t<\/div>\n\t\t<div class=\"elementor-element elementor-element-b815dec e-flex e-con-boxed e-con e-parent\" data-id=\"b815dec\" data-element_type=\"container\">\n\t\t\t\t\t<div class=\"e-con-inner\">\n\t\t\t\t<div class=\"elementor-element elementor-element-59ced8d elementor-widget elementor-widget-heading\" data-id=\"59ced8d\" data-element_type=\"widget\" data-widget_type=\"heading.default\">\n\t\t\t\t<div class=\"elementor-widget-container\">\n\t\t\t\t\t<h3 class=\"elementor-heading-title elementor-size-default\">Los fuegos artificiales y petardos <\/h3>\t\t\t\t<\/div>\n\t\t\t\t<\/div>\n\t\t\t\t<div class=\"elementor-element elementor-element-402acc5 elementor-widget elementor-widget-text-editor\" data-id=\"402acc5\" data-element_type=\"widget\" data-widget_type=\"text-editor.default\">\n\t\t\t\t<div class=\"elementor-widget-container\">\n\t\t\t\t\t\t\t\t\t<p style=\"font-weight: 400;\">Es muy habitual que familias enteras, comunidades o comisiones de fiestas tiren petardos y fuegos artificiales la noche de San Juan, cosa que genera <strong>un espect\u00e1culo visual en toda la ciudad y un ambiente festivo y m\u00e1gico.<\/strong><\/p><p style=\"font-weight: 400;\">Si te preocupan los ruidos, lo cual es l\u00f3gico, cada a\u00f1o se mejoran cada vez m\u00e1s las tiradas, consiguiendo bajar los decibelios cada vez m\u00e1s con petardos de baja sonoridad.<\/p>\t\t\t\t\t\t\t\t<\/div>\n\t\t\t\t<\/div>\n\t\t\t\t\t<\/div>\n\t\t\t\t<\/div>\n\t\t<div class=\"elementor-element elementor-element-0f7f6e1 e-flex e-con-boxed e-con e-parent\" data-id=\"0f7f6e1\" data-element_type=\"container\">\n\t\t\t\t\t<div class=\"e-con-inner\">\n\t\t\t\t<div class=\"elementor-element elementor-element-be32e32 elementor-widget elementor-widget-heading\" data-id=\"be32e32\" data-element_type=\"widget\" data-widget_type=\"heading.default\">\n\t\t\t\t<div class=\"elementor-widget-container\">\n\t\t\t\t\t<h3 class=\"elementor-heading-title elementor-size-default\">Mil y una formas de disfrutar de San Juan <\/h3>\t\t\t\t<\/div>\n\t\t\t\t<\/div>\n\t\t\t\t<div class=\"elementor-element elementor-element-86e5c80 elementor-widget elementor-widget-text-editor\" data-id=\"86e5c80\" data-element_type=\"widget\" data-widget_type=\"text-editor.default\">\n\t\t\t\t<div class=\"elementor-widget-container\">\n\t\t\t\t\t\t\t\t\t<p style=\"font-weight: 400;\">Hay m\u00e1s de una forma de disfrutar de la noche de San Juan.\u00a0<span style=\"color: var( --e-global-color-text ); background-color: transparent;\">La m\u00e1s popular es <\/span><strong style=\"color: var( --e-global-color-text ); background-color: transparent;\">disfrutar de esta fiesta en las playas<\/strong><span style=\"color: var( --e-global-color-text ); background-color: transparent;\"> donde sobre todo se puede ver a gente joven, alrededor de la hoguera cenando, bebiendo, bailando y disfrutando de buena m\u00fasica.<\/span><\/p>\t\t\t\t\t\t\t\t<\/div>\n\t\t\t\t<\/div>\n\t\t\t\t\t<\/div>\n\t\t\t\t<\/div>\n\t\t<div class=\"elementor-element elementor-element-fb00737 e-flex e-con-boxed e-con e-parent\" data-id=\"fb00737\" data-element_type=\"container\">\n\t\t\t\t\t<div class=\"e-con-inner\">\n\t\t<div class=\"elementor-element elementor-element-43c9bb2 e-con-full e-flex e-con e-child\" data-id=\"43c9bb2\" data-element_type=\"container\">\n\t\t\t\t<div class=\"elementor-element elementor-element-3f5cee1 elementor-widget elementor-widget-text-editor\" data-id=\"3f5cee1\" data-element_type=\"widget\" data-widget_type=\"text-editor.default\">\n\t\t\t\t<div class=\"elementor-widget-container\">\n\t\t\t\t\t\t\t\t\t<p style=\"font-weight: 400;\"><span style=\"color: var( --e-global-color-text ); background-color: transparent;\">Otra forma, quiz\u00e1 m\u00e1s tradicional es <\/span><strong style=\"color: var( --e-global-color-text ); background-color: transparent;\">escoger uno de los diferentes barrios de la ciudad<\/strong><span style=\"color: var( --e-global-color-text ); background-color: transparent;\"> y disfrutar all\u00ed de los escenarios para celebrar san juan con fiestas en la calle, tirada de fuegos artificiales y mucho ambiente.<\/span><\/p><p style=\"font-weight: 400;\"><strong>Acudir a un restaurante o a un bar<\/strong> tambi\u00e9n es una opci\u00f3n muy elegida, puesto que, al ser un d\u00eda festivo lo que menos apetece es cocinar y lo peor, limpiar. En muchos establecimientos puedes encontrar men\u00fas especiales para esa noche, espect\u00e1culo o simplemente estar en primera l\u00ednea de verbena en alguna de sus terrazas.\u00a0<span style=\"color: var( --e-global-color-text ); background-color: transparent;\">Y ojo, que <\/span><strong style=\"color: var( --e-global-color-text ); background-color: transparent;\">muchos catalanes tambi\u00e9n optan por celebrarlo en sus casas, balcones o terrazas<\/strong><span style=\"color: var( --e-global-color-text ); background-color: transparent;\"> con una animada cena y si es con vistas a la pirotecnia, mejor.<\/span><\/p>\t\t\t\t\t\t\t\t<\/div>\n\t\t\t\t<\/div>\n\t\t\t\t<\/div>\n\t\t<div class=\"elementor-element elementor-element-391b9d0 e-con-full e-flex e-con e-child\" data-id=\"391b9d0\" data-element_type=\"container\">\n\t\t\t\t<div class=\"elementor-element elementor-element-3967b38 elementor-widget elementor-widget-image\" data-id=\"3967b38\" data-element_type=\"widget\" data-widget_type=\"image.default\">\n\t\t\t\t<div class=\"elementor-widget-container\">\n\t\t\t\t\t\t\t\t\t\t\t\t\t\t\t<img decoding=\"async\" width=\"750\" height=\"422\" src=\"https:\/\/www.keyinnapartments.com\/blog\/wp-content\/uploads\/2024\/05\/hoguera-san-juan-barcelona.jpg\" class=\"attachment-large size-large wp-image-516\" alt=\"hoguera san juan barcelona\" \/>\t\t\t\t\t\t\t\t\t\t\t\t\t\t\t<\/div>\n\t\t\t\t<\/div>\n\t\t\t\t<\/div>\n\t\t\t\t\t<\/div>\n\t\t\t\t<\/div>\n\t\t<div class=\"elementor-element elementor-element-b84dd34 e-flex e-con-boxed e-con e-parent\" data-id=\"b84dd34\" data-element_type=\"container\">\n\t\t\t\t\t<div class=\"e-con-inner\">\n\t\t\t\t<div class=\"elementor-element elementor-element-070a4b4 elementor-widget elementor-widget-heading\" data-id=\"070a4b4\" data-element_type=\"widget\" data-widget_type=\"heading.default\">\n\t\t\t\t<div class=\"elementor-widget-container\">\n\t\t\t\t\t<h2 class=\"elementor-heading-title elementor-size-default\">Hay ganas de San Juan en Barcelona, \u00bfno?<\/h2>\t\t\t\t<\/div>\n\t\t\t\t<\/div>\n\t\t\t\t<div class=\"elementor-element elementor-element-659de22 elementor-widget elementor-widget-text-editor\" data-id=\"659de22\" data-element_type=\"widget\" data-widget_type=\"text-editor.default\">\n\t\t\t\t<div class=\"elementor-widget-container\">\n\t\t\t\t\t\t\t\t\t<p style=\"font-weight: 400;\">Sabemos que despu\u00e9s de conocer c\u00f3mo son las fiestas de San Juan en Barcelona, estar\u00e1s deseando venir a disfrutar de la noche m\u00e1s m\u00e1gica del a\u00f1o aqu\u00ed y para ello solo necesitas coger el coche, un avi\u00f3n, autob\u00fas o tren y buscar el alojamiento perfecto, porque <strong>la fiesta, ambiente y magia ya lo pone Barcelona.<\/strong><\/p><p style=\"font-weight: 400;\">Y sin duda, una de las mejores opciones de aojamientos la tenemos en Key Inn Barcelona. Podemos ofrecerte el apartamento id\u00f3neo para que disfrutes de las fiestas de San Juan; con terraza, sin ella, con capacidad para grupos y tambi\u00e9n individuales, sin escatimar en calidad, pero con precios populares y con una ubicaci\u00f3n inmejorable.<\/p><p style=\"font-weight: 400;\">As\u00ed, adem\u00e1s de las fiestas de San Juan podr\u00e1s disfrutar de lugares como la Sagrada familia o de todo lo que tiene que ofrecerte el <a href=\"https:\/\/www.keyinnapartments.com\/blog\/es\/barrio-gracia-barcelona\/\">barrio de Gracia<\/a>.<\/p><p style=\"font-weight: 400;\">Un planazo con todas las letras.<\/p>\t\t\t\t\t\t\t\t<\/div>\n\t\t\t\t<\/div>\n\t\t\t\t\t<\/div>\n\t\t\t\t<\/div>\n\t\t<div class=\"elementor-element elementor-element-415c84fd e-flex e-con-boxed e-con e-parent\" data-id=\"415c84fd\" data-element_type=\"container\">\n\t\t\t\t\t<div class=\"e-con-inner\">\n\t\t<div class=\"elementor-element elementor-element-4f12ec59 e-con-full e-flex e-con e-child\" data-id=\"4f12ec59\" data-element_type=\"container\" data-settings=\"{&quot;background_background&quot;:&quot;classic&quot;}\">\n\t\t\t\t<div class=\"elementor-element elementor-element-3bff7183 elementor-align-center elementor-widget elementor-widget-button\" data-id=\"3bff7183\" data-element_type=\"widget\" data-widget_type=\"button.default\">\n\t\t\t\t<div class=\"elementor-widget-container\">\n\t\t\t\t\t\t\t\t\t<div class=\"elementor-button-wrapper\">\n\t\t\t\t\t<a class=\"elementor-button elementor-button-link elementor-size-sm\" href=\"https:\/\/www.keyinnapartments.com\/es\/alquiler-vacacional-barcelona\/\">\n\t\t\t\t\t\t<span class=\"elementor-button-content-wrapper\">\n\t\t\t\t\t\t\t\t\t<span class=\"elementor-button-text\">Alojamientos<\/span>\n\t\t\t\t\t<\/span>\n\t\t\t\t\t<\/a>\n\t\t\t\t<\/div>\n\t\t\t\t\t\t\t\t<\/div>\n\t\t\t\t<\/div>\n\t\t\t\t<\/div>\n\t\t<div class=\"elementor-element elementor-element-7d1ca16f e-con-full e-flex e-con e-child\" data-id=\"7d1ca16f\" data-element_type=\"container\" data-settings=\"{&quot;background_background&quot;:&quot;classic&quot;}\">\n\t\t\t\t<div class=\"elementor-element elementor-element-27d7a56e elementor-align-center elementor-widget elementor-widget-button\" data-id=\"27d7a56e\" data-element_type=\"widget\" data-widget_type=\"button.default\">\n\t\t\t\t<div class=\"elementor-widget-container\">\n\t\t\t\t\t\t\t\t\t<div class=\"elementor-button-wrapper\">\n\t\t\t\t\t<a class=\"elementor-button elementor-button-link elementor-size-sm\" href=\"https:\/\/www.keyinnapartments.com\/es\/apartamentos-turisticos-barcelona\/\">\n\t\t\t\t\t\t<span class=\"elementor-button-content-wrapper\">\n\t\t\t\t\t\t\t\t\t<span class=\"elementor-button-text\">Apartamentos<\/span>\n\t\t\t\t\t<\/span>\n\t\t\t\t\t<\/a>\n\t\t\t\t<\/div>\n\t\t\t\t\t\t\t\t<\/div>\n\t\t\t\t<\/div>\n\t\t\t\t<\/div>\n\t\t\t\t\t<\/div>\n\t\t\t\t<\/div>\n\t\t\t\t<\/div>\n\t\t","protected":false},"excerpt":{"rendered":"<p>La noche de San Juan es una fiesta que se celebra por toda Espa\u00f1a la noche del 23 al 24 de junio donde se le da la bienvenida a ese ansiado verano y en Barcelona se hace \u00a1a lo grande! Se llenan playas, plazas y muchos otros puntos de la ciudad para celebrar con hogueras, [&hellip;]<\/p>\n","protected":false},"author":3,"featured_media":517,"comment_status":"open","ping_status":"open","sticky":false,"template":"","format":"standard","meta":{"footnotes":""},"categories":[34,29],"tags":[],"class_list":["post-486","post","type-post","status-publish","format-standard","has-post-thumbnail","hentry","category-barcelona-es","category-eventos"],"yoast_head":"<!-- This site is optimized with the Yoast SEO plugin v25.3.1 - https:\/\/yoast.com\/wordpress\/plugins\/seo\/ -->\n<title>Vive la noche de San Juan en Barcelona\u00a0 - Blog de viaje Barcelona<\/title>\n<meta name=\"description\" content=\"Disfruta de la mejor noche de San Juan en Barcelona con m\u00fasica, pirotecnia, hogueras, actividades de todo tipo y una gastronom\u00eda exquisita.\" \/>\n<meta name=\"robots\" content=\"index, follow, max-snippet:-1, max-image-preview:large, max-video-preview:-1\" \/>\n<link rel=\"canonical\" href=\"https:\/\/www.keyinnapartments.com\/blog\/es\/noche-san-juan-barcelona\/\" \/>\n<meta property=\"og:locale\" content=\"es_ES\" \/>\n<meta property=\"og:type\" content=\"article\" \/>\n<meta property=\"og:title\" content=\"Vive la noche de San Juan en Barcelona\u00a0 - Blog de viaje Barcelona\" \/>\n<meta property=\"og:description\" content=\"Disfruta de la mejor noche de San Juan en Barcelona con m\u00fasica, pirotecnia, hogueras, actividades de todo tipo y una gastronom\u00eda exquisita.\" \/>\n<meta property=\"og:url\" content=\"https:\/\/www.keyinnapartments.com\/blog\/es\/noche-san-juan-barcelona\/\" \/>\n<meta property=\"og:site_name\" content=\"Blog de viaje Barcelona\" \/>\n<meta property=\"article:publisher\" content=\"https:\/\/www.facebook.com\/keyinnapartments\/\" \/>\n<meta property=\"article:published_time\" content=\"2024-05-08T15:31:20+00:00\" \/>\n<meta property=\"article:modified_time\" content=\"2024-12-19T09:51:15+00:00\" \/>\n<meta property=\"og:image\" content=\"https:\/\/www.keyinnapartments.com\/blog\/wp-content\/uploads\/2024\/05\/noche-san-juan-barcelona.jpeg\" \/>\n\t<meta property=\"og:image:width\" content=\"2064\" \/>\n\t<meta property=\"og:image:height\" content=\"735\" \/>\n\t<meta property=\"og:image:type\" content=\"image\/jpeg\" \/>\n<meta name=\"author\" content=\"digitalservices\" \/>\n<meta name=\"twitter:card\" content=\"summary_large_image\" \/>\n<meta name=\"twitter:label1\" content=\"Written by\" \/>\n\t<meta name=\"twitter:data1\" content=\"digitalservices\" \/>\n\t<meta name=\"twitter:label2\" content=\"Est. reading time\" \/>\n\t<meta name=\"twitter:data2\" content=\"6 minutes\" \/>\n<script type=\"application\/ld+json\" class=\"yoast-schema-graph\">{\"@context\":\"https:\/\/schema.org\",\"@graph\":[{\"@type\":\"Article\",\"@id\":\"https:\/\/www.keyinnapartments.com\/blog\/es\/noche-san-juan-barcelona\/#article\",\"isPartOf\":{\"@id\":\"https:\/\/www.keyinnapartments.com\/blog\/es\/noche-san-juan-barcelona\/\"},\"author\":{\"name\":\"digitalservices\",\"@id\":\"https:\/\/www.keyinnapartments.com\/blog\/es\/#\/schema\/person\/ad874b614da9f01dc2ab0054bc6181e3\"},\"headline\":\"Vive la noche de San Juan en Barcelona\u00a0\",\"datePublished\":\"2024-05-08T15:31:20+00:00\",\"dateModified\":\"2024-12-19T09:51:15+00:00\",\"mainEntityOfPage\":{\"@id\":\"https:\/\/www.keyinnapartments.com\/blog\/es\/noche-san-juan-barcelona\/\"},\"wordCount\":1050,\"commentCount\":0,\"publisher\":{\"@id\":\"https:\/\/www.keyinnapartments.com\/blog\/es\/#organization\"},\"image\":{\"@id\":\"https:\/\/www.keyinnapartments.com\/blog\/es\/noche-san-juan-barcelona\/#primaryimage\"},\"thumbnailUrl\":\"https:\/\/www.keyinnapartments.com\/blog\/wp-content\/uploads\/2024\/05\/noche-san-juan-barcelona.jpeg\",\"articleSection\":[\"Barcelona\",\"Eventos\"],\"inLanguage\":\"es\",\"potentialAction\":[{\"@type\":\"CommentAction\",\"name\":\"Comment\",\"target\":[\"https:\/\/www.keyinnapartments.com\/blog\/es\/noche-san-juan-barcelona\/#respond\"]}]},{\"@type\":\"WebPage\",\"@id\":\"https:\/\/www.keyinnapartments.com\/blog\/es\/noche-san-juan-barcelona\/\",\"url\":\"https:\/\/www.keyinnapartments.com\/blog\/es\/noche-san-juan-barcelona\/\",\"name\":\"Vive la noche de San Juan en Barcelona\u00a0 - Blog de viaje Barcelona\",\"isPartOf\":{\"@id\":\"https:\/\/www.keyinnapartments.com\/blog\/es\/#website\"},\"primaryImageOfPage\":{\"@id\":\"https:\/\/www.keyinnapartments.com\/blog\/es\/noche-san-juan-barcelona\/#primaryimage\"},\"image\":{\"@id\":\"https:\/\/www.keyinnapartments.com\/blog\/es\/noche-san-juan-barcelona\/#primaryimage\"},\"thumbnailUrl\":\"https:\/\/www.keyinnapartments.com\/blog\/wp-content\/uploads\/2024\/05\/noche-san-juan-barcelona.jpeg\",\"datePublished\":\"2024-05-08T15:31:20+00:00\",\"dateModified\":\"2024-12-19T09:51:15+00:00\",\"description\":\"Disfruta de la mejor noche de San Juan en Barcelona con m\u00fasica, pirotecnia, hogueras, actividades de todo tipo y una gastronom\u00eda exquisita.\",\"breadcrumb\":{\"@id\":\"https:\/\/www.keyinnapartments.com\/blog\/es\/noche-san-juan-barcelona\/#breadcrumb\"},\"inLanguage\":\"es\",\"potentialAction\":[{\"@type\":\"ReadAction\",\"target\":[\"https:\/\/www.keyinnapartments.com\/blog\/es\/noche-san-juan-barcelona\/\"]}]},{\"@type\":\"ImageObject\",\"inLanguage\":\"es\",\"@id\":\"https:\/\/www.keyinnapartments.com\/blog\/es\/noche-san-juan-barcelona\/#primaryimage\",\"url\":\"https:\/\/www.keyinnapartments.com\/blog\/wp-content\/uploads\/2024\/05\/noche-san-juan-barcelona.jpeg\",\"contentUrl\":\"https:\/\/www.keyinnapartments.com\/blog\/wp-content\/uploads\/2024\/05\/noche-san-juan-barcelona.jpeg\",\"width\":2064,\"height\":735,\"caption\":\"noche san juan barcelona\"},{\"@type\":\"BreadcrumbList\",\"@id\":\"https:\/\/www.keyinnapartments.com\/blog\/es\/noche-san-juan-barcelona\/#breadcrumb\",\"itemListElement\":[{\"@type\":\"ListItem\",\"position\":1,\"name\":\"Home\",\"item\":\"https:\/\/www.keyinnapartments.com\/blog\/es\/\"},{\"@type\":\"ListItem\",\"position\":2,\"name\":\"Vive la noche de San Juan en Barcelona\u00a0\"}]},{\"@type\":\"WebSite\",\"@id\":\"https:\/\/www.keyinnapartments.com\/blog\/es\/#website\",\"url\":\"https:\/\/www.keyinnapartments.com\/blog\/es\/\",\"name\":\"Key in Apartaments\",\"description\":\"Key Inn Apartments\",\"publisher\":{\"@id\":\"https:\/\/www.keyinnapartments.com\/blog\/es\/#organization\"},\"potentialAction\":[{\"@type\":\"SearchAction\",\"target\":{\"@type\":\"EntryPoint\",\"urlTemplate\":\"https:\/\/www.keyinnapartments.com\/blog\/es\/?s={search_term_string}\"},\"query-input\":{\"@type\":\"PropertyValueSpecification\",\"valueRequired\":true,\"valueName\":\"search_term_string\"}}],\"inLanguage\":\"es\"},{\"@type\":\"Organization\",\"@id\":\"https:\/\/www.keyinnapartments.com\/blog\/es\/#organization\",\"name\":\"Key Barcelona\",\"url\":\"https:\/\/www.keyinnapartments.com\/blog\/es\/\",\"logo\":{\"@type\":\"ImageObject\",\"inLanguage\":\"es\",\"@id\":\"https:\/\/www.keyinnapartments.com\/blog\/es\/#\/schema\/logo\/image\/\",\"url\":\"https:\/\/www.keyinnapartments.com\/blog\/wp-content\/uploads\/2024\/04\/logo-11.png\",\"contentUrl\":\"https:\/\/www.keyinnapartments.com\/blog\/wp-content\/uploads\/2024\/04\/logo-11.png\",\"width\":350,\"height\":442,\"caption\":\"Key Barcelona\"},\"image\":{\"@id\":\"https:\/\/www.keyinnapartments.com\/blog\/es\/#\/schema\/logo\/image\/\"},\"sameAs\":[\"https:\/\/www.facebook.com\/keyinnapartments\/\",\"https:\/\/www.instagram.com\/keyinnapartments\/\",\"https:\/\/www.linkedin.com\/company\/key-barcelona-apartments\/about\/\"]},{\"@type\":\"Person\",\"@id\":\"https:\/\/www.keyinnapartments.com\/blog\/es\/#\/schema\/person\/ad874b614da9f01dc2ab0054bc6181e3\",\"name\":\"digitalservices\",\"image\":{\"@type\":\"ImageObject\",\"inLanguage\":\"es\",\"@id\":\"https:\/\/www.keyinnapartments.com\/blog\/es\/#\/schema\/person\/image\/\",\"url\":\"https:\/\/secure.gravatar.com\/avatar\/af30f88a1904294c1f3eb09a9d7903eec4ffa18fa2cf40c28a8681014ecdfc20?s=96&d=mm&r=g\",\"contentUrl\":\"https:\/\/secure.gravatar.com\/avatar\/af30f88a1904294c1f3eb09a9d7903eec4ffa18fa2cf40c28a8681014ecdfc20?s=96&d=mm&r=g\",\"caption\":\"digitalservices\"},\"url\":\"https:\/\/www.keyinnapartments.com\/blog\/es\/author\/digitalservices\/\"}]}<\/script>\n<!-- \/ Yoast SEO plugin. -->","yoast_head_json":{"title":"Vive la noche de San Juan en Barcelona\u00a0 - Blog de viaje Barcelona","description":"Disfruta de la mejor noche de San Juan en Barcelona con m\u00fasica, pirotecnia, hogueras, actividades de todo tipo y una gastronom\u00eda exquisita.","robots":{"index":"index","follow":"follow","max-snippet":"max-snippet:-1","max-image-preview":"max-image-preview:large","max-video-preview":"max-video-preview:-1"},"canonical":"https:\/\/www.keyinnapartments.com\/blog\/es\/noche-san-juan-barcelona\/","og_locale":"es_ES","og_type":"article","og_title":"Vive la noche de San Juan en Barcelona\u00a0 - Blog de viaje Barcelona","og_description":"Disfruta de la mejor noche de San Juan en Barcelona con m\u00fasica, pirotecnia, hogueras, actividades de todo tipo y una gastronom\u00eda exquisita.","og_url":"https:\/\/www.keyinnapartments.com\/blog\/es\/noche-san-juan-barcelona\/","og_site_name":"Blog de viaje Barcelona","article_publisher":"https:\/\/www.facebook.com\/keyinnapartments\/","article_published_time":"2024-05-08T15:31:20+00:00","article_modified_time":"2024-12-19T09:51:15+00:00","og_image":[{"width":2064,"height":735,"url":"https:\/\/www.keyinnapartments.com\/blog\/wp-content\/uploads\/2024\/05\/noche-san-juan-barcelona.jpeg","type":"image\/jpeg"}],"author":"digitalservices","twitter_card":"summary_large_image","twitter_misc":{"Written by":"digitalservices","Est. reading time":"6 minutes"},"schema":{"@context":"https:\/\/schema.org","@graph":[{"@type":"Article","@id":"https:\/\/www.keyinnapartments.com\/blog\/es\/noche-san-juan-barcelona\/#article","isPartOf":{"@id":"https:\/\/www.keyinnapartments.com\/blog\/es\/noche-san-juan-barcelona\/"},"author":{"name":"digitalservices","@id":"https:\/\/www.keyinnapartments.com\/blog\/es\/#\/schema\/person\/ad874b614da9f01dc2ab0054bc6181e3"},"headline":"Vive la noche de San Juan en Barcelona\u00a0","datePublished":"2024-05-08T15:31:20+00:00","dateModified":"2024-12-19T09:51:15+00:00","mainEntityOfPage":{"@id":"https:\/\/www.keyinnapartments.com\/blog\/es\/noche-san-juan-barcelona\/"},"wordCount":1050,"commentCount":0,"publisher":{"@id":"https:\/\/www.keyinnapartments.com\/blog\/es\/#organization"},"image":{"@id":"https:\/\/www.keyinnapartments.com\/blog\/es\/noche-san-juan-barcelona\/#primaryimage"},"thumbnailUrl":"https:\/\/www.keyinnapartments.com\/blog\/wp-content\/uploads\/2024\/05\/noche-san-juan-barcelona.jpeg","articleSection":["Barcelona","Eventos"],"inLanguage":"es","potentialAction":[{"@type":"CommentAction","name":"Comment","target":["https:\/\/www.keyinnapartments.com\/blog\/es\/noche-san-juan-barcelona\/#respond"]}]},{"@type":"WebPage","@id":"https:\/\/www.keyinnapartments.com\/blog\/es\/noche-san-juan-barcelona\/","url":"https:\/\/www.keyinnapartments.com\/blog\/es\/noche-san-juan-barcelona\/","name":"Vive la noche de San Juan en Barcelona\u00a0 - Blog de viaje Barcelona","isPartOf":{"@id":"https:\/\/www.keyinnapartments.com\/blog\/es\/#website"},"primaryImageOfPage":{"@id":"https:\/\/www.keyinnapartments.com\/blog\/es\/noche-san-juan-barcelona\/#primaryimage"},"image":{"@id":"https:\/\/www.keyinnapartments.com\/blog\/es\/noche-san-juan-barcelona\/#primaryimage"},"thumbnailUrl":"https:\/\/www.keyinnapartments.com\/blog\/wp-content\/uploads\/2024\/05\/noche-san-juan-barcelona.jpeg","datePublished":"2024-05-08T15:31:20+00:00","dateModified":"2024-12-19T09:51:15+00:00","description":"Disfruta de la mejor noche de San Juan en Barcelona con m\u00fasica, pirotecnia, hogueras, actividades de todo tipo y una gastronom\u00eda exquisita.","breadcrumb":{"@id":"https:\/\/www.keyinnapartments.com\/blog\/es\/noche-san-juan-barcelona\/#breadcrumb"},"inLanguage":"es","potentialAction":[{"@type":"ReadAction","target":["https:\/\/www.keyinnapartments.com\/blog\/es\/noche-san-juan-barcelona\/"]}]},{"@type":"ImageObject","inLanguage":"es","@id":"https:\/\/www.keyinnapartments.com\/blog\/es\/noche-san-juan-barcelona\/#primaryimage","url":"https:\/\/www.keyinnapartments.com\/blog\/wp-content\/uploads\/2024\/05\/noche-san-juan-barcelona.jpeg","contentUrl":"https:\/\/www.keyinnapartments.com\/blog\/wp-content\/uploads\/2024\/05\/noche-san-juan-barcelona.jpeg","width":2064,"height":735,"caption":"noche san juan barcelona"},{"@type":"BreadcrumbList","@id":"https:\/\/www.keyinnapartments.com\/blog\/es\/noche-san-juan-barcelona\/#breadcrumb","itemListElement":[{"@type":"ListItem","position":1,"name":"Home","item":"https:\/\/www.keyinnapartments.com\/blog\/es\/"},{"@type":"ListItem","position":2,"name":"Vive la noche de San Juan en Barcelona\u00a0"}]},{"@type":"WebSite","@id":"https:\/\/www.keyinnapartments.com\/blog\/es\/#website","url":"https:\/\/www.keyinnapartments.com\/blog\/es\/","name":"Key in Apartaments","description":"Key Inn Apartments","publisher":{"@id":"https:\/\/www.keyinnapartments.com\/blog\/es\/#organization"},"potentialAction":[{"@type":"SearchAction","target":{"@type":"EntryPoint","urlTemplate":"https:\/\/www.keyinnapartments.com\/blog\/es\/?s={search_term_string}"},"query-input":{"@type":"PropertyValueSpecification","valueRequired":true,"valueName":"search_term_string"}}],"inLanguage":"es"},{"@type":"Organization","@id":"https:\/\/www.keyinnapartments.com\/blog\/es\/#organization","name":"Key Barcelona","url":"https:\/\/www.keyinnapartments.com\/blog\/es\/","logo":{"@type":"ImageObject","inLanguage":"es","@id":"https:\/\/www.keyinnapartments.com\/blog\/es\/#\/schema\/logo\/image\/","url":"https:\/\/www.keyinnapartments.com\/blog\/wp-content\/uploads\/2024\/04\/logo-11.png","contentUrl":"https:\/\/www.keyinnapartments.com\/blog\/wp-content\/uploads\/2024\/04\/logo-11.png","width":350,"height":442,"caption":"Key Barcelona"},"image":{"@id":"https:\/\/www.keyinnapartments.com\/blog\/es\/#\/schema\/logo\/image\/"},"sameAs":["https:\/\/www.facebook.com\/keyinnapartments\/","https:\/\/www.instagram.com\/keyinnapartments\/","https:\/\/www.linkedin.com\/company\/key-barcelona-apartments\/about\/"]},{"@type":"Person","@id":"https:\/\/www.keyinnapartments.com\/blog\/es\/#\/schema\/person\/ad874b614da9f01dc2ab0054bc6181e3","name":"digitalservices","image":{"@type":"ImageObject","inLanguage":"es","@id":"https:\/\/www.keyinnapartments.com\/blog\/es\/#\/schema\/person\/image\/","url":"https:\/\/secure.gravatar.com\/avatar\/af30f88a1904294c1f3eb09a9d7903eec4ffa18fa2cf40c28a8681014ecdfc20?s=96&d=mm&r=g","contentUrl":"https:\/\/secure.gravatar.com\/avatar\/af30f88a1904294c1f3eb09a9d7903eec4ffa18fa2cf40c28a8681014ecdfc20?s=96&d=mm&r=g","caption":"digitalservices"},"url":"https:\/\/www.keyinnapartments.com\/blog\/es\/author\/digitalservices\/"}]}},"_links":{"self":[{"href":"https:\/\/www.keyinnapartments.com\/blog\/es\/wp-json\/wp\/v2\/posts\/486","targetHints":{"allow":["GET"]}}],"collection":[{"href":"https:\/\/www.keyinnapartments.com\/blog\/es\/wp-json\/wp\/v2\/posts"}],"about":[{"href":"https:\/\/www.keyinnapartments.com\/blog\/es\/wp-json\/wp\/v2\/types\/post"}],"author":[{"embeddable":true,"href":"https:\/\/www.keyinnapartments.com\/blog\/es\/wp-json\/wp\/v2\/users\/3"}],"replies":[{"embeddable":true,"href":"https:\/\/www.keyinnapartments.com\/blog\/es\/wp-json\/wp\/v2\/comments?post=486"}],"version-history":[{"count":14,"href":"https:\/\/www.keyinnapartments.com\/blog\/es\/wp-json\/wp\/v2\/posts\/486\/revisions"}],"predecessor-version":[{"id":2186,"href":"https:\/\/www.keyinnapartments.com\/blog\/es\/wp-json\/wp\/v2\/posts\/486\/revisions\/2186"}],"wp:featuredmedia":[{"embeddable":true,"href":"https:\/\/www.keyinnapartments.com\/blog\/es\/wp-json\/wp\/v2\/media\/517"}],"wp:attachment":[{"href":"https:\/\/www.keyinnapartments.com\/blog\/es\/wp-json\/wp\/v2\/media?parent=486"}],"wp:term":[{"taxonomy":"category","embeddable":true,"href":"https:\/\/www.keyinnapartments.com\/blog\/es\/wp-json\/wp\/v2\/categories?post=486"},{"taxonomy":"post_tag","embeddable":true,"href":"https:\/\/www.keyinnapartments.com\/blog\/es\/wp-json\/wp\/v2\/tags?post=486"}],"curies":[{"name":"wp","href":"https:\/\/api.w.org\/{rel}","templated":true}]}}