{"id":799,"date":"2024-06-17T15:23:07","date_gmt":"2024-06-17T15:23:07","guid":{"rendered":"https:\/\/www.keyinnapartments.com\/blog\/?p=799"},"modified":"2024-12-19T10:04:02","modified_gmt":"2024-12-19T10:04:02","slug":"plazas-gracia-barcelona","status":"publish","type":"post","link":"https:\/\/www.keyinnapartments.com\/blog\/es\/plazas-gracia-barcelona\/","title":{"rendered":"Descubre el encanto de las plazas de Gracia en Barcelona"},"content":{"rendered":"\t\t<div data-elementor-type=\"wp-post\" data-elementor-id=\"799\" class=\"elementor elementor-799\" data-elementor-post-type=\"post\">\n\t\t\t\t<div class=\"elementor-element elementor-element-67caf1c e-flex e-con-boxed e-con e-parent\" data-id=\"67caf1c\" data-element_type=\"container\">\n\t\t\t\t\t<div class=\"e-con-inner\">\n\t\t\t\t<div class=\"elementor-element elementor-element-3cf337f1 elementor-widget elementor-widget-text-editor\" data-id=\"3cf337f1\" data-element_type=\"widget\" data-widget_type=\"text-editor.default\">\n\t\t\t\t<div class=\"elementor-widget-container\">\n\t\t\t\t\t\t\t\t\t<p style=\"font-weight: 400\">Las plazas de Gracia en Barcelona tienen un encanto que atrapa a cualquiera. Su ambiente bohemio, lleno de arte y cultura, ofrece <strong>una experiencia perfecta para conocer el barrio.<\/strong><\/p><p style=\"font-weight: 400\">\u00bfTienes ganas de conocer todas las plazas de Gracia en Barcelona? Te contamos cu\u00e1l es el encanto de cada una de ellas.<\/p>\t\t\t\t\t\t\t\t<\/div>\n\t\t\t\t<\/div>\n\t\t\t\t\t<\/div>\n\t\t\t\t<\/div>\n\t\t<div class=\"elementor-element elementor-element-34e9d105 e-flex e-con-boxed e-con e-parent\" data-id=\"34e9d105\" data-element_type=\"container\">\n\t\t\t\t\t<div class=\"e-con-inner\">\n\t\t\t\t<div class=\"elementor-element elementor-element-58e70d34 elementor-widget elementor-widget-table-of-contents\" data-id=\"58e70d34\" data-element_type=\"widget\" data-settings=\"{&quot;headings_by_tags&quot;:[&quot;h2&quot;,&quot;h3&quot;],&quot;exclude_headings_by_selector&quot;:[],&quot;marker_view&quot;:&quot;bullets&quot;,&quot;icon&quot;:{&quot;value&quot;:&quot;&quot;,&quot;library&quot;:&quot;&quot;},&quot;no_headings_message&quot;:&quot;No headings were found on this page.&quot;,&quot;hierarchical_view&quot;:&quot;yes&quot;,&quot;min_height&quot;:{&quot;unit&quot;:&quot;px&quot;,&quot;size&quot;:&quot;&quot;,&quot;sizes&quot;:[]},&quot;min_height_tablet&quot;:{&quot;unit&quot;:&quot;px&quot;,&quot;size&quot;:&quot;&quot;,&quot;sizes&quot;:[]},&quot;min_height_mobile&quot;:{&quot;unit&quot;:&quot;px&quot;,&quot;size&quot;:&quot;&quot;,&quot;sizes&quot;:[]}}\" data-widget_type=\"table-of-contents.default\">\n\t\t\t\t<div class=\"elementor-widget-container\">\n\t\t\t\t\t\t\t<div class=\"elementor-toc__header\">\n\t\t\t<div class=\"elementor-toc__header-title\">\n\t\t\t\t\u00cdndice\t\t\t<\/div>\n\t\t\t\t\t<\/div>\n\t\t<div id=\"elementor-toc__58e70d34\" class=\"elementor-toc__body\">\n\t\t\t<div class=\"elementor-toc__spinner-container\">\n\t\t\t\t<svg class=\"elementor-toc__spinner eicon-animation-spin e-font-icon-svg e-eicon-loading\" aria-hidden=\"true\" viewBox=\"0 0 1000 1000\" xmlns=\"http:\/\/www.w3.org\/2000\/svg\"><path d=\"M500 975V858C696 858 858 696 858 500S696 142 500 142 142 304 142 500H25C25 237 238 25 500 25S975 237 975 500 763 975 500 975Z\"><\/path><\/svg>\t\t\t<\/div>\n\t\t<\/div>\n\t\t\t\t\t\t<\/div>\n\t\t\t\t<\/div>\n\t\t\t\t\t<\/div>\n\t\t\t\t<\/div>\n\t\t<div class=\"elementor-element elementor-element-205a4571 e-flex e-con-boxed e-con e-parent\" data-id=\"205a4571\" data-element_type=\"container\">\n\t\t\t\t\t<div class=\"e-con-inner\">\n\t\t\t\t<div class=\"elementor-element elementor-element-78be9c2b elementor-widget elementor-widget-heading\" data-id=\"78be9c2b\" data-element_type=\"widget\" data-widget_type=\"heading.default\">\n\t\t\t\t<div class=\"elementor-widget-container\">\n\t\t\t\t\t<h2 class=\"elementor-heading-title elementor-size-default\">La historia de las plazas de Gracia en Barcelona<\/h2>\t\t\t\t<\/div>\n\t\t\t\t<\/div>\n\t\t\t\t<div class=\"elementor-element elementor-element-58f0d78d elementor-widget elementor-widget-text-editor\" data-id=\"58f0d78d\" data-element_type=\"widget\" data-widget_type=\"text-editor.default\">\n\t\t\t\t<div class=\"elementor-widget-container\">\n\t\t\t\t\t\t\t\t\t<p style=\"font-weight: 400;\">Las plazas de Gracia tienen mucha historia. Este barrio, que fue independiente hasta 1897, utilizaba sus plazas como <strong>centros de reuni\u00f3n social y como puntos clave para intercambiar, vender y comprar productos.<\/strong> Por aquel entonces, el <a href=\"https:\/\/www.keyinnapartments.com\/blog\/es\/barrio-gracia-barcelona\/\">barrio de Gracia<\/a> era un lugar que viv\u00eda principalmente de la agricultura y la artesan\u00eda.<\/p><p style=\"font-weight: 400;\">Y aunque muchas cosas han cambiado en Gracia, desde su arquitectura con la influencia de personalidades como Antoni Gaud\u00ed hasta el aumento de viviendas, comercios y habitantes, algo que ha permanecido intacto es la esencia de sus plazas. <strong>Cuando Barcelona anexion\u00f3 Gracia, estas plazas se mantuvieron intactas para que puedas recorrerlas y disfrutar de cada uno de sus rincones<\/strong>. \u00a1Mira cu\u00e1ntas hay!<\/p>\t\t\t\t\t\t\t\t<\/div>\n\t\t\t\t<\/div>\n\t\t\t\t\t<\/div>\n\t\t\t\t<\/div>\n\t\t<div class=\"elementor-element elementor-element-40ab459 e-flex e-con-boxed e-con e-parent\" data-id=\"40ab459\" data-element_type=\"container\">\n\t\t\t\t\t<div class=\"e-con-inner\">\n\t\t<div class=\"elementor-element elementor-element-cde3c1b e-con-full e-flex e-con e-child\" data-id=\"cde3c1b\" data-element_type=\"container\">\n\t\t\t\t<div class=\"elementor-element elementor-element-5832630d elementor-widget elementor-widget-heading\" data-id=\"5832630d\" data-element_type=\"widget\" data-widget_type=\"heading.default\">\n\t\t\t\t<div class=\"elementor-widget-container\">\n\t\t\t\t\t<h3 class=\"elementor-heading-title elementor-size-default\">Plaza del Diamant<\/h3>\t\t\t\t<\/div>\n\t\t\t\t<\/div>\n\t\t\t\t<div class=\"elementor-element elementor-element-4329fa8 elementor-widget elementor-widget-image\" data-id=\"4329fa8\" data-element_type=\"widget\" data-widget_type=\"image.default\">\n\t\t\t\t<div class=\"elementor-widget-container\">\n\t\t\t\t\t\t\t\t\t\t\t\t\t\t\t<img decoding=\"async\" src=\"https:\/\/www.keyinnapartments.com\/blog\/wp-content\/uploads\/2024\/06\/plaza-diamante-barcelona-751x430.jpg\" title=\"plaza-diamante-barcelona\" alt=\"plaza diamant barcelona\" loading=\"lazy\" \/>\t\t\t\t\t\t\t\t\t\t\t\t\t\t\t<\/div>\n\t\t\t\t<\/div>\n\t\t\t\t<div class=\"elementor-element elementor-element-2833ff6b elementor-widget elementor-widget-text-editor\" data-id=\"2833ff6b\" data-element_type=\"widget\" data-widget_type=\"text-editor.default\">\n\t\t\t\t<div class=\"elementor-widget-container\">\n\t\t\t\t\t\t\t\t\t<p style=\"font-weight: 400;\">La Pla\u00e7a del Diamant est\u00e1 llena de edificios elegantes con balcones adornados y <strong>posee una estatua famosa: \u00abLa Colometa\u00bb.<\/strong> Es un lugar de encuentro intergeneracional donde abuelos, padres, j\u00f3venes y ni\u00f1os se re\u00fanen.<\/p><p style=\"font-weight: 400;\">Aunque si por algo es conocida esta plaza de Gracia en Barcelona es por su culturalidad;<strong> inspir\u00f3 varias novelas<\/strong>, entre ellas \u00abLa pla\u00e7a del Diamant\u00bb de Merc\u00e8 Rodoreda, <strong>aunque su punto \u00e1lgido es durante la <a href=\"https:\/\/www.keyinnapartments.com\/blog\/es\/fiestas-gracia-barcelona\/\">Festa Major de Gr\u00e0cia<\/a><\/strong>; durante la cual se llena de decoraciones, actividades y m\u00fasica.<\/p><p style=\"font-weight: 400;\">\u00bfY un secreto? Bajo la Plaza del Diamant se encuentra uno de los refugios antia\u00e9reos que fue construido en 1937 durante la Guerra Civil. Este fue excavado por los propios vecinos y tiene capacidad para 300 personas y 12 metros de profundidad. Casi nada.<\/p>\t\t\t\t\t\t\t\t<\/div>\n\t\t\t\t<\/div>\n\t\t\t\t<\/div>\n\t\t<div class=\"elementor-element elementor-element-b287067 e-con-full e-flex e-con e-child\" data-id=\"b287067\" data-element_type=\"container\">\n\t\t\t\t<div class=\"elementor-element elementor-element-459cb31 elementor-widget elementor-widget-heading\" data-id=\"459cb31\" data-element_type=\"widget\" data-widget_type=\"heading.default\">\n\t\t\t\t<div class=\"elementor-widget-container\">\n\t\t\t\t\t<h3 class=\"elementor-heading-title elementor-size-default\">Plaza del Sol<\/h3>\t\t\t\t<\/div>\n\t\t\t\t<\/div>\n\t\t\t\t<div class=\"elementor-element elementor-element-0725e26 elementor-widget elementor-widget-image\" data-id=\"0725e26\" data-element_type=\"widget\" data-widget_type=\"image.default\">\n\t\t\t\t<div class=\"elementor-widget-container\">\n\t\t\t\t\t\t\t\t\t\t\t\t\t\t\t<img decoding=\"async\" src=\"https:\/\/www.keyinnapartments.com\/blog\/wp-content\/uploads\/2024\/06\/plaza-sol-barcelona-751x430.jpg\" title=\"plaza-sol-barcelona\" alt=\"plaza del sol barcelona\" loading=\"lazy\" \/>\t\t\t\t\t\t\t\t\t\t\t\t\t\t\t<\/div>\n\t\t\t\t<\/div>\n\t\t\t\t<div class=\"elementor-element elementor-element-ad73860 elementor-widget elementor-widget-text-editor\" data-id=\"ad73860\" data-element_type=\"widget\" data-widget_type=\"text-editor.default\">\n\t\t\t\t<div class=\"elementor-widget-container\">\n\t\t\t\t\t\t\t\t\t<p style=\"font-weight: 400\">La Plaza del Sol, aunque no es la m\u00e1s grande, <strong>es el alma del barrio de Gracia<\/strong>; su ambiente bohemio, sus bares y terrazas, son lugares populares tanto para vecinos como para turistas. Posee una de las estatuas m\u00e1s originales de la ciudad, \u00abEl Astrolabio\u00bb, y edificios de tonos c\u00e1lidos con balcones llenos de plantas que le dan un encanto especial. <strong>Disfrutar de una cerveza, un vermut o un caf\u00e9 aqu\u00ed se convierte en toda una experiencia.<\/strong><\/p><p style=\"font-weight: 400\">Y por la noche, la plaza se transforma radicalmente y se llena de m\u00fasica en vivo en los locales y tambi\u00e9n en las calles, con la presencia de artistas callejeros que llenan el aire con melod\u00edas de todo tipo, como flamenco y <em>jazz<\/em>.<\/p>\t\t\t\t\t\t\t\t<\/div>\n\t\t\t\t<\/div>\n\t\t\t\t<\/div>\n\t\t\t\t\t<\/div>\n\t\t\t\t<\/div>\n\t\t<div class=\"elementor-element elementor-element-0e3692e e-flex e-con-boxed e-con e-parent\" data-id=\"0e3692e\" data-element_type=\"container\">\n\t\t\t\t\t<div class=\"e-con-inner\">\n\t\t<div class=\"elementor-element elementor-element-d1a7e28 e-con-full e-flex e-con e-child\" data-id=\"d1a7e28\" data-element_type=\"container\">\n\t\t\t\t<div class=\"elementor-element elementor-element-36f9ed3 elementor-widget elementor-widget-heading\" data-id=\"36f9ed3\" data-element_type=\"widget\" data-widget_type=\"heading.default\">\n\t\t\t\t<div class=\"elementor-widget-container\">\n\t\t\t\t\t<h3 class=\"elementor-heading-title elementor-size-default\">Plaza de la Revoluci\u00f3n<\/h3>\t\t\t\t<\/div>\n\t\t\t\t<\/div>\n\t\t\t\t<div class=\"elementor-element elementor-element-737a7e2 elementor-widget elementor-widget-image\" data-id=\"737a7e2\" data-element_type=\"widget\" data-widget_type=\"image.default\">\n\t\t\t\t<div class=\"elementor-widget-container\">\n\t\t\t\t\t\t\t\t\t\t\t\t\t\t\t<img decoding=\"async\" src=\"https:\/\/www.keyinnapartments.com\/blog\/wp-content\/uploads\/2024\/06\/Plaza-de-la-Revolucion-barcelona-751x430.jpg\" title=\"Plaza-de-la-Revolucion-barcelona\" alt=\"Plaza de la Revolucion barcelona\" loading=\"lazy\" \/>\t\t\t\t\t\t\t\t\t\t\t\t\t\t\t<\/div>\n\t\t\t\t<\/div>\n\t\t\t\t<div class=\"elementor-element elementor-element-dbc1a62 elementor-widget elementor-widget-text-editor\" data-id=\"dbc1a62\" data-element_type=\"widget\" data-widget_type=\"text-editor.default\">\n\t\t\t\t<div class=\"elementor-widget-container\">\n\t\t\t\t\t\t\t\t\t<p style=\"font-weight: 400\">La Plaza de la Revoluci\u00f3n es una de esas que retiene toda la esencia de la ciudad. Es menos conocida que otras plazas de Gracia en Barcelona, pero un verdadero descubrimiento para aquellos que la recorren.<\/p><p style=\"font-weight: 400\">Tiene una amplia explanada de \u00e1rboles y est\u00e1 rodeada de edificios hist\u00f3ricos con balcones llenos de flores. El ambiente, en general, es relajado y muy familiar. <strong>Tiene poca oferta de restauraci\u00f3n pero lo que s\u00ed posee es una de las mejores helader\u00edas de Barcelona.<\/strong> \u00bfVas a resistirte a probar uno de sus deliciosos helados?<\/p>\t\t\t\t\t\t\t\t<\/div>\n\t\t\t\t<\/div>\n\t\t\t\t<\/div>\n\t\t<div class=\"elementor-element elementor-element-409d633 e-con-full e-flex e-con e-child\" data-id=\"409d633\" data-element_type=\"container\">\n\t\t\t\t<div class=\"elementor-element elementor-element-605c7b1 elementor-widget elementor-widget-heading\" data-id=\"605c7b1\" data-element_type=\"widget\" data-widget_type=\"heading.default\">\n\t\t\t\t<div class=\"elementor-widget-container\">\n\t\t\t\t\t<h3 class=\"elementor-heading-title elementor-size-default\">Plaza de la Vila de Gr\u00e0cia<\/h3>\t\t\t\t<\/div>\n\t\t\t\t<\/div>\n\t\t\t\t<div class=\"elementor-element elementor-element-7c52d29 elementor-widget elementor-widget-image\" data-id=\"7c52d29\" data-element_type=\"widget\" data-widget_type=\"image.default\">\n\t\t\t\t<div class=\"elementor-widget-container\">\n\t\t\t\t\t\t\t\t\t\t\t\t\t\t\t<img decoding=\"async\" src=\"https:\/\/www.keyinnapartments.com\/blog\/wp-content\/uploads\/2024\/06\/Plaza-de-la-Vila-de-Gracia\u200b-barcelona-751x430.webp\" title=\"Plaza de la Vila de Gr\u00e0cia\u200b barcelona\" alt=\"Plaza de la Vila de Gr\u00e0cia\u200b barcelona\" loading=\"lazy\" \/>\t\t\t\t\t\t\t\t\t\t\t\t\t\t\t<\/div>\n\t\t\t\t<\/div>\n\t\t\t\t<div class=\"elementor-element elementor-element-90e9942 elementor-widget elementor-widget-text-editor\" data-id=\"90e9942\" data-element_type=\"widget\" data-widget_type=\"text-editor.default\">\n\t\t\t\t<div class=\"elementor-widget-container\">\n\t\t\t\t\t\t\t\t\t<p style=\"font-weight: 400\">La Plaza de la Vila de Gr\u00e0cia en Barcelona, antiguamente conocida como Pla\u00e7a Rius i Taulet, es el verdadero coraz\u00f3n y tambi\u00e9n <strong>la sede administrativa del barrio.<\/strong> Est\u00e1 rodeada de edificios hist\u00f3ricos y coloridas fachadas, aunque lo que m\u00e1s destaca es su majestuoso campanario del siglo XIX, s\u00edmbolo del barrio y testigo de innumerables historias, como la sublevaci\u00f3n contra el\u00a0alistamiento forzoso\u00a0impuesta por el ej\u00e9rcito espa\u00f1ol. <strong>Mercados ambulantes y muchos artistas callejeros tambi\u00e9n se dejan caer habitualmente por esta plaza<\/strong> de Gracia en Barcelona, haciendo que visitarla sea una experiencia completa.<\/p>\t\t\t\t\t\t\t\t<\/div>\n\t\t\t\t<\/div>\n\t\t\t\t<\/div>\n\t\t\t\t\t<\/div>\n\t\t\t\t<\/div>\n\t\t<div class=\"elementor-element elementor-element-72a54e9 e-flex e-con-boxed e-con e-parent\" data-id=\"72a54e9\" data-element_type=\"container\">\n\t\t\t\t\t<div class=\"e-con-inner\">\n\t\t<div class=\"elementor-element elementor-element-0a1e881 e-con-full e-flex e-con e-child\" data-id=\"0a1e881\" data-element_type=\"container\">\n\t\t\t\t<div class=\"elementor-element elementor-element-a754a22 elementor-widget elementor-widget-heading\" data-id=\"a754a22\" data-element_type=\"widget\" data-widget_type=\"heading.default\">\n\t\t\t\t<div class=\"elementor-widget-container\">\n\t\t\t\t\t<h3 class=\"elementor-heading-title elementor-size-default\">Plaza del Raspall<\/h3>\t\t\t\t<\/div>\n\t\t\t\t<\/div>\n\t\t\t\t<div class=\"elementor-element elementor-element-c15ff35 elementor-widget elementor-widget-image\" data-id=\"c15ff35\" data-element_type=\"widget\" data-widget_type=\"image.default\">\n\t\t\t\t<div class=\"elementor-widget-container\">\n\t\t\t\t\t\t\t\t\t\t\t\t\t\t\t<img decoding=\"async\" src=\"https:\/\/www.keyinnapartments.com\/blog\/wp-content\/uploads\/2024\/06\/Plaza-del-Raspall\u200b-barcelona-751x430.jpg\" title=\"Plaza del Raspall\u200b barcelona\" alt=\"Plaza del Raspall\u200b barcelona\" loading=\"lazy\" \/>\t\t\t\t\t\t\t\t\t\t\t\t\t\t\t<\/div>\n\t\t\t\t<\/div>\n\t\t\t\t<div class=\"elementor-element elementor-element-98d8f21 elementor-widget elementor-widget-text-editor\" data-id=\"98d8f21\" data-element_type=\"widget\" data-widget_type=\"text-editor.default\">\n\t\t\t\t<div class=\"elementor-widget-container\">\n\t\t\t\t\t\t\t\t\t<p style=\"font-weight: 400\">La Plaza del Raspall es m\u00e1s peque\u00f1a y menos conocida que las anteriores, pero su encanto reside precisamente en eso. Est\u00e1 rodeada de edificios bajos y coloridos, muchos de ellos decorados con murales y <em>graffitis<\/em> art\u00edsticos. Tambi\u00e9n tiene una peque\u00f1a fuente en el centro, que le confiere cierto encanto a esta plaza de Gracia en Barcelona y adem\u00e1s de <strong>tiendas y caf\u00e9s que ofrecen delicias gastron\u00f3micas y artesan\u00edas<\/strong>, el protagonista de esta plaza es el Museo del Cepillo. \u00bfA qu\u00e9 esperas para visitarlo?<\/p>\t\t\t\t\t\t\t\t<\/div>\n\t\t\t\t<\/div>\n\t\t\t\t<\/div>\n\t\t<div class=\"elementor-element elementor-element-6d513a2 e-con-full e-flex e-con e-child\" data-id=\"6d513a2\" data-element_type=\"container\">\n\t\t\t\t<div class=\"elementor-element elementor-element-b5fd4f6 elementor-widget elementor-widget-heading\" data-id=\"b5fd4f6\" data-element_type=\"widget\" data-widget_type=\"heading.default\">\n\t\t\t\t<div class=\"elementor-widget-container\">\n\t\t\t\t\t<h3 class=\"elementor-heading-title elementor-size-default\">Plaza de la Virreina<\/h3>\t\t\t\t<\/div>\n\t\t\t\t<\/div>\n\t\t\t\t<div class=\"elementor-element elementor-element-ca44282 elementor-widget elementor-widget-image\" data-id=\"ca44282\" data-element_type=\"widget\" data-widget_type=\"image.default\">\n\t\t\t\t<div class=\"elementor-widget-container\">\n\t\t\t\t\t\t\t\t\t\t\t\t\t\t\t<img decoding=\"async\" src=\"https:\/\/www.keyinnapartments.com\/blog\/wp-content\/uploads\/2024\/06\/Plaza-de-la-Virreina\u200b-barcelona-751x428.jpg\" title=\"Plaza de la Virreina\u200b barcelona\" alt=\"Plaza de la Virreina\u200b barcelona\" loading=\"lazy\" \/>\t\t\t\t\t\t\t\t\t\t\t\t\t\t\t<\/div>\n\t\t\t\t<\/div>\n\t\t\t\t<div class=\"elementor-element elementor-element-236453f elementor-widget elementor-widget-text-editor\" data-id=\"236453f\" data-element_type=\"widget\" data-widget_type=\"text-editor.default\">\n\t\t\t\t<div class=\"elementor-widget-container\">\n\t\t\t\t\t\t\t\t\t<p style=\"font-weight: 400\">La Plaza de la Virreina <strong>est\u00e1 presidida por la imponente iglesia de Sant Joan y por varios edificios de valor incalculable<\/strong>, arquitect\u00f3nicamente hablando. Tambi\u00e9n tiene muchos \u00e1rboles frondosos que ofrecen sombra, un punto a favor en los d\u00edas de calor, y varios bancos que invitan a sentarse y relajarse en esta plaza de Gracia en Barcelona; en la que en muchas ocasiones suena desde aut\u00e9ntico <em>jazz<\/em> hasta m\u00fasica cl\u00e1sica.<\/p>\t\t\t\t\t\t\t\t<\/div>\n\t\t\t\t<\/div>\n\t\t\t\t<\/div>\n\t\t\t\t\t<\/div>\n\t\t\t\t<\/div>\n\t\t<div class=\"elementor-element elementor-element-8325cae e-flex e-con-boxed e-con e-parent\" data-id=\"8325cae\" data-element_type=\"container\">\n\t\t\t\t\t<div class=\"e-con-inner\">\n\t\t<div class=\"elementor-element elementor-element-8feb55c e-con-full e-flex e-con e-child\" data-id=\"8feb55c\" data-element_type=\"container\">\n\t\t\t\t<div class=\"elementor-element elementor-element-0631756 elementor-widget elementor-widget-heading\" data-id=\"0631756\" data-element_type=\"widget\" data-widget_type=\"heading.default\">\n\t\t\t\t<div class=\"elementor-widget-container\">\n\t\t\t\t\t<h3 class=\"elementor-heading-title elementor-size-default\">Plaza de Rovira i Trias<\/h3>\t\t\t\t<\/div>\n\t\t\t\t<\/div>\n\t\t\t\t<div class=\"elementor-element elementor-element-56faa9d elementor-widget elementor-widget-image\" data-id=\"56faa9d\" data-element_type=\"widget\" data-widget_type=\"image.default\">\n\t\t\t\t<div class=\"elementor-widget-container\">\n\t\t\t\t\t\t\t\t\t\t\t\t\t\t\t<img decoding=\"async\" src=\"https:\/\/www.keyinnapartments.com\/blog\/wp-content\/uploads\/2024\/06\/plaza-Rovira-i-Trias.jpg\" title=\"\" alt=\"\" loading=\"lazy\" \/>\t\t\t\t\t\t\t\t\t\t\t\t\t\t\t<\/div>\n\t\t\t\t<\/div>\n\t\t\t\t<div class=\"elementor-element elementor-element-c2085ab elementor-widget elementor-widget-text-editor\" data-id=\"c2085ab\" data-element_type=\"widget\" data-widget_type=\"text-editor.default\">\n\t\t\t\t<div class=\"elementor-widget-container\">\n\t\t\t\t\t\t\t\t\t<p style=\"font-weight: 400\">Esta plaza de Gracia en Barcelona est\u00e1 dedicada al ilustre arquitecto Rovira i Trias con una escultura en su honor reposando sobre uno de sus bancos. Adem\u00e1s, es una de las plazas de Gracia con <strong>mayor variedad de edificios de distintas \u00e9pocas y tambi\u00e9n una de las que cuenta con m\u00e1s tradici\u00f3n cinematogr\u00e1fica<\/strong>; ya que fue el emplazamiento de uno de los cines m\u00e1s reputados del barrio, \u00abEl Cine Verdi\u00bb \u2014que ya no existe\u2014, y el espacio de rodaje de pel\u00edculas como \u00abEl brujo de Shangh\u00e1i\u00bb.<\/p>\t\t\t\t\t\t\t\t<\/div>\n\t\t\t\t<\/div>\n\t\t\t\t<\/div>\n\t\t<div class=\"elementor-element elementor-element-23e2f25 e-con-full e-flex e-con e-child\" data-id=\"23e2f25\" data-element_type=\"container\">\n\t\t\t\t<div class=\"elementor-element elementor-element-f27af95 elementor-widget elementor-widget-heading\" data-id=\"f27af95\" data-element_type=\"widget\" data-widget_type=\"heading.default\">\n\t\t\t\t<div class=\"elementor-widget-container\">\n\t\t\t\t\t<h3 class=\"elementor-heading-title elementor-size-default\">Plaza del Nord<\/h3>\t\t\t\t<\/div>\n\t\t\t\t<\/div>\n\t\t\t\t<div class=\"elementor-element elementor-element-9f9afcd elementor-widget elementor-widget-image\" data-id=\"9f9afcd\" data-element_type=\"widget\" data-widget_type=\"image.default\">\n\t\t\t\t<div class=\"elementor-widget-container\">\n\t\t\t\t\t\t\t\t\t\t\t\t\t\t\t<img decoding=\"async\" src=\"https:\/\/www.keyinnapartments.com\/blog\/wp-content\/uploads\/2024\/06\/Plaza-del-Nord\u200b-barcelona-751x430.jpg\" title=\"Plaza del Nord\u200b barcelona\" alt=\"Plaza del Nord\u200b barcelona\" loading=\"lazy\" \/>\t\t\t\t\t\t\t\t\t\t\t\t\t\t\t<\/div>\n\t\t\t\t<\/div>\n\t\t\t\t<div class=\"elementor-element elementor-element-2c8c440 elementor-widget elementor-widget-text-editor\" data-id=\"2c8c440\" data-element_type=\"widget\" data-widget_type=\"text-editor.default\">\n\t\t\t\t<div class=\"elementor-widget-container\">\n\t\t\t\t\t\t\t\t\t<p style=\"font-weight: 400;\">La Plaza del Nord posee jardines con tipuanas frondosas, edificios bajos con fachadas coloridas y una fuente.<strong> Tiene el aire de un peque\u00f1o pueblo dentro de una gran ciudad, con muchos bancos y terrazas de caf\u00e9s y bares que ofrecen el lugar perfecto para relajarse con una bebida y con un aperitivo.<\/strong> Tambi\u00e9n funciona como centro cultural, con mercados de artesan\u00eda, exposiciones y m\u00fasica en vivo durante todo el a\u00f1o.<\/p>\t\t\t\t\t\t\t\t<\/div>\n\t\t\t\t<\/div>\n\t\t\t\t<\/div>\n\t\t\t\t\t<\/div>\n\t\t\t\t<\/div>\n\t\t<div class=\"elementor-element elementor-element-3d70fb8 e-flex e-con-boxed e-con e-parent\" data-id=\"3d70fb8\" data-element_type=\"container\">\n\t\t\t\t\t<div class=\"e-con-inner\">\n\t\t<div class=\"elementor-element elementor-element-68df34b e-con-full e-flex e-con e-child\" data-id=\"68df34b\" data-element_type=\"container\">\n\t\t\t\t<div class=\"elementor-element elementor-element-e417358 elementor-widget elementor-widget-heading\" data-id=\"e417358\" data-element_type=\"widget\" data-widget_type=\"heading.default\">\n\t\t\t\t<div class=\"elementor-widget-container\">\n\t\t\t\t\t<h3 class=\"elementor-heading-title elementor-size-default\">Plaza del Pueblo Gitano<\/h3>\t\t\t\t<\/div>\n\t\t\t\t<\/div>\n\t\t\t\t<div class=\"elementor-element elementor-element-027e1be elementor-widget elementor-widget-image\" data-id=\"027e1be\" data-element_type=\"widget\" data-widget_type=\"image.default\">\n\t\t\t\t<div class=\"elementor-widget-container\">\n\t\t\t\t\t\t\t\t\t\t\t\t\t\t\t<img decoding=\"async\" src=\"https:\/\/www.keyinnapartments.com\/blog\/wp-content\/uploads\/2024\/06\/Plaza-del-Pueblo-Gitano\u200b-barcelona-751x430.jpg\" title=\"Plaza del Pueblo Gitano\u200b barcelona\" alt=\"Plaza del Pueblo Gitano\u200b barcelona\" loading=\"lazy\" \/>\t\t\t\t\t\t\t\t\t\t\t\t\t\t\t<\/div>\n\t\t\t\t<\/div>\n\t\t\t\t<div class=\"elementor-element elementor-element-593ccd7 elementor-widget elementor-widget-text-editor\" data-id=\"593ccd7\" data-element_type=\"widget\" data-widget_type=\"text-editor.default\">\n\t\t\t\t<div class=\"elementor-widget-container\">\n\t\t\t\t\t\t\t\t\t<p style=\"font-weight: 400;\">La plaza del barrio de Gracia en Barcelona que m\u00e1s puede llamar tu atenci\u00f3n es esta. Est\u00e1 rodeada de edificios pintorescos y coloridos, adornados con murales y detalles arquitect\u00f3nicos que giran en torno a la cultura gitana. Durante el d\u00eda, <strong>est\u00e1 repleta de vecinos conversando y comerciantes ofreciendo sus productos, tambi\u00e9n de conciertos de m\u00fasica flamenca y rumba, de actuaciones de baile y de ferias de artesan\u00eda y de gastronom\u00eda<\/strong>, que atraen tanto a locales como a visitantes.<\/p>\t\t\t\t\t\t\t\t<\/div>\n\t\t\t\t<\/div>\n\t\t\t\t<\/div>\n\t\t<div class=\"elementor-element elementor-element-01d91ea e-con-full e-flex e-con e-child\" data-id=\"01d91ea\" data-element_type=\"container\">\n\t\t\t\t<div class=\"elementor-element elementor-element-ca895ec elementor-widget elementor-widget-heading\" data-id=\"ca895ec\" data-element_type=\"widget\" data-widget_type=\"heading.default\">\n\t\t\t\t<div class=\"elementor-widget-container\">\n\t\t\t\t\t<h3 class=\"elementor-heading-title elementor-size-default\">Pla\u00e7a de les Dones del 36<\/h3>\t\t\t\t<\/div>\n\t\t\t\t<\/div>\n\t\t\t\t<div class=\"elementor-element elementor-element-f5335ae elementor-widget elementor-widget-image\" data-id=\"f5335ae\" data-element_type=\"widget\" data-widget_type=\"image.default\">\n\t\t\t\t<div class=\"elementor-widget-container\">\n\t\t\t\t\t\t\t\t\t\t\t\t\t\t\t<img decoding=\"async\" src=\"https:\/\/www.keyinnapartments.com\/blog\/wp-content\/uploads\/2024\/06\/Placa-de-les-Dones-del-36\u200b-barcelona-751x430.jpg\" title=\"Pla\u00e7a de les Dones del 36\u200b barcelona\" alt=\"Pla\u00e7a de les Dones del 36\u200b barcelona\" loading=\"lazy\" \/>\t\t\t\t\t\t\t\t\t\t\t\t\t\t\t<\/div>\n\t\t\t\t<\/div>\n\t\t\t\t<div class=\"elementor-element elementor-element-8fb8da4 elementor-widget elementor-widget-text-editor\" data-id=\"8fb8da4\" data-element_type=\"widget\" data-widget_type=\"text-editor.default\">\n\t\t\t\t<div class=\"elementor-widget-container\">\n\t\t\t\t\t\t\t\t\t<p style=\"font-weight: 400\">Y finalizamos este listado con la Pla\u00e7a de les Dones del 36, que <strong>homenajea a las mujeres que lucharon durante la Guerra Civil Espa\u00f1ola.<\/strong> Es un espacio tranquilo y muy acogedor, con varios \u00e1rboles y plantas, bancos y muchas terrazas. Esta plaza de Gracia en Barcelona tambi\u00e9n es uno de los epicentros de la culturalidad de la ciudad; acoge charlas, exposiciones y proyecciones que mantienen viva la memoria hist\u00f3rica y fortalecen la comunidad.<\/p>\t\t\t\t\t\t\t\t<\/div>\n\t\t\t\t<\/div>\n\t\t\t\t<\/div>\n\t\t\t\t\t<\/div>\n\t\t\t\t<\/div>\n\t\t<div class=\"elementor-element elementor-element-6832eb1c e-flex e-con-boxed e-con e-parent\" data-id=\"6832eb1c\" data-element_type=\"container\">\n\t\t\t\t\t<div class=\"e-con-inner\">\n\t\t\t\t<div class=\"elementor-element elementor-element-44000033 elementor-widget elementor-widget-heading\" data-id=\"44000033\" data-element_type=\"widget\" data-widget_type=\"heading.default\">\n\t\t\t\t<div class=\"elementor-widget-container\">\n\t\t\t\t\t<h2 class=\"elementor-heading-title elementor-size-default\">Vive la atm\u00f3sfera \u00fanica de las plazas de Gracia<\/h2>\t\t\t\t<\/div>\n\t\t\t\t<\/div>\n\t\t\t\t<div class=\"elementor-element elementor-element-7f5a9d2b elementor-widget elementor-widget-text-editor\" data-id=\"7f5a9d2b\" data-element_type=\"widget\" data-widget_type=\"text-editor.default\">\n\t\t\t\t<div class=\"elementor-widget-container\">\n\t\t\t\t\t\t\t\t\t<p style=\"font-weight: 400;\">\u00bfQu\u00e9 te han parecido las plazas de Gracia en Barcelona? \u00bfMuchas? \u00bfPocas? Desde luego, <strong>podemos decir que es uno de los barrios con m\u00e1s plazas y vida cultural de Espa\u00f1a.<\/strong><\/p><p style=\"font-weight: 400;\">Y si est\u00e1s pensando en visitarlo, tenemos los alojamientos perfectos para que recorrerlas todas y cada una de ellas est\u00e9 al alcance de tu mano, con apartamentos de todo tipo: grandes, peque\u00f1os, con terraza, sin ella\u2026<\/p><p style=\"font-weight: 400;\">T\u00fa solo tienes que echar un ojo a nuestra web, escoger uno, reservar y venirte al barrio de Gracia a disfrutar de todas sus plazas. \u00a1Te esperamos!<\/p>\t\t\t\t\t\t\t\t<\/div>\n\t\t\t\t<\/div>\n\t\t\t\t\t<\/div>\n\t\t\t\t<\/div>\n\t\t<div class=\"elementor-element elementor-element-3d3e9b04 e-flex e-con-boxed e-con e-parent\" data-id=\"3d3e9b04\" data-element_type=\"container\">\n\t\t\t\t\t<div class=\"e-con-inner\">\n\t\t<div class=\"elementor-element elementor-element-26eacb23 e-con-full e-flex e-con e-child\" data-id=\"26eacb23\" data-element_type=\"container\" data-settings=\"{&quot;background_background&quot;:&quot;classic&quot;}\">\n\t\t\t\t<div class=\"elementor-element elementor-element-5e0c2ba8 elementor-align-center elementor-widget elementor-widget-button\" data-id=\"5e0c2ba8\" data-element_type=\"widget\" data-widget_type=\"button.default\">\n\t\t\t\t<div class=\"elementor-widget-container\">\n\t\t\t\t\t\t\t\t\t<div class=\"elementor-button-wrapper\">\n\t\t\t\t\t<a class=\"elementor-button elementor-button-link elementor-size-sm\" href=\"https:\/\/www.keyinnapartments.com\/es\/alquiler-vacacional-barcelona\/\">\n\t\t\t\t\t\t<span class=\"elementor-button-content-wrapper\">\n\t\t\t\t\t\t\t\t\t<span class=\"elementor-button-text\">Alojamientos<\/span>\n\t\t\t\t\t<\/span>\n\t\t\t\t\t<\/a>\n\t\t\t\t<\/div>\n\t\t\t\t\t\t\t\t<\/div>\n\t\t\t\t<\/div>\n\t\t\t\t<\/div>\n\t\t<div class=\"elementor-element elementor-element-38881131 e-con-full e-flex e-con e-child\" data-id=\"38881131\" data-element_type=\"container\" data-settings=\"{&quot;background_background&quot;:&quot;classic&quot;}\">\n\t\t\t\t<div class=\"elementor-element elementor-element-34939e51 elementor-align-center elementor-widget elementor-widget-button\" data-id=\"34939e51\" data-element_type=\"widget\" data-widget_type=\"button.default\">\n\t\t\t\t<div class=\"elementor-widget-container\">\n\t\t\t\t\t\t\t\t\t<div class=\"elementor-button-wrapper\">\n\t\t\t\t\t<a class=\"elementor-button elementor-button-link elementor-size-sm\" href=\"https:\/\/www.keyinnapartments.com\/es\/apartamentos-turisticos-barcelona\/\">\n\t\t\t\t\t\t<span class=\"elementor-button-content-wrapper\">\n\t\t\t\t\t\t\t\t\t<span class=\"elementor-button-text\">Apartamentos<\/span>\n\t\t\t\t\t<\/span>\n\t\t\t\t\t<\/a>\n\t\t\t\t<\/div>\n\t\t\t\t\t\t\t\t<\/div>\n\t\t\t\t<\/div>\n\t\t\t\t<\/div>\n\t\t\t\t\t<\/div>\n\t\t\t\t<\/div>\n\t\t\t\t<\/div>\n\t\t","protected":false},"excerpt":{"rendered":"<p>Las plazas de Gracia en Barcelona tienen un encanto que atrapa a cualquiera. Su ambiente bohemio, lleno de arte y cultura, ofrece una experiencia perfecta para conocer el barrio. \u00bfTienes ganas de conocer todas las plazas de Gracia en Barcelona? Te contamos cu\u00e1l es el encanto de cada una de ellas. \u00cdndice La historia de [&hellip;]<\/p>\n","protected":false},"author":3,"featured_media":895,"comment_status":"open","ping_status":"open","sticky":false,"template":"","format":"standard","meta":{"footnotes":""},"categories":[51,34,23],"tags":[],"class_list":["post-799","post","type-post","status-publish","format-standard","has-post-thumbnail","hentry","category-actividades","category-barcelona-es","category-barrio-de-gracia"],"yoast_head":"<!-- This site is optimized with the Yoast SEO plugin v25.3.1 - https:\/\/yoast.com\/wordpress\/plugins\/seo\/ -->\n<title>Las Plazas de Gracia en Barcelona<\/title>\n<meta name=\"description\" content=\"Ven a conocer todas las plazas de Gracia en Barcelona, perfectas para disfrutar de la arquitectura, historia, mercados y m\u00fasica de la ciudad.\" \/>\n<meta name=\"robots\" content=\"index, follow, max-snippet:-1, max-image-preview:large, max-video-preview:-1\" \/>\n<link rel=\"canonical\" href=\"https:\/\/www.keyinnapartments.com\/blog\/es\/plazas-gracia-barcelona\/\" \/>\n<meta property=\"og:locale\" content=\"es_ES\" \/>\n<meta property=\"og:type\" content=\"article\" \/>\n<meta property=\"og:title\" content=\"Las Plazas de Gracia en Barcelona\" \/>\n<meta property=\"og:description\" content=\"Ven a conocer todas las plazas de Gracia en Barcelona, perfectas para disfrutar de la arquitectura, historia, mercados y m\u00fasica de la ciudad.\" \/>\n<meta property=\"og:url\" content=\"https:\/\/www.keyinnapartments.com\/blog\/es\/plazas-gracia-barcelona\/\" \/>\n<meta property=\"og:site_name\" content=\"Blog de viaje Barcelona\" \/>\n<meta property=\"article:publisher\" content=\"https:\/\/www.facebook.com\/keyinnapartments\/\" \/>\n<meta property=\"article:published_time\" content=\"2024-06-17T15:23:07+00:00\" \/>\n<meta property=\"article:modified_time\" content=\"2024-12-19T10:04:02+00:00\" \/>\n<meta property=\"og:image\" content=\"https:\/\/www.keyinnapartments.com\/blog\/wp-content\/uploads\/2024\/06\/plaza-gracia-barcelona.jpg\" \/>\n\t<meta property=\"og:image:width\" content=\"1920\" \/>\n\t<meta property=\"og:image:height\" content=\"630\" \/>\n\t<meta property=\"og:image:type\" content=\"image\/jpeg\" \/>\n<meta name=\"author\" content=\"digitalservices\" \/>\n<meta name=\"twitter:card\" content=\"summary_large_image\" \/>\n<meta name=\"twitter:label1\" content=\"Written by\" \/>\n\t<meta name=\"twitter:data1\" content=\"digitalservices\" \/>\n\t<meta name=\"twitter:label2\" content=\"Est. reading time\" \/>\n\t<meta name=\"twitter:data2\" content=\"8 minutes\" \/>\n<script type=\"application\/ld+json\" class=\"yoast-schema-graph\">{\"@context\":\"https:\/\/schema.org\",\"@graph\":[{\"@type\":\"Article\",\"@id\":\"https:\/\/www.keyinnapartments.com\/blog\/es\/plazas-gracia-barcelona\/#article\",\"isPartOf\":{\"@id\":\"https:\/\/www.keyinnapartments.com\/blog\/es\/plazas-gracia-barcelona\/\"},\"author\":{\"name\":\"digitalservices\",\"@id\":\"https:\/\/www.keyinnapartments.com\/blog\/es\/#\/schema\/person\/ad874b614da9f01dc2ab0054bc6181e3\"},\"headline\":\"Descubre el encanto de las plazas de Gracia en Barcelona\",\"datePublished\":\"2024-06-17T15:23:07+00:00\",\"dateModified\":\"2024-12-19T10:04:02+00:00\",\"mainEntityOfPage\":{\"@id\":\"https:\/\/www.keyinnapartments.com\/blog\/es\/plazas-gracia-barcelona\/\"},\"wordCount\":1293,\"commentCount\":0,\"publisher\":{\"@id\":\"https:\/\/www.keyinnapartments.com\/blog\/es\/#organization\"},\"image\":{\"@id\":\"https:\/\/www.keyinnapartments.com\/blog\/es\/plazas-gracia-barcelona\/#primaryimage\"},\"thumbnailUrl\":\"https:\/\/www.keyinnapartments.com\/blog\/wp-content\/uploads\/2024\/06\/plaza-gracia-barcelona.jpg\",\"articleSection\":[\"Actividades\",\"Barcelona\",\"Barrio de Gracia\"],\"inLanguage\":\"es\",\"potentialAction\":[{\"@type\":\"CommentAction\",\"name\":\"Comment\",\"target\":[\"https:\/\/www.keyinnapartments.com\/blog\/es\/plazas-gracia-barcelona\/#respond\"]}]},{\"@type\":\"WebPage\",\"@id\":\"https:\/\/www.keyinnapartments.com\/blog\/es\/plazas-gracia-barcelona\/\",\"url\":\"https:\/\/www.keyinnapartments.com\/blog\/es\/plazas-gracia-barcelona\/\",\"name\":\"Las Plazas de Gracia en Barcelona\",\"isPartOf\":{\"@id\":\"https:\/\/www.keyinnapartments.com\/blog\/es\/#website\"},\"primaryImageOfPage\":{\"@id\":\"https:\/\/www.keyinnapartments.com\/blog\/es\/plazas-gracia-barcelona\/#primaryimage\"},\"image\":{\"@id\":\"https:\/\/www.keyinnapartments.com\/blog\/es\/plazas-gracia-barcelona\/#primaryimage\"},\"thumbnailUrl\":\"https:\/\/www.keyinnapartments.com\/blog\/wp-content\/uploads\/2024\/06\/plaza-gracia-barcelona.jpg\",\"datePublished\":\"2024-06-17T15:23:07+00:00\",\"dateModified\":\"2024-12-19T10:04:02+00:00\",\"description\":\"Ven a conocer todas las plazas de Gracia en Barcelona, perfectas para disfrutar de la arquitectura, historia, mercados y m\u00fasica de la ciudad.\",\"breadcrumb\":{\"@id\":\"https:\/\/www.keyinnapartments.com\/blog\/es\/plazas-gracia-barcelona\/#breadcrumb\"},\"inLanguage\":\"es\",\"potentialAction\":[{\"@type\":\"ReadAction\",\"target\":[\"https:\/\/www.keyinnapartments.com\/blog\/es\/plazas-gracia-barcelona\/\"]}]},{\"@type\":\"ImageObject\",\"inLanguage\":\"es\",\"@id\":\"https:\/\/www.keyinnapartments.com\/blog\/es\/plazas-gracia-barcelona\/#primaryimage\",\"url\":\"https:\/\/www.keyinnapartments.com\/blog\/wp-content\/uploads\/2024\/06\/plaza-gracia-barcelona.jpg\",\"contentUrl\":\"https:\/\/www.keyinnapartments.com\/blog\/wp-content\/uploads\/2024\/06\/plaza-gracia-barcelona.jpg\",\"width\":1920,\"height\":630,\"caption\":\"plazas gracia barcelona\"},{\"@type\":\"BreadcrumbList\",\"@id\":\"https:\/\/www.keyinnapartments.com\/blog\/es\/plazas-gracia-barcelona\/#breadcrumb\",\"itemListElement\":[{\"@type\":\"ListItem\",\"position\":1,\"name\":\"Home\",\"item\":\"https:\/\/www.keyinnapartments.com\/blog\/es\/\"},{\"@type\":\"ListItem\",\"position\":2,\"name\":\"Descubre el encanto de las plazas de Gracia en Barcelona\"}]},{\"@type\":\"WebSite\",\"@id\":\"https:\/\/www.keyinnapartments.com\/blog\/es\/#website\",\"url\":\"https:\/\/www.keyinnapartments.com\/blog\/es\/\",\"name\":\"Key in Apartaments\",\"description\":\"Key Inn Apartments\",\"publisher\":{\"@id\":\"https:\/\/www.keyinnapartments.com\/blog\/es\/#organization\"},\"potentialAction\":[{\"@type\":\"SearchAction\",\"target\":{\"@type\":\"EntryPoint\",\"urlTemplate\":\"https:\/\/www.keyinnapartments.com\/blog\/es\/?s={search_term_string}\"},\"query-input\":{\"@type\":\"PropertyValueSpecification\",\"valueRequired\":true,\"valueName\":\"search_term_string\"}}],\"inLanguage\":\"es\"},{\"@type\":\"Organization\",\"@id\":\"https:\/\/www.keyinnapartments.com\/blog\/es\/#organization\",\"name\":\"Key Barcelona\",\"url\":\"https:\/\/www.keyinnapartments.com\/blog\/es\/\",\"logo\":{\"@type\":\"ImageObject\",\"inLanguage\":\"es\",\"@id\":\"https:\/\/www.keyinnapartments.com\/blog\/es\/#\/schema\/logo\/image\/\",\"url\":\"https:\/\/www.keyinnapartments.com\/blog\/wp-content\/uploads\/2024\/04\/logo-11.png\",\"contentUrl\":\"https:\/\/www.keyinnapartments.com\/blog\/wp-content\/uploads\/2024\/04\/logo-11.png\",\"width\":350,\"height\":442,\"caption\":\"Key Barcelona\"},\"image\":{\"@id\":\"https:\/\/www.keyinnapartments.com\/blog\/es\/#\/schema\/logo\/image\/\"},\"sameAs\":[\"https:\/\/www.facebook.com\/keyinnapartments\/\",\"https:\/\/www.instagram.com\/keyinnapartments\/\",\"https:\/\/www.linkedin.com\/company\/key-barcelona-apartments\/about\/\"]},{\"@type\":\"Person\",\"@id\":\"https:\/\/www.keyinnapartments.com\/blog\/es\/#\/schema\/person\/ad874b614da9f01dc2ab0054bc6181e3\",\"name\":\"digitalservices\",\"image\":{\"@type\":\"ImageObject\",\"inLanguage\":\"es\",\"@id\":\"https:\/\/www.keyinnapartments.com\/blog\/es\/#\/schema\/person\/image\/\",\"url\":\"https:\/\/secure.gravatar.com\/avatar\/af30f88a1904294c1f3eb09a9d7903eec4ffa18fa2cf40c28a8681014ecdfc20?s=96&d=mm&r=g\",\"contentUrl\":\"https:\/\/secure.gravatar.com\/avatar\/af30f88a1904294c1f3eb09a9d7903eec4ffa18fa2cf40c28a8681014ecdfc20?s=96&d=mm&r=g\",\"caption\":\"digitalservices\"},\"url\":\"https:\/\/www.keyinnapartments.com\/blog\/es\/author\/digitalservices\/\"}]}<\/script>\n<!-- \/ Yoast SEO plugin. -->","yoast_head_json":{"title":"Las Plazas de Gracia en Barcelona","description":"Ven a conocer todas las plazas de Gracia en Barcelona, perfectas para disfrutar de la arquitectura, historia, mercados y m\u00fasica de la ciudad.","robots":{"index":"index","follow":"follow","max-snippet":"max-snippet:-1","max-image-preview":"max-image-preview:large","max-video-preview":"max-video-preview:-1"},"canonical":"https:\/\/www.keyinnapartments.com\/blog\/es\/plazas-gracia-barcelona\/","og_locale":"es_ES","og_type":"article","og_title":"Las Plazas de Gracia en Barcelona","og_description":"Ven a conocer todas las plazas de Gracia en Barcelona, perfectas para disfrutar de la arquitectura, historia, mercados y m\u00fasica de la ciudad.","og_url":"https:\/\/www.keyinnapartments.com\/blog\/es\/plazas-gracia-barcelona\/","og_site_name":"Blog de viaje Barcelona","article_publisher":"https:\/\/www.facebook.com\/keyinnapartments\/","article_published_time":"2024-06-17T15:23:07+00:00","article_modified_time":"2024-12-19T10:04:02+00:00","og_image":[{"width":1920,"height":630,"url":"https:\/\/www.keyinnapartments.com\/blog\/wp-content\/uploads\/2024\/06\/plaza-gracia-barcelona.jpg","type":"image\/jpeg"}],"author":"digitalservices","twitter_card":"summary_large_image","twitter_misc":{"Written by":"digitalservices","Est. reading time":"8 minutes"},"schema":{"@context":"https:\/\/schema.org","@graph":[{"@type":"Article","@id":"https:\/\/www.keyinnapartments.com\/blog\/es\/plazas-gracia-barcelona\/#article","isPartOf":{"@id":"https:\/\/www.keyinnapartments.com\/blog\/es\/plazas-gracia-barcelona\/"},"author":{"name":"digitalservices","@id":"https:\/\/www.keyinnapartments.com\/blog\/es\/#\/schema\/person\/ad874b614da9f01dc2ab0054bc6181e3"},"headline":"Descubre el encanto de las plazas de Gracia en Barcelona","datePublished":"2024-06-17T15:23:07+00:00","dateModified":"2024-12-19T10:04:02+00:00","mainEntityOfPage":{"@id":"https:\/\/www.keyinnapartments.com\/blog\/es\/plazas-gracia-barcelona\/"},"wordCount":1293,"commentCount":0,"publisher":{"@id":"https:\/\/www.keyinnapartments.com\/blog\/es\/#organization"},"image":{"@id":"https:\/\/www.keyinnapartments.com\/blog\/es\/plazas-gracia-barcelona\/#primaryimage"},"thumbnailUrl":"https:\/\/www.keyinnapartments.com\/blog\/wp-content\/uploads\/2024\/06\/plaza-gracia-barcelona.jpg","articleSection":["Actividades","Barcelona","Barrio de Gracia"],"inLanguage":"es","potentialAction":[{"@type":"CommentAction","name":"Comment","target":["https:\/\/www.keyinnapartments.com\/blog\/es\/plazas-gracia-barcelona\/#respond"]}]},{"@type":"WebPage","@id":"https:\/\/www.keyinnapartments.com\/blog\/es\/plazas-gracia-barcelona\/","url":"https:\/\/www.keyinnapartments.com\/blog\/es\/plazas-gracia-barcelona\/","name":"Las Plazas de Gracia en Barcelona","isPartOf":{"@id":"https:\/\/www.keyinnapartments.com\/blog\/es\/#website"},"primaryImageOfPage":{"@id":"https:\/\/www.keyinnapartments.com\/blog\/es\/plazas-gracia-barcelona\/#primaryimage"},"image":{"@id":"https:\/\/www.keyinnapartments.com\/blog\/es\/plazas-gracia-barcelona\/#primaryimage"},"thumbnailUrl":"https:\/\/www.keyinnapartments.com\/blog\/wp-content\/uploads\/2024\/06\/plaza-gracia-barcelona.jpg","datePublished":"2024-06-17T15:23:07+00:00","dateModified":"2024-12-19T10:04:02+00:00","description":"Ven a conocer todas las plazas de Gracia en Barcelona, perfectas para disfrutar de la arquitectura, historia, mercados y m\u00fasica de la ciudad.","breadcrumb":{"@id":"https:\/\/www.keyinnapartments.com\/blog\/es\/plazas-gracia-barcelona\/#breadcrumb"},"inLanguage":"es","potentialAction":[{"@type":"ReadAction","target":["https:\/\/www.keyinnapartments.com\/blog\/es\/plazas-gracia-barcelona\/"]}]},{"@type":"ImageObject","inLanguage":"es","@id":"https:\/\/www.keyinnapartments.com\/blog\/es\/plazas-gracia-barcelona\/#primaryimage","url":"https:\/\/www.keyinnapartments.com\/blog\/wp-content\/uploads\/2024\/06\/plaza-gracia-barcelona.jpg","contentUrl":"https:\/\/www.keyinnapartments.com\/blog\/wp-content\/uploads\/2024\/06\/plaza-gracia-barcelona.jpg","width":1920,"height":630,"caption":"plazas gracia barcelona"},{"@type":"BreadcrumbList","@id":"https:\/\/www.keyinnapartments.com\/blog\/es\/plazas-gracia-barcelona\/#breadcrumb","itemListElement":[{"@type":"ListItem","position":1,"name":"Home","item":"https:\/\/www.keyinnapartments.com\/blog\/es\/"},{"@type":"ListItem","position":2,"name":"Descubre el encanto de las plazas de Gracia en Barcelona"}]},{"@type":"WebSite","@id":"https:\/\/www.keyinnapartments.com\/blog\/es\/#website","url":"https:\/\/www.keyinnapartments.com\/blog\/es\/","name":"Key in Apartaments","description":"Key Inn Apartments","publisher":{"@id":"https:\/\/www.keyinnapartments.com\/blog\/es\/#organization"},"potentialAction":[{"@type":"SearchAction","target":{"@type":"EntryPoint","urlTemplate":"https:\/\/www.keyinnapartments.com\/blog\/es\/?s={search_term_string}"},"query-input":{"@type":"PropertyValueSpecification","valueRequired":true,"valueName":"search_term_string"}}],"inLanguage":"es"},{"@type":"Organization","@id":"https:\/\/www.keyinnapartments.com\/blog\/es\/#organization","name":"Key Barcelona","url":"https:\/\/www.keyinnapartments.com\/blog\/es\/","logo":{"@type":"ImageObject","inLanguage":"es","@id":"https:\/\/www.keyinnapartments.com\/blog\/es\/#\/schema\/logo\/image\/","url":"https:\/\/www.keyinnapartments.com\/blog\/wp-content\/uploads\/2024\/04\/logo-11.png","contentUrl":"https:\/\/www.keyinnapartments.com\/blog\/wp-content\/uploads\/2024\/04\/logo-11.png","width":350,"height":442,"caption":"Key Barcelona"},"image":{"@id":"https:\/\/www.keyinnapartments.com\/blog\/es\/#\/schema\/logo\/image\/"},"sameAs":["https:\/\/www.facebook.com\/keyinnapartments\/","https:\/\/www.instagram.com\/keyinnapartments\/","https:\/\/www.linkedin.com\/company\/key-barcelona-apartments\/about\/"]},{"@type":"Person","@id":"https:\/\/www.keyinnapartments.com\/blog\/es\/#\/schema\/person\/ad874b614da9f01dc2ab0054bc6181e3","name":"digitalservices","image":{"@type":"ImageObject","inLanguage":"es","@id":"https:\/\/www.keyinnapartments.com\/blog\/es\/#\/schema\/person\/image\/","url":"https:\/\/secure.gravatar.com\/avatar\/af30f88a1904294c1f3eb09a9d7903eec4ffa18fa2cf40c28a8681014ecdfc20?s=96&d=mm&r=g","contentUrl":"https:\/\/secure.gravatar.com\/avatar\/af30f88a1904294c1f3eb09a9d7903eec4ffa18fa2cf40c28a8681014ecdfc20?s=96&d=mm&r=g","caption":"digitalservices"},"url":"https:\/\/www.keyinnapartments.com\/blog\/es\/author\/digitalservices\/"}]}},"_links":{"self":[{"href":"https:\/\/www.keyinnapartments.com\/blog\/es\/wp-json\/wp\/v2\/posts\/799","targetHints":{"allow":["GET"]}}],"collection":[{"href":"https:\/\/www.keyinnapartments.com\/blog\/es\/wp-json\/wp\/v2\/posts"}],"about":[{"href":"https:\/\/www.keyinnapartments.com\/blog\/es\/wp-json\/wp\/v2\/types\/post"}],"author":[{"embeddable":true,"href":"https:\/\/www.keyinnapartments.com\/blog\/es\/wp-json\/wp\/v2\/users\/3"}],"replies":[{"embeddable":true,"href":"https:\/\/www.keyinnapartments.com\/blog\/es\/wp-json\/wp\/v2\/comments?post=799"}],"version-history":[{"count":23,"href":"https:\/\/www.keyinnapartments.com\/blog\/es\/wp-json\/wp\/v2\/posts\/799\/revisions"}],"predecessor-version":[{"id":2172,"href":"https:\/\/www.keyinnapartments.com\/blog\/es\/wp-json\/wp\/v2\/posts\/799\/revisions\/2172"}],"wp:featuredmedia":[{"embeddable":true,"href":"https:\/\/www.keyinnapartments.com\/blog\/es\/wp-json\/wp\/v2\/media\/895"}],"wp:attachment":[{"href":"https:\/\/www.keyinnapartments.com\/blog\/es\/wp-json\/wp\/v2\/media?parent=799"}],"wp:term":[{"taxonomy":"category","embeddable":true,"href":"https:\/\/www.keyinnapartments.com\/blog\/es\/wp-json\/wp\/v2\/categories?post=799"},{"taxonomy":"post_tag","embeddable":true,"href":"https:\/\/www.keyinnapartments.com\/blog\/es\/wp-json\/wp\/v2\/tags?post=799"}],"curies":[{"name":"wp","href":"https:\/\/api.w.org\/{rel}","templated":true}]}}