{"id":2525,"date":"2024-12-20T07:59:59","date_gmt":"2024-12-20T07:59:59","guid":{"rendered":"https:\/\/www.keyinnapartments.com\/blog\/?p=2525"},"modified":"2025-02-10T11:36:32","modified_gmt":"2025-02-10T11:36:32","slug":"barcelone-en-fevrier","status":"publish","type":"post","link":"https:\/\/www.keyinnapartments.com\/blog\/fr\/barcelone-en-fevrier\/","title":{"rendered":"Barcelone en f\u00e9vrier : tout ce que vous devez savoir"},"content":{"rendered":"\t\t<div data-elementor-type=\"wp-post\" data-elementor-id=\"2525\" class=\"elementor elementor-2525 elementor-2515\" data-elementor-post-type=\"post\">\n\t\t\t\t<div class=\"elementor-element elementor-element-16a9c8f6 e-flex e-con-boxed e-con e-parent\" data-id=\"16a9c8f6\" data-element_type=\"container\">\n\t\t\t\t\t<div class=\"e-con-inner\">\n\t\t\t\t<div class=\"elementor-element elementor-element-574f27fa elementor-widget elementor-widget-text-editor\" data-id=\"574f27fa\" data-element_type=\"widget\" data-widget_type=\"text-editor.default\">\n\t\t\t\t<div class=\"elementor-widget-container\">\n\t\t\t\t\t\t\t\t\t<p>Saviez-vous que f\u00e9vrier est l&#8217;un des mois les plus calmes \u00e0 Barcelone ? <strong>La ville dit adieu \u00e0 l&#8217;agitation de la haute saison et vous accueille sous son meilleur jour<\/strong> : des rues plus calmes, des programmes culturels con\u00e7us pour les locaux, des festivals int\u00e9ressants et, bien s\u00fbr, son climat doux si caract\u00e9ristique.<\/p><p>Si vous souhaitez \u00e9chapper au froid glacial et profiter d&#8217;une ville charmante pendant l&#8217;hiver, le mois de f\u00e9vrier \u00e0 Barcelone vous r\u00e9serve bien des surprises. Tellement, en fait, que nous avons beaucoup de choses \u00e0 vous raconter. Voyez par vous-m\u00eame !<\/p>\t\t\t\t\t\t\t\t<\/div>\n\t\t\t\t<\/div>\n\t\t\t\t\t<\/div>\n\t\t\t\t<\/div>\n\t\t<div class=\"elementor-element elementor-element-10abebac e-flex e-con-boxed e-con e-parent\" data-id=\"10abebac\" data-element_type=\"container\">\n\t\t\t\t\t<div class=\"e-con-inner\">\n\t\t\t\t<div class=\"elementor-element elementor-element-399d322c elementor-widget elementor-widget-table-of-contents\" data-id=\"399d322c\" data-element_type=\"widget\" data-settings=\"{&quot;headings_by_tags&quot;:[&quot;h2&quot;],&quot;exclude_headings_by_selector&quot;:[],&quot;marker_view&quot;:&quot;bullets&quot;,&quot;icon&quot;:{&quot;value&quot;:&quot;&quot;,&quot;library&quot;:&quot;&quot;},&quot;no_headings_message&quot;:&quot;No headings were found on this page.&quot;,&quot;hierarchical_view&quot;:&quot;yes&quot;,&quot;min_height&quot;:{&quot;unit&quot;:&quot;px&quot;,&quot;size&quot;:&quot;&quot;,&quot;sizes&quot;:[]},&quot;min_height_tablet&quot;:{&quot;unit&quot;:&quot;px&quot;,&quot;size&quot;:&quot;&quot;,&quot;sizes&quot;:[]},&quot;min_height_mobile&quot;:{&quot;unit&quot;:&quot;px&quot;,&quot;size&quot;:&quot;&quot;,&quot;sizes&quot;:[]}}\" data-widget_type=\"table-of-contents.default\">\n\t\t\t\t<div class=\"elementor-widget-container\">\n\t\t\t\t\t\t\t<div class=\"elementor-toc__header\">\n\t\t\t<div class=\"elementor-toc__header-title\">\n\t\t\t\tSommaire\t\t\t<\/div>\n\t\t\t\t\t<\/div>\n\t\t<div id=\"elementor-toc__399d322c\" class=\"elementor-toc__body\">\n\t\t\t<div class=\"elementor-toc__spinner-container\">\n\t\t\t\t<svg class=\"elementor-toc__spinner eicon-animation-spin e-font-icon-svg e-eicon-loading\" aria-hidden=\"true\" viewBox=\"0 0 1000 1000\" xmlns=\"http:\/\/www.w3.org\/2000\/svg\"><path d=\"M500 975V858C696 858 858 696 858 500S696 142 500 142 142 304 142 500H25C25 237 238 25 500 25S975 237 975 500 763 975 500 975Z\"><\/path><\/svg>\t\t\t<\/div>\n\t\t<\/div>\n\t\t\t\t\t\t<\/div>\n\t\t\t\t<\/div>\n\t\t\t\t\t<\/div>\n\t\t\t\t<\/div>\n\t\t<div class=\"elementor-element elementor-element-45eaf2d5 e-flex e-con-boxed e-con e-parent\" data-id=\"45eaf2d5\" data-element_type=\"container\">\n\t\t\t\t\t<div class=\"e-con-inner\">\n\t\t\t\t<div class=\"elementor-element elementor-element-36e6091b elementor-widget elementor-widget-heading\" data-id=\"36e6091b\" data-element_type=\"widget\" data-widget_type=\"heading.default\">\n\t\t\t\t<div class=\"elementor-widget-container\">\n\t\t\t\t\t<h2 class=\"elementor-heading-title elementor-size-default\">Le climat de Barcelone en f\u00e9vrier peut surprendre<\/h2>\t\t\t\t<\/div>\n\t\t\t\t<\/div>\n\t\t\t\t<div class=\"elementor-element elementor-element-20f0dd7c elementor-widget elementor-widget-text-editor\" data-id=\"20f0dd7c\" data-element_type=\"widget\" data-widget_type=\"text-editor.default\">\n\t\t\t\t<div class=\"elementor-widget-container\">\n\t\t\t\t\t\t\t\t\t<p>Il y a quelque chose de sp\u00e9cial \u00e0 Barcelone en f\u00e9vrier, car bien qu&#8217;on soit en plein hiver, <strong>le temps est beaucoup plus doux que dans d&#8217;autres villes europ\u00e9ennes<\/strong>.<\/p><p>Les temp\u00e9ratures sont douces, avec des <strong>minimales d&#8217;environ 8 degr\u00e9s Celsius et des maximales de 16 degr\u00e9s Celsius<\/strong>. Pendant la journ\u00e9e, une veste l\u00e9g\u00e8re ou un pull suffisent, et la nuit, il faut s&#8217;emmitoufler un peu plus.<\/p><p>Mais le v\u00e9ritable atout de Barcelone en f\u00e9vrier n&#8217;est pas la temp\u00e9rature, mais le fait que <strong>les jours commencent \u00e0 rallonger<\/strong>. La nuit tombe entre 18h00 et 18h30 et au fur et \u00e0 mesure que le mois avance, les jours s&#8217;allongent.<\/p><p><strong>Par ailleurs, il ne pleut pratiquement pas et le soleil fait souvent son apparition.<\/strong> Les couchers de soleil hivernaux \u00e0 Barcelone donnent d&#8217;ailleurs \u00e0 la ligne d&#8217;horizon une teinte orange particuli\u00e8rement belle. Envie d&#8217;en profiter sur la plage de la Barceloneta ou en regardant vers le sommet de Montju\u00efc ?<\/p>\t\t\t\t\t\t\t\t<\/div>\n\t\t\t\t<\/div>\n\t\t\t\t\t<\/div>\n\t\t\t\t<\/div>\n\t\t<div class=\"elementor-element elementor-element-2ba7abf e-flex e-con-boxed e-con e-parent\" data-id=\"2ba7abf\" data-element_type=\"container\">\n\t\t\t\t\t<div class=\"e-con-inner\">\n\t\t\t\t<div class=\"elementor-element elementor-element-b8c6ce7 elementor-widget elementor-widget-image\" data-id=\"b8c6ce7\" data-element_type=\"widget\" data-widget_type=\"image.default\">\n\t\t\t\t<div class=\"elementor-widget-container\">\n\t\t\t\t\t\t\t\t\t\t\t\t\t\t\t<img fetchpriority=\"high\" decoding=\"async\" width=\"1253\" height=\"627\" src=\"https:\/\/www.keyinnapartments.com\/blog\/wp-content\/uploads\/2024\/12\/san-valentin-barcelona-febrero.jpg\" class=\"attachment-full size-full wp-image-2542\" alt=\"san-valentin-barcelona-febrero\" srcset=\"https:\/\/www.keyinnapartments.com\/blog\/wp-content\/uploads\/2024\/12\/san-valentin-barcelona-febrero.jpg 1253w, https:\/\/www.keyinnapartments.com\/blog\/wp-content\/uploads\/2024\/12\/san-valentin-barcelona-febrero-300x150.jpg 300w, https:\/\/www.keyinnapartments.com\/blog\/wp-content\/uploads\/2024\/12\/san-valentin-barcelona-febrero-1024x512.jpg 1024w, https:\/\/www.keyinnapartments.com\/blog\/wp-content\/uploads\/2024\/12\/san-valentin-barcelona-febrero-768x384.jpg 768w\" sizes=\"(max-width: 1253px) 100vw, 1253px\" \/>\t\t\t\t\t\t\t\t\t\t\t\t\t\t\t<\/div>\n\t\t\t\t<\/div>\n\t\t\t\t\t<\/div>\n\t\t\t\t<\/div>\n\t\t<div class=\"elementor-element elementor-element-68fbda9 e-flex e-con-boxed e-con e-parent\" data-id=\"68fbda9\" data-element_type=\"container\">\n\t\t\t\t\t<div class=\"e-con-inner\">\n\t\t\t\t<div class=\"elementor-element elementor-element-69df609 elementor-widget elementor-widget-heading\" data-id=\"69df609\" data-element_type=\"widget\" data-widget_type=\"heading.default\">\n\t\t\t\t<div class=\"elementor-widget-container\">\n\t\t\t\t\t<h2 class=\"elementor-heading-title elementor-size-default\">Les activit\u00e9s qui vont de pair avec le temps de f\u00e9vrier<\/h2>\t\t\t\t<\/div>\n\t\t\t\t<\/div>\n\t\t\t\t<div class=\"elementor-element elementor-element-70fb279 elementor-widget elementor-widget-text-editor\" data-id=\"70fb279\" data-element_type=\"widget\" data-widget_type=\"text-editor.default\">\n\t\t\t\t<div class=\"elementor-widget-container\">\n\t\t\t\t\t\t\t\t\t<p>Le beau temps qui r\u00e8gne \u00e0 Barcelone en f\u00e9vrier permet de <strong>combiner les activit\u00e9s ext\u00e9rieures et les visites dans des espaces clos<\/strong> sans trop s&#8217;inqui\u00e9ter des intemp\u00e9ries.<\/p><p>Et si vous vous demandez que faire \u00e0 Barcelone en f\u00e9vrier, laissez-nous vous dire que <strong>se promener dans le quartier gothique ou el Born<\/strong> dans ces conditions est un v\u00e9ritable plaisir ; ses rues sont moins fr\u00e9quent\u00e9es, parfaites pour se perdre et d\u00e9couvrir de petites boutiques d&#8217;artisanat ou des caf\u00e9s o\u00f9 se r\u00e9fugier \u00e0 l&#8217;abri du froid.<\/p><p>Et Gaud\u00ed ? Le mois de f\u00e9vrier est le moment id\u00e9al pour profiter de son h\u00e9ritage sans se presser ni subir des files d&#8217;attente interminables. Visiter la <strong>Sagrada Familia<\/strong> en cette saison est presque un privil\u00e8ge, tout comme <strong>la Casa Batll\u00f3, la Casa Mil\u00e0 ou le Park G\u00fcell<\/strong>, autant de t\u00e9moins du modernisme avec leur lot de mosa\u00efques et de formes organiques.<\/p><p>Si vous montez \u00e0 <strong>Montju\u00efc<\/strong>, vous adorerez le panorama sur la ville avec la M\u00e9diterran\u00e9e en toile de fond, et le fait de gravir la montagne sans la chaleur de l&#8217;\u00e9t\u00e9 enrichit l&#8217;exp\u00e9rience &#8211; et la rend beaucoup plus agr\u00e9able.<\/p><p>Et si la journ\u00e9e est un peu grise ou trop fra\u00eeche pour une activit\u00e9 en plein air, d\u00e9tendez-vous. <strong>Les <\/strong><a href=\"https:\/\/www.keyinnapartments.com\/blog\/fr\/musees-barcelone\/\"><strong>mus\u00e9es de Barcelone<\/strong><\/a>, tels que le mus\u00e9e Picasso, le MACBA ou la Fondation Mir\u00f3, comptent parmi les visites incontournables que vous pouvez vous permettre de faire les jours o\u00f9 le temps n&#8217;est pas au beau fixe.<\/p>\t\t\t\t\t\t\t\t<\/div>\n\t\t\t\t<\/div>\n\t\t\t\t\t<\/div>\n\t\t\t\t<\/div>\n\t\t<div class=\"elementor-element elementor-element-96f49e0 e-flex e-con-boxed e-con e-parent\" data-id=\"96f49e0\" data-element_type=\"container\">\n\t\t\t\t\t<div class=\"e-con-inner\">\n\t\t\t\t<div class=\"elementor-element elementor-element-b2c1159 elementor-widget elementor-widget-image\" data-id=\"b2c1159\" data-element_type=\"widget\" data-widget_type=\"image.default\">\n\t\t\t\t<div class=\"elementor-widget-container\">\n\t\t\t\t\t\t\t\t\t\t\t\t\t\t\t<img decoding=\"async\" width=\"1920\" height=\"640\" src=\"https:\/\/www.keyinnapartments.com\/blog\/wp-content\/uploads\/2024\/10\/museos-barcelona.jpg\" class=\"attachment-full size-full wp-image-1648\" alt=\"mus\u00e9es barcelone\" srcset=\"https:\/\/www.keyinnapartments.com\/blog\/wp-content\/uploads\/2024\/10\/museos-barcelona.jpg 1920w, https:\/\/www.keyinnapartments.com\/blog\/wp-content\/uploads\/2024\/10\/museos-barcelona-768x256.jpg 768w, https:\/\/www.keyinnapartments.com\/blog\/wp-content\/uploads\/2024\/10\/museos-barcelona-1536x512.jpg 1536w\" sizes=\"(max-width: 1920px) 100vw, 1920px\" \/>\t\t\t\t\t\t\t\t\t\t\t\t\t\t\t<\/div>\n\t\t\t\t<\/div>\n\t\t\t\t\t<\/div>\n\t\t\t\t<\/div>\n\t\t<div class=\"elementor-element elementor-element-65b1503 e-flex e-con-boxed e-con e-parent\" data-id=\"65b1503\" data-element_type=\"container\">\n\t\t\t\t\t<div class=\"e-con-inner\">\n\t\t\t\t<div class=\"elementor-element elementor-element-5af74f9 elementor-widget elementor-widget-heading\" data-id=\"5af74f9\" data-element_type=\"widget\" data-widget_type=\"heading.default\">\n\t\t\t\t<div class=\"elementor-widget-container\">\n\t\t\t\t\t<h2 class=\"elementor-heading-title elementor-size-default\">Les \u00e9v\u00e9nements \u00e0 l'ordre du jour en f\u00e9vrier<\/h2>\t\t\t\t<\/div>\n\t\t\t\t<\/div>\n\t\t\t\t<div class=\"elementor-element elementor-element-acafde4 elementor-widget elementor-widget-text-editor\" data-id=\"acafde4\" data-element_type=\"widget\" data-widget_type=\"text-editor.default\">\n\t\t\t\t<div class=\"elementor-widget-container\">\n\t\t\t\t\t\t\t\t\t<p>Le mois de f\u00e9vrier \u00e0 Barcelone offre non seulement un temps agr\u00e9able, mais aussi un calendrier anim\u00e9, le <strong>Carnaval<\/strong> \u00e9tant l&#8217;un des temps forts du mois. La ville se remplit de couleurs, de costumes et de d\u00e9fil\u00e9s. Les festivit\u00e9s commencent avec l&#8217;arriv\u00e9e du roi du carnaval et se terminent par un grand d\u00e9fil\u00e9 compos\u00e9 de costumes et de chars.<\/p><p>La f\u00eate de <strong>Santa Eul\u00e0lia<\/strong>, patronne de la ville, constitue une autre f\u00eate importante. La date officielle est le 12 f\u00e9vrier et, pour la petite histoire, les habitants appellent ce jour \u00ab <strong>la f\u00eate de l&#8217;hiver \u00e0 Barcelone<\/strong> \u00bb.<\/p><p>Et qu&#8217;allez-vous y trouver ? Des activit\u00e9s telles que les <em>castellers<\/em>, d&#8217;impressionnantes tours humaines, et les <em>correfocs<\/em>, des spectacles acrobatiques avec du feu et de nombreuses animations.<\/p><p>De plus, le quartier de Poblenou accueille le <strong>Llum BCN<\/strong>, un festival de lumi\u00e8res qui transforme les rues avec des am\u00e9nagements artistiques et des spectacles visuels impressionnants.<\/p>\t\t\t\t\t\t\t\t<\/div>\n\t\t\t\t<\/div>\n\t\t\t\t\t<\/div>\n\t\t\t\t<\/div>\n\t\t<div class=\"elementor-element elementor-element-1615d557 e-flex e-con-boxed e-con e-parent\" data-id=\"1615d557\" data-element_type=\"container\">\n\t\t\t\t\t<div class=\"e-con-inner\">\n\t\t\t\t<div class=\"elementor-element elementor-element-31ebfccf elementor-widget elementor-widget-heading\" data-id=\"31ebfccf\" data-element_type=\"widget\" data-widget_type=\"heading.default\">\n\t\t\t\t<div class=\"elementor-widget-container\">\n\t\t\t\t\t<h2 class=\"elementor-heading-title elementor-size-default\">Comment profiter au maximum de Barcelone en f\u00e9vrier<\/h2>\t\t\t\t<\/div>\n\t\t\t\t<\/div>\n\t\t\t\t<div class=\"elementor-element elementor-element-4665d733 elementor-widget elementor-widget-text-editor\" data-id=\"4665d733\" data-element_type=\"widget\" data-widget_type=\"text-editor.default\">\n\t\t\t\t<div class=\"elementor-widget-container\">\n\t\t\t\t\t\t\t\t\t<p>Si vous visitez Barcelone en f\u00e9vrier, vous pourrez profiter de la tranquillit\u00e9 de cette p\u00e9riode de l&#8217;ann\u00e9e pour visiter en toute tranquillit\u00e9 les principales attractions touristiques de votre liste.<\/p><p><strong>Profitez \u00e9galement de votre visite pour d\u00e9couvrir la gastronomie locale <\/strong>: des plats comme les <em>cal\u00e7ots<\/em> \u00e0 la sauce <em>romescu<\/em> ou la traditionnelle <em>escudella i carn d&#8217;olla<\/em>, un rago\u00fbt typiquement catalan, sont des incontournables de votre visite. Et n&#8217;oubliez pas le chocolat avec les churros dans l&#8217;apr\u00e8s-midi ou le vermouth \u00e0 midi, qui sont typiques de Barcelone.<\/p><p>Enfin, et bien que ce ne soit pas un conseil en soi, nous devons vous dire que <strong>vous ne pouvez pas quitter Barcelone sans emporter quelques souvenirs pour vous et vos proches<\/strong>. Il existe de nombreux endroits o\u00f9 faire du shopping, mais pour nous, le plus int\u00e9ressant est le <a href=\"https:\/\/www.keyinnapartments.com\/blog\/fr\/passeig-de-gracia-barcelone\/\">quartier de Gracia<\/a>.<\/p>\t\t\t\t\t\t\t\t<\/div>\n\t\t\t\t<\/div>\n\t\t\t\t\t<\/div>\n\t\t\t\t<\/div>\n\t\t<div class=\"elementor-element elementor-element-9a29e96 e-flex e-con-boxed e-con e-parent\" data-id=\"9a29e96\" data-element_type=\"container\">\n\t\t\t\t\t<div class=\"e-con-inner\">\n\t\t\t\t<div class=\"elementor-element elementor-element-d8b8bfd elementor-widget elementor-widget-image\" data-id=\"d8b8bfd\" data-element_type=\"widget\" data-widget_type=\"image.default\">\n\t\t\t\t<div class=\"elementor-widget-container\">\n\t\t\t\t\t\t\t\t\t\t\t\t\t\t\t<img decoding=\"async\" width=\"1254\" height=\"627\" src=\"https:\/\/www.keyinnapartments.com\/blog\/wp-content\/uploads\/2024\/12\/calcots-barcelona-febrero.jpg\" class=\"attachment-full size-full wp-image-2539\" alt=\"calcots-barcelona-febrero\" srcset=\"https:\/\/www.keyinnapartments.com\/blog\/wp-content\/uploads\/2024\/12\/calcots-barcelona-febrero.jpg 1254w, https:\/\/www.keyinnapartments.com\/blog\/wp-content\/uploads\/2024\/12\/calcots-barcelona-febrero-300x150.jpg 300w, https:\/\/www.keyinnapartments.com\/blog\/wp-content\/uploads\/2024\/12\/calcots-barcelona-febrero-1024x512.jpg 1024w, https:\/\/www.keyinnapartments.com\/blog\/wp-content\/uploads\/2024\/12\/calcots-barcelona-febrero-768x384.jpg 768w\" sizes=\"(max-width: 1254px) 100vw, 1254px\" \/>\t\t\t\t\t\t\t\t\t\t\t\t\t\t\t<\/div>\n\t\t\t\t<\/div>\n\t\t\t\t\t<\/div>\n\t\t\t\t<\/div>\n\t\t<div class=\"elementor-element elementor-element-b003567 e-flex e-con-boxed e-con e-parent\" data-id=\"b003567\" data-element_type=\"container\">\n\t\t\t\t\t<div class=\"e-con-inner\">\n\t\t\t\t<div class=\"elementor-element elementor-element-6fd4974 elementor-widget elementor-widget-heading\" data-id=\"6fd4974\" data-element_type=\"widget\" data-widget_type=\"heading.default\">\n\t\t\t\t<div class=\"elementor-widget-container\">\n\t\t\t\t\t<h2 class=\"elementor-heading-title elementor-size-default\">Pourquoi le mois de f\u00e9vrier est-il une bonne p\u00e9riode pour visiter Barcelone ?<\/h2>\t\t\t\t<\/div>\n\t\t\t\t<\/div>\n\t\t\t\t<div class=\"elementor-element elementor-element-c715734 elementor-widget elementor-widget-text-editor\" data-id=\"c715734\" data-element_type=\"widget\" data-widget_type=\"text-editor.default\">\n\t\t\t\t<div class=\"elementor-widget-container\">\n\t\t\t\t\t\t\t\t\t<p>Vous avez s\u00fbrement d\u00e9j\u00e0 la r\u00e9ponse \u00e0 cette question, et le fait est que Barcelone en f\u00e9vrier n&#8217;a rien \u00e0 envier \u00e0 d&#8217;autres villes ou \u00e0 d&#8217;autres p\u00e9riodes de l&#8217;ann\u00e9e, bien au contraire.<\/p><p>Pendant ce mois, la ville conserve un <strong>\u00e9quilibre parfait entre un temps agr\u00e9able, une atmosph\u00e8re calme, un programme riche en festivit\u00e9s et en projets culturels et une gastronomie tout aussi d\u00e9licieuse<\/strong>.<\/p><p>Ainsi, que vous pr\u00e9f\u00e9riez explorer les environs ou vous r\u00e9fugier dans les mus\u00e9es et les lieux culturels, le mois de f\u00e9vrier vous offre le meilleur de lui-m\u00eame, quels que soient vos go\u00fbts.<\/p><p>Allez, pr\u00e9parez-vous \u00e0 d\u00e9couvrir une Barcelone diff\u00e9rente, pleine de charme hivernal et de programmes qui rendront votre visite inoubliable.<\/p><p>Et le logement ? Ne vous inqui\u00e9tez pas, car, <strong>tout comme nous vous avons facilit\u00e9 la t\u00e2che pour savoir si Barcelone en f\u00e9vrier en vaut la peine ou non, nous allons faire de m\u00eame avec le logement.<\/strong><\/p><p>Chez Key Barcelona, nous disposons de toutes sortes d&#8217;appartements, ce qui vous permettra de d\u00e9cider o\u00f9 loger en quelques minutes et avec une qualit\u00e9 garantie.<\/p><p>Allez, r\u00e9servez le v\u00f4tre maintenant, faites vos valises et venez d\u00e9couvrir pourquoi le mois de f\u00e9vrier est le moment id\u00e9al pour tomber amoureux de cette ville !<\/p>\t\t\t\t\t\t\t\t<\/div>\n\t\t\t\t<\/div>\n\t\t\t\t\t<\/div>\n\t\t\t\t<\/div>\n\t\t<div class=\"elementor-element elementor-element-42d0c494 e-flex e-con-boxed e-con e-parent\" data-id=\"42d0c494\" data-element_type=\"container\">\n\t\t\t\t\t<div class=\"e-con-inner\">\n\t\t<div class=\"elementor-element elementor-element-3e563ea4 e-con-full e-flex e-con e-child\" data-id=\"3e563ea4\" data-element_type=\"container\" data-settings=\"{&quot;background_background&quot;:&quot;classic&quot;}\">\n\t\t\t\t<div class=\"elementor-element elementor-element-7cc214c5 elementor-align-center elementor-widget elementor-widget-button\" data-id=\"7cc214c5\" data-element_type=\"widget\" data-widget_type=\"button.default\">\n\t\t\t\t<div class=\"elementor-widget-container\">\n\t\t\t\t\t\t\t\t\t<div class=\"elementor-button-wrapper\">\n\t\t\t\t\t<a class=\"elementor-button elementor-button-link elementor-size-sm\" href=\"https:\/\/www.keyinnapartments.com\/fr\/location-vacances-barcelone\/\">\n\t\t\t\t\t\t<span class=\"elementor-button-content-wrapper\">\n\t\t\t\t\t\t\t\t\t<span class=\"elementor-button-text\">Logements<\/span>\n\t\t\t\t\t<\/span>\n\t\t\t\t\t<\/a>\n\t\t\t\t<\/div>\n\t\t\t\t\t\t\t\t<\/div>\n\t\t\t\t<\/div>\n\t\t\t\t<\/div>\n\t\t<div class=\"elementor-element elementor-element-4dcd48af e-con-full e-flex e-con e-child\" data-id=\"4dcd48af\" data-element_type=\"container\" data-settings=\"{&quot;background_background&quot;:&quot;classic&quot;}\">\n\t\t\t\t<div class=\"elementor-element elementor-element-59fe99db elementor-align-center elementor-widget elementor-widget-button\" data-id=\"59fe99db\" data-element_type=\"widget\" data-widget_type=\"button.default\">\n\t\t\t\t<div class=\"elementor-widget-container\">\n\t\t\t\t\t\t\t\t\t<div class=\"elementor-button-wrapper\">\n\t\t\t\t\t<a class=\"elementor-button elementor-button-link elementor-size-sm\" href=\"https:\/\/www.keyinnapartments.com\/fr\/appartement-vacances-barcelone\/\">\n\t\t\t\t\t\t<span class=\"elementor-button-content-wrapper\">\n\t\t\t\t\t\t\t\t\t<span class=\"elementor-button-text\">Appartements<\/span>\n\t\t\t\t\t<\/span>\n\t\t\t\t\t<\/a>\n\t\t\t\t<\/div>\n\t\t\t\t\t\t\t\t<\/div>\n\t\t\t\t<\/div>\n\t\t\t\t<\/div>\n\t\t\t\t\t<\/div>\n\t\t\t\t<\/div>\n\t\t\t\t<\/div>\n\t\t","protected":false},"excerpt":{"rendered":"<p>Saviez-vous que f\u00e9vrier est l&#8217;un des mois les plus calmes \u00e0 Barcelone ? La ville dit adieu \u00e0 l&#8217;agitation de la haute saison et vous accueille sous son meilleur jour : des rues plus calmes, des programmes culturels con\u00e7us pour les locaux, des festivals int\u00e9ressants et, bien s\u00fbr, son climat doux si caract\u00e9ristique. Si vous [&hellip;]<\/p>\n","protected":false},"author":3,"featured_media":2545,"comment_status":"open","ping_status":"open","sticky":false,"template":"","format":"standard","meta":{"footnotes":""},"categories":[35,57],"tags":[],"class_list":["post-2525","post","type-post","status-publish","format-standard","has-post-thumbnail","hentry","category-barcelone","category-climat-et-saisons"],"yoast_head":"<!-- This site is optimized with the Yoast SEO plugin v25.3.1 - https:\/\/yoast.com\/wordpress\/plugins\/seo\/ -->\n<title>Barcelone en f\u00e9vrier : activit\u00e9s, \u00e9v\u00e9nements, climat<\/title>\n<meta name=\"description\" content=\"D\u00e9couvrez Barcelone en f\u00e9vrier. Des \u00e9v\u00e9nements culturels, un climat agr\u00e9able et une ville pleine de vie. Cliquez ici pour en savoir plus.\" \/>\n<meta name=\"robots\" content=\"index, follow, max-snippet:-1, max-image-preview:large, max-video-preview:-1\" \/>\n<link rel=\"canonical\" href=\"https:\/\/www.keyinnapartments.com\/blog\/fr\/barcelone-en-fevrier\/\" \/>\n<meta property=\"og:locale\" content=\"fr_FR\" \/>\n<meta property=\"og:type\" content=\"article\" \/>\n<meta property=\"og:title\" content=\"Barcelone en f\u00e9vrier : activit\u00e9s, \u00e9v\u00e9nements, climat\" \/>\n<meta property=\"og:description\" content=\"D\u00e9couvrez Barcelone en f\u00e9vrier. Des \u00e9v\u00e9nements culturels, un climat agr\u00e9able et une ville pleine de vie. Cliquez ici pour en savoir plus.\" \/>\n<meta property=\"og:url\" content=\"https:\/\/www.keyinnapartments.com\/blog\/fr\/barcelone-en-fevrier\/\" \/>\n<meta property=\"og:site_name\" content=\"Blog de voyage Barcelone\" \/>\n<meta property=\"article:publisher\" content=\"https:\/\/www.facebook.com\/keyinnapartments\/\" \/>\n<meta property=\"article:published_time\" content=\"2024-12-20T07:59:59+00:00\" \/>\n<meta property=\"article:modified_time\" content=\"2025-02-10T11:36:32+00:00\" \/>\n<meta property=\"og:image\" content=\"https:\/\/www.keyinnapartments.com\/blog\/wp-content\/uploads\/2024\/12\/barcelona-febrero.jpg\" \/>\n\t<meta property=\"og:image:width\" content=\"1920\" \/>\n\t<meta property=\"og:image:height\" content=\"610\" \/>\n\t<meta property=\"og:image:type\" content=\"image\/jpeg\" \/>\n<meta name=\"author\" content=\"digitalservices\" \/>\n<meta name=\"twitter:card\" content=\"summary_large_image\" \/>\n<meta name=\"twitter:label1\" content=\"Written by\" \/>\n\t<meta name=\"twitter:data1\" content=\"digitalservices\" \/>\n\t<meta name=\"twitter:label2\" content=\"Est. reading time\" \/>\n\t<meta name=\"twitter:data2\" content=\"6 minutes\" \/>\n<script type=\"application\/ld+json\" class=\"yoast-schema-graph\">{\"@context\":\"https:\/\/schema.org\",\"@graph\":[{\"@type\":\"Article\",\"@id\":\"https:\/\/www.keyinnapartments.com\/blog\/fr\/barcelone-en-fevrier\/#article\",\"isPartOf\":{\"@id\":\"https:\/\/www.keyinnapartments.com\/blog\/fr\/barcelone-en-fevrier\/\"},\"author\":{\"name\":\"digitalservices\",\"@id\":\"https:\/\/www.keyinnapartments.com\/blog\/fr\/#\/schema\/person\/ad874b614da9f01dc2ab0054bc6181e3\"},\"headline\":\"Barcelone en f\u00e9vrier : tout ce que vous devez savoir\",\"datePublished\":\"2024-12-20T07:59:59+00:00\",\"dateModified\":\"2025-02-10T11:36:32+00:00\",\"mainEntityOfPage\":{\"@id\":\"https:\/\/www.keyinnapartments.com\/blog\/fr\/barcelone-en-fevrier\/\"},\"wordCount\":1156,\"commentCount\":0,\"publisher\":{\"@id\":\"https:\/\/www.keyinnapartments.com\/blog\/fr\/#organization\"},\"image\":{\"@id\":\"https:\/\/www.keyinnapartments.com\/blog\/fr\/barcelone-en-fevrier\/#primaryimage\"},\"thumbnailUrl\":\"https:\/\/www.keyinnapartments.com\/blog\/wp-content\/uploads\/2024\/12\/barcelona-febrero.jpg\",\"articleSection\":[\"Barcelone\",\"Climat et Saisons\"],\"inLanguage\":\"fr\",\"potentialAction\":[{\"@type\":\"CommentAction\",\"name\":\"Comment\",\"target\":[\"https:\/\/www.keyinnapartments.com\/blog\/fr\/barcelone-en-fevrier\/#respond\"]}]},{\"@type\":\"WebPage\",\"@id\":\"https:\/\/www.keyinnapartments.com\/blog\/fr\/barcelone-en-fevrier\/\",\"url\":\"https:\/\/www.keyinnapartments.com\/blog\/fr\/barcelone-en-fevrier\/\",\"name\":\"Barcelone en f\u00e9vrier : activit\u00e9s, \u00e9v\u00e9nements, climat\",\"isPartOf\":{\"@id\":\"https:\/\/www.keyinnapartments.com\/blog\/fr\/#website\"},\"primaryImageOfPage\":{\"@id\":\"https:\/\/www.keyinnapartments.com\/blog\/fr\/barcelone-en-fevrier\/#primaryimage\"},\"image\":{\"@id\":\"https:\/\/www.keyinnapartments.com\/blog\/fr\/barcelone-en-fevrier\/#primaryimage\"},\"thumbnailUrl\":\"https:\/\/www.keyinnapartments.com\/blog\/wp-content\/uploads\/2024\/12\/barcelona-febrero.jpg\",\"datePublished\":\"2024-12-20T07:59:59+00:00\",\"dateModified\":\"2025-02-10T11:36:32+00:00\",\"description\":\"D\u00e9couvrez Barcelone en f\u00e9vrier. Des \u00e9v\u00e9nements culturels, un climat agr\u00e9able et une ville pleine de vie. Cliquez ici pour en savoir plus.\",\"breadcrumb\":{\"@id\":\"https:\/\/www.keyinnapartments.com\/blog\/fr\/barcelone-en-fevrier\/#breadcrumb\"},\"inLanguage\":\"fr\",\"potentialAction\":[{\"@type\":\"ReadAction\",\"target\":[\"https:\/\/www.keyinnapartments.com\/blog\/fr\/barcelone-en-fevrier\/\"]}]},{\"@type\":\"ImageObject\",\"inLanguage\":\"fr\",\"@id\":\"https:\/\/www.keyinnapartments.com\/blog\/fr\/barcelone-en-fevrier\/#primaryimage\",\"url\":\"https:\/\/www.keyinnapartments.com\/blog\/wp-content\/uploads\/2024\/12\/barcelona-febrero.jpg\",\"contentUrl\":\"https:\/\/www.keyinnapartments.com\/blog\/wp-content\/uploads\/2024\/12\/barcelona-febrero.jpg\",\"width\":1920,\"height\":610,\"caption\":\"barcelona febrero\"},{\"@type\":\"BreadcrumbList\",\"@id\":\"https:\/\/www.keyinnapartments.com\/blog\/fr\/barcelone-en-fevrier\/#breadcrumb\",\"itemListElement\":[{\"@type\":\"ListItem\",\"position\":1,\"name\":\"Home\",\"item\":\"https:\/\/www.keyinnapartments.com\/blog\/fr\/\"},{\"@type\":\"ListItem\",\"position\":2,\"name\":\"Barcelone en f\u00e9vrier : tout ce que vous devez savoir\"}]},{\"@type\":\"WebSite\",\"@id\":\"https:\/\/www.keyinnapartments.com\/blog\/fr\/#website\",\"url\":\"https:\/\/www.keyinnapartments.com\/blog\/fr\/\",\"name\":\"Key in Apartaments\",\"description\":\"Key Inn Apartments\",\"publisher\":{\"@id\":\"https:\/\/www.keyinnapartments.com\/blog\/fr\/#organization\"},\"potentialAction\":[{\"@type\":\"SearchAction\",\"target\":{\"@type\":\"EntryPoint\",\"urlTemplate\":\"https:\/\/www.keyinnapartments.com\/blog\/fr\/?s={search_term_string}\"},\"query-input\":{\"@type\":\"PropertyValueSpecification\",\"valueRequired\":true,\"valueName\":\"search_term_string\"}}],\"inLanguage\":\"fr\"},{\"@type\":\"Organization\",\"@id\":\"https:\/\/www.keyinnapartments.com\/blog\/fr\/#organization\",\"name\":\"Key Barcelona\",\"url\":\"https:\/\/www.keyinnapartments.com\/blog\/fr\/\",\"logo\":{\"@type\":\"ImageObject\",\"inLanguage\":\"fr\",\"@id\":\"https:\/\/www.keyinnapartments.com\/blog\/fr\/#\/schema\/logo\/image\/\",\"url\":\"https:\/\/www.keyinnapartments.com\/blog\/wp-content\/uploads\/2024\/04\/logo-11.png\",\"contentUrl\":\"https:\/\/www.keyinnapartments.com\/blog\/wp-content\/uploads\/2024\/04\/logo-11.png\",\"width\":350,\"height\":442,\"caption\":\"Key Barcelona\"},\"image\":{\"@id\":\"https:\/\/www.keyinnapartments.com\/blog\/fr\/#\/schema\/logo\/image\/\"},\"sameAs\":[\"https:\/\/www.facebook.com\/keyinnapartments\/\",\"https:\/\/www.instagram.com\/keyinnapartments\/\",\"https:\/\/www.linkedin.com\/company\/key-barcelona-apartments\/about\/\"]},{\"@type\":\"Person\",\"@id\":\"https:\/\/www.keyinnapartments.com\/blog\/fr\/#\/schema\/person\/ad874b614da9f01dc2ab0054bc6181e3\",\"name\":\"digitalservices\",\"image\":{\"@type\":\"ImageObject\",\"inLanguage\":\"fr\",\"@id\":\"https:\/\/www.keyinnapartments.com\/blog\/fr\/#\/schema\/person\/image\/\",\"url\":\"https:\/\/secure.gravatar.com\/avatar\/af30f88a1904294c1f3eb09a9d7903eec4ffa18fa2cf40c28a8681014ecdfc20?s=96&d=mm&r=g\",\"contentUrl\":\"https:\/\/secure.gravatar.com\/avatar\/af30f88a1904294c1f3eb09a9d7903eec4ffa18fa2cf40c28a8681014ecdfc20?s=96&d=mm&r=g\",\"caption\":\"digitalservices\"},\"url\":\"https:\/\/www.keyinnapartments.com\/blog\/fr\/author\/digitalservices\/\"}]}<\/script>\n<!-- \/ Yoast SEO plugin. -->","yoast_head_json":{"title":"Barcelone en f\u00e9vrier : activit\u00e9s, \u00e9v\u00e9nements, climat","description":"D\u00e9couvrez Barcelone en f\u00e9vrier. Des \u00e9v\u00e9nements culturels, un climat agr\u00e9able et une ville pleine de vie. Cliquez ici pour en savoir plus.","robots":{"index":"index","follow":"follow","max-snippet":"max-snippet:-1","max-image-preview":"max-image-preview:large","max-video-preview":"max-video-preview:-1"},"canonical":"https:\/\/www.keyinnapartments.com\/blog\/fr\/barcelone-en-fevrier\/","og_locale":"fr_FR","og_type":"article","og_title":"Barcelone en f\u00e9vrier : activit\u00e9s, \u00e9v\u00e9nements, climat","og_description":"D\u00e9couvrez Barcelone en f\u00e9vrier. Des \u00e9v\u00e9nements culturels, un climat agr\u00e9able et une ville pleine de vie. Cliquez ici pour en savoir plus.","og_url":"https:\/\/www.keyinnapartments.com\/blog\/fr\/barcelone-en-fevrier\/","og_site_name":"Blog de voyage Barcelone","article_publisher":"https:\/\/www.facebook.com\/keyinnapartments\/","article_published_time":"2024-12-20T07:59:59+00:00","article_modified_time":"2025-02-10T11:36:32+00:00","og_image":[{"width":1920,"height":610,"url":"https:\/\/www.keyinnapartments.com\/blog\/wp-content\/uploads\/2024\/12\/barcelona-febrero.jpg","type":"image\/jpeg"}],"author":"digitalservices","twitter_card":"summary_large_image","twitter_misc":{"Written by":"digitalservices","Est. reading time":"6 minutes"},"schema":{"@context":"https:\/\/schema.org","@graph":[{"@type":"Article","@id":"https:\/\/www.keyinnapartments.com\/blog\/fr\/barcelone-en-fevrier\/#article","isPartOf":{"@id":"https:\/\/www.keyinnapartments.com\/blog\/fr\/barcelone-en-fevrier\/"},"author":{"name":"digitalservices","@id":"https:\/\/www.keyinnapartments.com\/blog\/fr\/#\/schema\/person\/ad874b614da9f01dc2ab0054bc6181e3"},"headline":"Barcelone en f\u00e9vrier : tout ce que vous devez savoir","datePublished":"2024-12-20T07:59:59+00:00","dateModified":"2025-02-10T11:36:32+00:00","mainEntityOfPage":{"@id":"https:\/\/www.keyinnapartments.com\/blog\/fr\/barcelone-en-fevrier\/"},"wordCount":1156,"commentCount":0,"publisher":{"@id":"https:\/\/www.keyinnapartments.com\/blog\/fr\/#organization"},"image":{"@id":"https:\/\/www.keyinnapartments.com\/blog\/fr\/barcelone-en-fevrier\/#primaryimage"},"thumbnailUrl":"https:\/\/www.keyinnapartments.com\/blog\/wp-content\/uploads\/2024\/12\/barcelona-febrero.jpg","articleSection":["Barcelone","Climat et Saisons"],"inLanguage":"fr","potentialAction":[{"@type":"CommentAction","name":"Comment","target":["https:\/\/www.keyinnapartments.com\/blog\/fr\/barcelone-en-fevrier\/#respond"]}]},{"@type":"WebPage","@id":"https:\/\/www.keyinnapartments.com\/blog\/fr\/barcelone-en-fevrier\/","url":"https:\/\/www.keyinnapartments.com\/blog\/fr\/barcelone-en-fevrier\/","name":"Barcelone en f\u00e9vrier : activit\u00e9s, \u00e9v\u00e9nements, climat","isPartOf":{"@id":"https:\/\/www.keyinnapartments.com\/blog\/fr\/#website"},"primaryImageOfPage":{"@id":"https:\/\/www.keyinnapartments.com\/blog\/fr\/barcelone-en-fevrier\/#primaryimage"},"image":{"@id":"https:\/\/www.keyinnapartments.com\/blog\/fr\/barcelone-en-fevrier\/#primaryimage"},"thumbnailUrl":"https:\/\/www.keyinnapartments.com\/blog\/wp-content\/uploads\/2024\/12\/barcelona-febrero.jpg","datePublished":"2024-12-20T07:59:59+00:00","dateModified":"2025-02-10T11:36:32+00:00","description":"D\u00e9couvrez Barcelone en f\u00e9vrier. Des \u00e9v\u00e9nements culturels, un climat agr\u00e9able et une ville pleine de vie. Cliquez ici pour en savoir plus.","breadcrumb":{"@id":"https:\/\/www.keyinnapartments.com\/blog\/fr\/barcelone-en-fevrier\/#breadcrumb"},"inLanguage":"fr","potentialAction":[{"@type":"ReadAction","target":["https:\/\/www.keyinnapartments.com\/blog\/fr\/barcelone-en-fevrier\/"]}]},{"@type":"ImageObject","inLanguage":"fr","@id":"https:\/\/www.keyinnapartments.com\/blog\/fr\/barcelone-en-fevrier\/#primaryimage","url":"https:\/\/www.keyinnapartments.com\/blog\/wp-content\/uploads\/2024\/12\/barcelona-febrero.jpg","contentUrl":"https:\/\/www.keyinnapartments.com\/blog\/wp-content\/uploads\/2024\/12\/barcelona-febrero.jpg","width":1920,"height":610,"caption":"barcelona febrero"},{"@type":"BreadcrumbList","@id":"https:\/\/www.keyinnapartments.com\/blog\/fr\/barcelone-en-fevrier\/#breadcrumb","itemListElement":[{"@type":"ListItem","position":1,"name":"Home","item":"https:\/\/www.keyinnapartments.com\/blog\/fr\/"},{"@type":"ListItem","position":2,"name":"Barcelone en f\u00e9vrier : tout ce que vous devez savoir"}]},{"@type":"WebSite","@id":"https:\/\/www.keyinnapartments.com\/blog\/fr\/#website","url":"https:\/\/www.keyinnapartments.com\/blog\/fr\/","name":"Key in Apartaments","description":"Key Inn Apartments","publisher":{"@id":"https:\/\/www.keyinnapartments.com\/blog\/fr\/#organization"},"potentialAction":[{"@type":"SearchAction","target":{"@type":"EntryPoint","urlTemplate":"https:\/\/www.keyinnapartments.com\/blog\/fr\/?s={search_term_string}"},"query-input":{"@type":"PropertyValueSpecification","valueRequired":true,"valueName":"search_term_string"}}],"inLanguage":"fr"},{"@type":"Organization","@id":"https:\/\/www.keyinnapartments.com\/blog\/fr\/#organization","name":"Key Barcelona","url":"https:\/\/www.keyinnapartments.com\/blog\/fr\/","logo":{"@type":"ImageObject","inLanguage":"fr","@id":"https:\/\/www.keyinnapartments.com\/blog\/fr\/#\/schema\/logo\/image\/","url":"https:\/\/www.keyinnapartments.com\/blog\/wp-content\/uploads\/2024\/04\/logo-11.png","contentUrl":"https:\/\/www.keyinnapartments.com\/blog\/wp-content\/uploads\/2024\/04\/logo-11.png","width":350,"height":442,"caption":"Key Barcelona"},"image":{"@id":"https:\/\/www.keyinnapartments.com\/blog\/fr\/#\/schema\/logo\/image\/"},"sameAs":["https:\/\/www.facebook.com\/keyinnapartments\/","https:\/\/www.instagram.com\/keyinnapartments\/","https:\/\/www.linkedin.com\/company\/key-barcelona-apartments\/about\/"]},{"@type":"Person","@id":"https:\/\/www.keyinnapartments.com\/blog\/fr\/#\/schema\/person\/ad874b614da9f01dc2ab0054bc6181e3","name":"digitalservices","image":{"@type":"ImageObject","inLanguage":"fr","@id":"https:\/\/www.keyinnapartments.com\/blog\/fr\/#\/schema\/person\/image\/","url":"https:\/\/secure.gravatar.com\/avatar\/af30f88a1904294c1f3eb09a9d7903eec4ffa18fa2cf40c28a8681014ecdfc20?s=96&d=mm&r=g","contentUrl":"https:\/\/secure.gravatar.com\/avatar\/af30f88a1904294c1f3eb09a9d7903eec4ffa18fa2cf40c28a8681014ecdfc20?s=96&d=mm&r=g","caption":"digitalservices"},"url":"https:\/\/www.keyinnapartments.com\/blog\/fr\/author\/digitalservices\/"}]}},"_links":{"self":[{"href":"https:\/\/www.keyinnapartments.com\/blog\/fr\/wp-json\/wp\/v2\/posts\/2525","targetHints":{"allow":["GET"]}}],"collection":[{"href":"https:\/\/www.keyinnapartments.com\/blog\/fr\/wp-json\/wp\/v2\/posts"}],"about":[{"href":"https:\/\/www.keyinnapartments.com\/blog\/fr\/wp-json\/wp\/v2\/types\/post"}],"author":[{"embeddable":true,"href":"https:\/\/www.keyinnapartments.com\/blog\/fr\/wp-json\/wp\/v2\/users\/3"}],"replies":[{"embeddable":true,"href":"https:\/\/www.keyinnapartments.com\/blog\/fr\/wp-json\/wp\/v2\/comments?post=2525"}],"version-history":[{"count":14,"href":"https:\/\/www.keyinnapartments.com\/blog\/fr\/wp-json\/wp\/v2\/posts\/2525\/revisions"}],"predecessor-version":[{"id":2598,"href":"https:\/\/www.keyinnapartments.com\/blog\/fr\/wp-json\/wp\/v2\/posts\/2525\/revisions\/2598"}],"wp:featuredmedia":[{"embeddable":true,"href":"https:\/\/www.keyinnapartments.com\/blog\/fr\/wp-json\/wp\/v2\/media\/2545"}],"wp:attachment":[{"href":"https:\/\/www.keyinnapartments.com\/blog\/fr\/wp-json\/wp\/v2\/media?parent=2525"}],"wp:term":[{"taxonomy":"category","embeddable":true,"href":"https:\/\/www.keyinnapartments.com\/blog\/fr\/wp-json\/wp\/v2\/categories?post=2525"},{"taxonomy":"post_tag","embeddable":true,"href":"https:\/\/www.keyinnapartments.com\/blog\/fr\/wp-json\/wp\/v2\/tags?post=2525"}],"curies":[{"name":"wp","href":"https:\/\/api.w.org\/{rel}","templated":true}]}}