{"id":3188,"date":"2025-02-17T13:03:50","date_gmt":"2025-02-17T13:03:50","guid":{"rendered":"https:\/\/www.keyinnapartments.com\/blog\/?p=3188"},"modified":"2025-03-26T15:36:40","modified_gmt":"2025-03-26T15:36:40","slug":"barcelone-en-avril","status":"publish","type":"post","link":"https:\/\/www.keyinnapartments.com\/blog\/fr\/barcelone-en-avril\/","title":{"rendered":"\u00c0 quoi ressemble Barcelone en avril ?"},"content":{"rendered":"\t\t<div data-elementor-type=\"wp-post\" data-elementor-id=\"3188\" class=\"elementor elementor-3188 elementor-3028\" data-elementor-post-type=\"post\">\n\t\t\t\t<div class=\"elementor-element elementor-element-1b55677e e-flex e-con-boxed e-con e-parent\" data-id=\"1b55677e\" data-element_type=\"container\">\n\t\t\t\t\t<div class=\"e-con-inner\">\n\t\t\t\t<div class=\"elementor-element elementor-element-213d5f0c elementor-widget elementor-widget-text-editor\" data-id=\"213d5f0c\" data-element_type=\"widget\" data-widget_type=\"text-editor.default\">\n\t\t\t\t<div class=\"elementor-widget-container\">\n\t\t\t\t\t\t\t\t\t<p>Si vous envisagez de passer vos vacances \u00e0 Barcelone en avril, vous serez heureux d&#8217;apprendre que <strong>c&#8217;est le moment id\u00e9al pour d\u00e9couvrir la ville<\/strong> : les jours sont plus longs et le temps sort de l&#8217;hiver pour laisser place au printemps tant attendu, le moment id\u00e9al pour profiter de ses rues, de ses parcs et de ses plages sans avoir \u00e0 subir les affluences estivales habituelles.<\/p><p>Vous souhaitez d\u00e9couvrir toutes les choses \u00e0 faire \u00e0 Barcelone en avril gr\u00e2ce au beau temps ?<\/p>\t\t\t\t\t\t\t\t<\/div>\n\t\t\t\t<\/div>\n\t\t\t\t\t<\/div>\n\t\t\t\t<\/div>\n\t\t<div class=\"elementor-element elementor-element-7375e902 e-flex e-con-boxed e-con e-parent\" data-id=\"7375e902\" data-element_type=\"container\">\n\t\t\t\t\t<div class=\"e-con-inner\">\n\t\t\t\t<div class=\"elementor-element elementor-element-434728c2 elementor-widget elementor-widget-table-of-contents\" data-id=\"434728c2\" data-element_type=\"widget\" data-settings=\"{&quot;headings_by_tags&quot;:[&quot;h2&quot;],&quot;exclude_headings_by_selector&quot;:[],&quot;marker_view&quot;:&quot;bullets&quot;,&quot;icon&quot;:{&quot;value&quot;:&quot;&quot;,&quot;library&quot;:&quot;&quot;},&quot;no_headings_message&quot;:&quot;No headings were found on this page.&quot;,&quot;hierarchical_view&quot;:&quot;yes&quot;,&quot;min_height&quot;:{&quot;unit&quot;:&quot;px&quot;,&quot;size&quot;:&quot;&quot;,&quot;sizes&quot;:[]},&quot;min_height_tablet&quot;:{&quot;unit&quot;:&quot;px&quot;,&quot;size&quot;:&quot;&quot;,&quot;sizes&quot;:[]},&quot;min_height_mobile&quot;:{&quot;unit&quot;:&quot;px&quot;,&quot;size&quot;:&quot;&quot;,&quot;sizes&quot;:[]}}\" data-widget_type=\"table-of-contents.default\">\n\t\t\t\t<div class=\"elementor-widget-container\">\n\t\t\t\t\t\t\t<div class=\"elementor-toc__header\">\n\t\t\t<div class=\"elementor-toc__header-title\">\n\t\t\t\tSommaire\t\t\t<\/div>\n\t\t\t\t\t<\/div>\n\t\t<div id=\"elementor-toc__434728c2\" class=\"elementor-toc__body\">\n\t\t\t<div class=\"elementor-toc__spinner-container\">\n\t\t\t\t<svg class=\"elementor-toc__spinner eicon-animation-spin e-font-icon-svg e-eicon-loading\" aria-hidden=\"true\" viewBox=\"0 0 1000 1000\" xmlns=\"http:\/\/www.w3.org\/2000\/svg\"><path d=\"M500 975V858C696 858 858 696 858 500S696 142 500 142 142 304 142 500H25C25 237 238 25 500 25S975 237 975 500 763 975 500 975Z\"><\/path><\/svg>\t\t\t<\/div>\n\t\t<\/div>\n\t\t\t\t\t\t<\/div>\n\t\t\t\t<\/div>\n\t\t\t\t\t<\/div>\n\t\t\t\t<\/div>\n\t\t<div class=\"elementor-element elementor-element-39eab506 e-flex e-con-boxed e-con e-parent\" data-id=\"39eab506\" data-element_type=\"container\">\n\t\t\t\t\t<div class=\"e-con-inner\">\n\t\t\t\t<div class=\"elementor-element elementor-element-3af6209d elementor-widget elementor-widget-heading\" data-id=\"3af6209d\" data-element_type=\"widget\" data-widget_type=\"heading.default\">\n\t\t\t\t<div class=\"elementor-widget-container\">\n\t\t\t\t\t<h2 class=\"elementor-heading-title elementor-size-default\">Que peut-on attendre du temps de Barcelone en avril<\/h2>\t\t\t\t<\/div>\n\t\t\t\t<\/div>\n\t\t\t\t<div class=\"elementor-element elementor-element-20495d98 elementor-widget elementor-widget-text-editor\" data-id=\"20495d98\" data-element_type=\"widget\" data-widget_type=\"text-editor.default\">\n\t\t\t\t<div class=\"elementor-widget-container\">\n\t\t\t\t\t\t\t\t\t<p>Les temp\u00e9ratures \u00e0 Barcelone en avril varient g\u00e9n\u00e9ralement entre 12 et 20\u00b0. <strong>C&#8217;est un mois o\u00f9 le temps devient plus cl\u00e9ment, avec des journ\u00e9es beaucoup plus ensoleill\u00e9es <\/strong>qui poussent \u00e0 fl\u00e2ner dans la ville et des nuits qui restent fra\u00eeches. Et s&#8217;il pleut de temps en temps, il s&#8217;agit le plus souvent d&#8217;une bruine br\u00e8ve et rafra\u00eechissante, id\u00e9ale pour purifier l&#8217;air et vous permettre d&#8217;apercevoir un ciel spectaculaire et peut-\u00eatre m\u00eame, \u00e0 l&#8217;occasion, un arc-en-ciel.<\/p>\t\t\t\t\t\t\t\t<\/div>\n\t\t\t\t<\/div>\n\t\t\t\t\t<\/div>\n\t\t\t\t<\/div>\n\t\t<div class=\"elementor-element elementor-element-b93974d e-flex e-con-boxed e-con e-parent\" data-id=\"b93974d\" data-element_type=\"container\">\n\t\t\t\t\t<div class=\"e-con-inner\">\n\t\t\t\t<div class=\"elementor-element elementor-element-147ea5b elementor-widget elementor-widget-heading\" data-id=\"147ea5b\" data-element_type=\"widget\" data-widget_type=\"heading.default\">\n\t\t\t\t<div class=\"elementor-widget-container\">\n\t\t\t\t\t<h2 class=\"elementor-heading-title elementor-size-default\">Comment s'habiller en fonction du temps qu'il fait \u00e0 Barcelone en avril<\/h2>\t\t\t\t<\/div>\n\t\t\t\t<\/div>\n\t\t\t\t<div class=\"elementor-element elementor-element-05f500e elementor-widget elementor-widget-text-editor\" data-id=\"05f500e\" data-element_type=\"widget\" data-widget_type=\"text-editor.default\">\n\t\t\t\t<div class=\"elementor-widget-container\">\n\t\t\t\t\t\t\t\t\t<p>Pour profiter du climat de Barcelone en avril et \u00eatre toujours \u00e0 l&#8217;aise, il faut <strong>opter pour la polyvalence et la superposition de couches<\/strong>. Il est pr\u00e9f\u00e9rable de porter des habits que vous pouvez combiner les uns avec les autres, afin de pouvoir vous adapter aux impr\u00e9vus de la m\u00e9t\u00e9o barcelonaise sans pour autant renoncer \u00e0 votre style. Par exemple, des t-shirts ou des chemisiers l\u00e9gers combin\u00e9s \u00e0 une veste de mi-saison et \u00e0 un pull ou un manteau pour la nuit qui tombe et le temps qui se rafra\u00eechit.<\/p><p>Et si vous pr\u00e9voyez de beaucoup marcher, choisissez des chaussures confortables et solides, comme de bonnes chaussures de sport ou des bottines. Ah ! Et n&#8217;oubliez pas d&#8217;emporter un petit parapluie ou une veste imperm\u00e9able : ils vous sauveront la vie en cas de pluie.<\/p>\t\t\t\t\t\t\t\t<\/div>\n\t\t\t\t<\/div>\n\t\t\t\t\t<\/div>\n\t\t\t\t<\/div>\n\t\t<div class=\"elementor-element elementor-element-d66829d e-flex e-con-boxed e-con e-parent\" data-id=\"d66829d\" data-element_type=\"container\">\n\t\t\t\t\t<div class=\"e-con-inner\">\n\t\t\t\t<div class=\"elementor-element elementor-element-647357a elementor-widget elementor-widget-image\" data-id=\"647357a\" data-element_type=\"widget\" data-widget_type=\"image.default\">\n\t\t\t\t<div class=\"elementor-widget-container\">\n\t\t\t\t\t\t\t\t\t\t\t\t\t\t\t<img fetchpriority=\"high\" decoding=\"async\" width=\"1252\" height=\"626\" src=\"https:\/\/www.keyinnapartments.com\/blog\/wp-content\/uploads\/2025\/02\/tiempo-barcelona-abril.jpg\" class=\"attachment-full size-full wp-image-3165\" alt=\"tiempo-barcelona-abril\" srcset=\"https:\/\/www.keyinnapartments.com\/blog\/wp-content\/uploads\/2025\/02\/tiempo-barcelona-abril.jpg 1252w, https:\/\/www.keyinnapartments.com\/blog\/wp-content\/uploads\/2025\/02\/tiempo-barcelona-abril-300x150.jpg 300w, https:\/\/www.keyinnapartments.com\/blog\/wp-content\/uploads\/2025\/02\/tiempo-barcelona-abril-1024x512.jpg 1024w, https:\/\/www.keyinnapartments.com\/blog\/wp-content\/uploads\/2025\/02\/tiempo-barcelona-abril-768x384.jpg 768w\" sizes=\"(max-width: 1252px) 100vw, 1252px\" \/>\t\t\t\t\t\t\t\t\t\t\t\t\t\t\t<\/div>\n\t\t\t\t<\/div>\n\t\t\t\t\t<\/div>\n\t\t\t\t<\/div>\n\t\t<div class=\"elementor-element elementor-element-1eb71b9 e-flex e-con-boxed e-con e-parent\" data-id=\"1eb71b9\" data-element_type=\"container\">\n\t\t\t\t\t<div class=\"e-con-inner\">\n\t\t\t\t<div class=\"elementor-element elementor-element-769a4f0 elementor-widget elementor-widget-heading\" data-id=\"769a4f0\" data-element_type=\"widget\" data-widget_type=\"heading.default\">\n\t\t\t\t<div class=\"elementor-widget-container\">\n\t\t\t\t\t<h2 class=\"elementor-heading-title elementor-size-default\">Que faire \u00e0 Barcelone en avril<\/h2>\t\t\t\t<\/div>\n\t\t\t\t<\/div>\n\t\t\t\t<div class=\"elementor-element elementor-element-9cb43b5 elementor-widget elementor-widget-text-editor\" data-id=\"9cb43b5\" data-element_type=\"widget\" data-widget_type=\"text-editor.default\">\n\t\t\t\t<div class=\"elementor-widget-container\">\n\t\t\t\t\t\t\t\t\t<p>Le mois d&#8217;avril \u00e0 Barcelone regorge d&#8217;\u00e9v\u00e9nements et d&#8217;activit\u00e9s pour tous les go\u00fbts. Eh oui, pour vous aussi ! La ville se transforme en une v\u00e9ritable sc\u00e8ne o\u00f9 se m\u00ealent festivals de musique, art urbain, march\u00e9s de rue et march\u00e9s alimentaires, un peu de tout !<\/p><p>Mais le moment le plus marquant est sans aucun doute la <strong>f\u00eate de la Sant Jordi, le 23 avril, une date tr\u00e8s sp\u00e9ciale en Catalogne et une des f\u00eates les plus embl\u00e9matiques de Barcelone.<\/strong><\/p><p>Ce jour-l\u00e0, les rues et les places comme Las Ramblas et le <a href=\"https:\/\/www.keyinnapartments.com\/blog\/fr\/quartier-de-gracia-barcelone\/\">quartier de Gracia<\/a> se remplissent de stands de livres et de roses. Selon la tradition, les hommes offrent une rose aux femmes et les femmes offrent un livre en retour. De plus, avec les bonnes temp\u00e9ratures du mois d&#8217;avril, les terrasses des bars et des caf\u00e9s sont de nouveau \u00e0 l&#8217;honneur : pouvez-vous vous imaginer en train de d\u00e9guster un caf\u00e9, une bi\u00e8re ou un jus de fruit accompagn\u00e9 d&#8217;un livre que vous venez d&#8217;acheter ? Le plaisir est d\u00e9multipli\u00e9.<\/p><p>Et si vous \u00eates sportif, <strong>pourquoi ne pas faire un tour de v\u00e9lo dans la ville ou une promenade dans le Parc de la Ciutadella ?<\/strong> Vous pouvez \u00e9galement participer \u00e0 des visites organis\u00e9es pour d\u00e9couvrir des endroits secrets et profiter d&#8217;itin\u00e9raires \u00e0 th\u00e8me alliant histoire et nature.<\/p><p>Et surtout, avril est aussi un mois riche en \u00e9v\u00e9nements culturels. De nombreux th\u00e9\u00e2tres proposent des repr\u00e9sentations sp\u00e9ciales, des concerts en plein air et des spectacles \u00e0 huis clos dans des lieux tels que le Razzmatazz et la Sala Apolo. Il y a aussi des festivals tr\u00e8s vari\u00e9s, comme le Barcelona Psych Fest 2025 et le BIS Festival. N&#8217;oublions pas non plus les expositions temporaires des mus\u00e9es comme le MACBA et le MNAC, qui ont toujours quelque chose d&#8217;int\u00e9ressant \u00e0 pr\u00e9senter ; il suffit de jeter un coup d&#8217;\u0153il \u00e0 leur programme avant de venir.<\/p><p>Vous voyez ? <strong>L&#8217;\u00e9ventail d&#8217;activit\u00e9s et d&#8217;\u00e9v\u00e9nements \u00e0 Barcelone en avril est si large que vous aurez toujours quelque chose \u00e0 faire<\/strong>, qu&#8217;il s&#8217;agisse de fl\u00e2ner sur les Ramblas ou de se perdre dans le charmant quartier gothique. Qu\u2019allez-vous d\u00e9cider ?<\/p>\t\t\t\t\t\t\t\t<\/div>\n\t\t\t\t<\/div>\n\t\t\t\t\t<\/div>\n\t\t\t\t<\/div>\n\t\t<div class=\"elementor-element elementor-element-c5a905d e-flex e-con-boxed e-con e-parent\" data-id=\"c5a905d\" data-element_type=\"container\">\n\t\t\t\t\t<div class=\"e-con-inner\">\n\t\t\t\t<div class=\"elementor-element elementor-element-005cccb elementor-widget elementor-widget-heading\" data-id=\"005cccb\" data-element_type=\"widget\" data-widget_type=\"heading.default\">\n\t\t\t\t<div class=\"elementor-widget-container\">\n\t\t\t\t\t<h2 class=\"elementor-heading-title elementor-size-default\">La gastronomie barcelonaise en avril s'allie au beau temps<\/h2>\t\t\t\t<\/div>\n\t\t\t\t<\/div>\n\t\t\t\t<div class=\"elementor-element elementor-element-22288af elementor-widget elementor-widget-text-editor\" data-id=\"22288af\" data-element_type=\"widget\" data-widget_type=\"text-editor.default\">\n\t\t\t\t<div class=\"elementor-widget-container\">\n\t\t\t\t\t\t\t\t\t<p>Le mois d&#8217;avril est la p\u00e9riode id\u00e9ale pour se laisser tenter par les saveurs m\u00e9diterran\u00e9ennes et d\u00e9couvrir des adresses culinaires qui allient le classique au moderne. Vous pourrez savourer une paella aux fruits de mer ou une fideu\u00e1 fra\u00eechement pr\u00e9par\u00e9e sur une terrasse du Born ou d\u00e9guster des tapas traditionnels telles que des bombas, du pain \u00e0 la tomate et au jambon ib\u00e9rique dans le quartier gothique, tout en savourant un bon vermouth \u00e0 l&#8217;air libre. \u00c0 vous de choisir.<\/p><p><strong>Les ingr\u00e9dients de saison, tels que les artichauts, les asperges et les fraises<\/strong>, sont \u00e9galement de saison et sont int\u00e9gr\u00e9s dans des salades fra\u00eeches et d&#8217;autres plats typiques dans presque tous les restaurants de la ville.<\/p><p>Si vous \u00eates gourmand, ne manquez pas les <strong>march\u00e9s locaux<\/strong> &#8211; un v\u00e9ritable paradis en cas de mauvais temps \u00e0 Barcelone en avril &#8211; o\u00f9 vous pourrez d\u00e9guster des produits locaux, tels que des fromages artisanaux, de la charcuterie et des l\u00e9gumes secs, et go\u00fbter directement \u00e0 l&#8217;essence de la cuisine barcelonaise. <strong>Nous parlons ici des march\u00e9s de Santa Caterina et de Sant Antoni.<\/strong><\/p>\t\t\t\t\t\t\t\t<\/div>\n\t\t\t\t<\/div>\n\t\t\t\t\t<\/div>\n\t\t\t\t<\/div>\n\t\t<div class=\"elementor-element elementor-element-ebf33b7 e-flex e-con-boxed e-con e-parent\" data-id=\"ebf33b7\" data-element_type=\"container\">\n\t\t\t\t\t<div class=\"e-con-inner\">\n\t\t\t\t<div class=\"elementor-element elementor-element-663258f elementor-widget elementor-widget-image\" data-id=\"663258f\" data-element_type=\"widget\" data-widget_type=\"image.default\">\n\t\t\t\t<div class=\"elementor-widget-container\">\n\t\t\t\t\t\t\t\t\t\t\t\t\t\t\t<img decoding=\"async\" width=\"1258\" height=\"629\" src=\"https:\/\/www.keyinnapartments.com\/blog\/wp-content\/uploads\/2025\/02\/comer-barcelona-abril.jpg\" class=\"attachment-full size-full wp-image-3156\" alt=\"comer-barcelona-abril\" srcset=\"https:\/\/www.keyinnapartments.com\/blog\/wp-content\/uploads\/2025\/02\/comer-barcelona-abril.jpg 1258w, https:\/\/www.keyinnapartments.com\/blog\/wp-content\/uploads\/2025\/02\/comer-barcelona-abril-300x150.jpg 300w, https:\/\/www.keyinnapartments.com\/blog\/wp-content\/uploads\/2025\/02\/comer-barcelona-abril-1024x512.jpg 1024w, https:\/\/www.keyinnapartments.com\/blog\/wp-content\/uploads\/2025\/02\/comer-barcelona-abril-768x384.jpg 768w\" sizes=\"(max-width: 1258px) 100vw, 1258px\" \/>\t\t\t\t\t\t\t\t\t\t\t\t\t\t\t<\/div>\n\t\t\t\t<\/div>\n\t\t\t\t\t<\/div>\n\t\t\t\t<\/div>\n\t\t<div class=\"elementor-element elementor-element-74e6bac7 e-flex e-con-boxed e-con e-parent\" data-id=\"74e6bac7\" data-element_type=\"container\">\n\t\t\t\t\t<div class=\"e-con-inner\">\n\t\t\t\t<div class=\"elementor-element elementor-element-4ed83b7a elementor-widget elementor-widget-heading\" data-id=\"4ed83b7a\" data-element_type=\"widget\" data-widget_type=\"heading.default\">\n\t\t\t\t<div class=\"elementor-widget-container\">\n\t\t\t\t\t<h2 class=\"elementor-heading-title elementor-size-default\">Profitez du temps qu'il fait \u00e0 Barcelone en avril, vous serez combl\u00e9s !<\/h2>\t\t\t\t<\/div>\n\t\t\t\t<\/div>\n\t\t\t\t<div class=\"elementor-element elementor-element-5cc83779 elementor-widget elementor-widget-text-editor\" data-id=\"5cc83779\" data-element_type=\"widget\" data-widget_type=\"text-editor.default\">\n\t\t\t\t<div class=\"elementor-widget-container\">\n\t\t\t\t\t\t\t\t\t<p>Nous ne vous mentons pas, Barcelone en avril est un <strong>m\u00e9lange id\u00e9al de climat agr\u00e9able, d&#8217;activit\u00e9s, d&#8217;\u00e9v\u00e9nements et de culture<\/strong>. C&#8217;est aussi le moment id\u00e9al pour d\u00e9couvrir ses rues, go\u00fbter \u00e0 sa gastronomie et s&#8217;immerger dans toutes les bonnes choses \u00e0 faire sans l&#8217;agitation de l&#8217;\u00e9t\u00e9 ou l&#8217;absence des foules de l&#8217;hiver.<\/p><p>Alors, faites vos valises, enfilez plusieurs couches de v\u00eatements, une bonne paire de baskets &#8211; ou de bottines &#8211; et venez d\u00e9couvrir par vous-m\u00eame le temps qu&#8217;il fait \u00e0 Barcelone au mois d&#8217;avril. Vous n&#8217;avez pas encore choisi d&#8217;h\u00e9bergement ? Nous allons \u00e9galement vous faciliter la t\u00e2che durant vos recherches : <strong>sur Key Barcelona, en quelques clics, vous trouverez l&#8217;endroit id\u00e9al pour vous reposer pendant vos vacances<\/strong>.<\/p><p>Que vous planifiez des vacances en famille, un voyage d&#8217;affaires ou un <a href=\"https:\/\/www.keyinnapartments.com\/blog\/fr\/escapade-week-end-barcelone\/\">week-end romantique<\/a>, nous avons l&#8217;appartement ou le studio que vous cherchez au c\u0153ur de Barcelone.<\/p>\t\t\t\t\t\t\t\t<\/div>\n\t\t\t\t<\/div>\n\t\t\t\t\t<\/div>\n\t\t\t\t<\/div>\n\t\t<div class=\"elementor-element elementor-element-65d8dcd5 e-flex e-con-boxed e-con e-parent\" data-id=\"65d8dcd5\" data-element_type=\"container\">\n\t\t\t\t\t<div class=\"e-con-inner\">\n\t\t<div class=\"elementor-element elementor-element-28d15eb4 e-con-full e-flex e-con e-child\" data-id=\"28d15eb4\" data-element_type=\"container\" data-settings=\"{&quot;background_background&quot;:&quot;classic&quot;}\">\n\t\t\t\t<div class=\"elementor-element elementor-element-7e69d522 elementor-align-center elementor-widget elementor-widget-button\" data-id=\"7e69d522\" data-element_type=\"widget\" data-widget_type=\"button.default\">\n\t\t\t\t<div class=\"elementor-widget-container\">\n\t\t\t\t\t\t\t\t\t<div class=\"elementor-button-wrapper\">\n\t\t\t\t\t<a class=\"elementor-button elementor-button-link elementor-size-sm\" href=\"https:\/\/www.keyinnapartments.com\/fr\/location-vacances-barcelone\/\">\n\t\t\t\t\t\t<span class=\"elementor-button-content-wrapper\">\n\t\t\t\t\t\t\t\t\t<span class=\"elementor-button-text\">Logements<\/span>\n\t\t\t\t\t<\/span>\n\t\t\t\t\t<\/a>\n\t\t\t\t<\/div>\n\t\t\t\t\t\t\t\t<\/div>\n\t\t\t\t<\/div>\n\t\t\t\t<\/div>\n\t\t<div class=\"elementor-element elementor-element-3e21dc6 e-con-full e-flex e-con e-child\" data-id=\"3e21dc6\" data-element_type=\"container\" data-settings=\"{&quot;background_background&quot;:&quot;classic&quot;}\">\n\t\t\t\t<div class=\"elementor-element elementor-element-57c4e5c0 elementor-align-center elementor-widget elementor-widget-button\" data-id=\"57c4e5c0\" data-element_type=\"widget\" data-widget_type=\"button.default\">\n\t\t\t\t<div class=\"elementor-widget-container\">\n\t\t\t\t\t\t\t\t\t<div class=\"elementor-button-wrapper\">\n\t\t\t\t\t<a class=\"elementor-button elementor-button-link elementor-size-sm\" href=\"https:\/\/www.keyinnapartments.com\/fr\/appartement-vacances-barcelone\/\">\n\t\t\t\t\t\t<span class=\"elementor-button-content-wrapper\">\n\t\t\t\t\t\t\t\t\t<span class=\"elementor-button-text\">Appartements<\/span>\n\t\t\t\t\t<\/span>\n\t\t\t\t\t<\/a>\n\t\t\t\t<\/div>\n\t\t\t\t\t\t\t\t<\/div>\n\t\t\t\t<\/div>\n\t\t\t\t<\/div>\n\t\t\t\t\t<\/div>\n\t\t\t\t<\/div>\n\t\t\t\t<\/div>\n\t\t","protected":false},"excerpt":{"rendered":"<p>Si vous envisagez de passer vos vacances \u00e0 Barcelone en avril, vous serez heureux d&#8217;apprendre que c&#8217;est le moment id\u00e9al pour d\u00e9couvrir la ville : les jours sont plus longs et le temps sort de l&#8217;hiver pour laisser place au printemps tant attendu, le moment id\u00e9al pour profiter de ses rues, de ses parcs et [&hellip;]<\/p>\n","protected":false},"author":3,"featured_media":3162,"comment_status":"open","ping_status":"open","sticky":false,"template":"","format":"standard","meta":{"footnotes":""},"categories":[35,57],"tags":[],"class_list":["post-3188","post","type-post","status-publish","format-standard","has-post-thumbnail","hentry","category-barcelone","category-climat-et-saisons"],"yoast_head":"<!-- This site is optimized with the Yoast SEO plugin v25.3.1 - https:\/\/yoast.com\/wordpress\/plugins\/seo\/ -->\n<title>\u00c0 quoi ressemble Barcelone en avril ? - Blog de voyage Barcelone<\/title>\n<meta name=\"description\" content=\"Profitez du climat \u00e0 Barcelone en avril. Profitez du moment id\u00e9al pour d\u00e9couvrir la ville et ses \u00e9v\u00e9nements. Pr\u00e9parez votre voyage\u00a0!\" \/>\n<meta name=\"robots\" content=\"index, follow, max-snippet:-1, max-image-preview:large, max-video-preview:-1\" \/>\n<link rel=\"canonical\" href=\"https:\/\/www.keyinnapartments.com\/blog\/fr\/barcelone-en-avril\/\" \/>\n<meta property=\"og:locale\" content=\"fr_FR\" \/>\n<meta property=\"og:type\" content=\"article\" \/>\n<meta property=\"og:title\" content=\"\u00c0 quoi ressemble Barcelone en avril ? - Blog de voyage Barcelone\" \/>\n<meta property=\"og:description\" content=\"Profitez du climat \u00e0 Barcelone en avril. Profitez du moment id\u00e9al pour d\u00e9couvrir la ville et ses \u00e9v\u00e9nements. Pr\u00e9parez votre voyage\u00a0!\" \/>\n<meta property=\"og:url\" content=\"https:\/\/www.keyinnapartments.com\/blog\/fr\/barcelone-en-avril\/\" \/>\n<meta property=\"og:site_name\" content=\"Blog de voyage Barcelone\" \/>\n<meta property=\"article:publisher\" content=\"https:\/\/www.facebook.com\/keyinnapartments\/\" \/>\n<meta property=\"article:published_time\" content=\"2025-02-17T13:03:50+00:00\" \/>\n<meta property=\"article:modified_time\" content=\"2025-03-26T15:36:40+00:00\" \/>\n<meta property=\"og:image\" content=\"https:\/\/www.keyinnapartments.com\/blog\/wp-content\/uploads\/2025\/02\/barcelona-abril.jpg\" \/>\n\t<meta property=\"og:image:width\" content=\"1920\" \/>\n\t<meta property=\"og:image:height\" content=\"690\" \/>\n\t<meta property=\"og:image:type\" content=\"image\/jpeg\" \/>\n<meta name=\"author\" content=\"digitalservices\" \/>\n<meta name=\"twitter:card\" content=\"summary_large_image\" \/>\n<meta name=\"twitter:label1\" content=\"Written by\" \/>\n\t<meta name=\"twitter:data1\" content=\"digitalservices\" \/>\n\t<meta name=\"twitter:label2\" content=\"Est. reading time\" \/>\n\t<meta name=\"twitter:data2\" content=\"6 minutes\" \/>\n<script type=\"application\/ld+json\" class=\"yoast-schema-graph\">{\"@context\":\"https:\/\/schema.org\",\"@graph\":[{\"@type\":\"Article\",\"@id\":\"https:\/\/www.keyinnapartments.com\/blog\/fr\/barcelone-en-avril\/#article\",\"isPartOf\":{\"@id\":\"https:\/\/www.keyinnapartments.com\/blog\/fr\/barcelone-en-avril\/\"},\"author\":{\"name\":\"digitalservices\",\"@id\":\"https:\/\/www.keyinnapartments.com\/blog\/fr\/#\/schema\/person\/ad874b614da9f01dc2ab0054bc6181e3\"},\"headline\":\"\u00c0 quoi ressemble Barcelone en avril ?\",\"datePublished\":\"2025-02-17T13:03:50+00:00\",\"dateModified\":\"2025-03-26T15:36:40+00:00\",\"mainEntityOfPage\":{\"@id\":\"https:\/\/www.keyinnapartments.com\/blog\/fr\/barcelone-en-avril\/\"},\"wordCount\":1135,\"commentCount\":0,\"publisher\":{\"@id\":\"https:\/\/www.keyinnapartments.com\/blog\/fr\/#organization\"},\"image\":{\"@id\":\"https:\/\/www.keyinnapartments.com\/blog\/fr\/barcelone-en-avril\/#primaryimage\"},\"thumbnailUrl\":\"https:\/\/www.keyinnapartments.com\/blog\/wp-content\/uploads\/2025\/02\/barcelona-abril.jpg\",\"articleSection\":[\"Barcelone\",\"Climat et Saisons\"],\"inLanguage\":\"fr\",\"potentialAction\":[{\"@type\":\"CommentAction\",\"name\":\"Comment\",\"target\":[\"https:\/\/www.keyinnapartments.com\/blog\/fr\/barcelone-en-avril\/#respond\"]}]},{\"@type\":\"WebPage\",\"@id\":\"https:\/\/www.keyinnapartments.com\/blog\/fr\/barcelone-en-avril\/\",\"url\":\"https:\/\/www.keyinnapartments.com\/blog\/fr\/barcelone-en-avril\/\",\"name\":\"\u00c0 quoi ressemble Barcelone en avril ? - Blog de voyage Barcelone\",\"isPartOf\":{\"@id\":\"https:\/\/www.keyinnapartments.com\/blog\/fr\/#website\"},\"primaryImageOfPage\":{\"@id\":\"https:\/\/www.keyinnapartments.com\/blog\/fr\/barcelone-en-avril\/#primaryimage\"},\"image\":{\"@id\":\"https:\/\/www.keyinnapartments.com\/blog\/fr\/barcelone-en-avril\/#primaryimage\"},\"thumbnailUrl\":\"https:\/\/www.keyinnapartments.com\/blog\/wp-content\/uploads\/2025\/02\/barcelona-abril.jpg\",\"datePublished\":\"2025-02-17T13:03:50+00:00\",\"dateModified\":\"2025-03-26T15:36:40+00:00\",\"description\":\"Profitez du climat \u00e0 Barcelone en avril. Profitez du moment id\u00e9al pour d\u00e9couvrir la ville et ses \u00e9v\u00e9nements. Pr\u00e9parez votre voyage\u00a0!\",\"breadcrumb\":{\"@id\":\"https:\/\/www.keyinnapartments.com\/blog\/fr\/barcelone-en-avril\/#breadcrumb\"},\"inLanguage\":\"fr\",\"potentialAction\":[{\"@type\":\"ReadAction\",\"target\":[\"https:\/\/www.keyinnapartments.com\/blog\/fr\/barcelone-en-avril\/\"]}]},{\"@type\":\"ImageObject\",\"inLanguage\":\"fr\",\"@id\":\"https:\/\/www.keyinnapartments.com\/blog\/fr\/barcelone-en-avril\/#primaryimage\",\"url\":\"https:\/\/www.keyinnapartments.com\/blog\/wp-content\/uploads\/2025\/02\/barcelona-abril.jpg\",\"contentUrl\":\"https:\/\/www.keyinnapartments.com\/blog\/wp-content\/uploads\/2025\/02\/barcelona-abril.jpg\",\"width\":1920,\"height\":690,\"caption\":\"barcelona-abril\"},{\"@type\":\"BreadcrumbList\",\"@id\":\"https:\/\/www.keyinnapartments.com\/blog\/fr\/barcelone-en-avril\/#breadcrumb\",\"itemListElement\":[{\"@type\":\"ListItem\",\"position\":1,\"name\":\"Home\",\"item\":\"https:\/\/www.keyinnapartments.com\/blog\/fr\/\"},{\"@type\":\"ListItem\",\"position\":2,\"name\":\"\u00c0 quoi ressemble Barcelone en avril ?\"}]},{\"@type\":\"WebSite\",\"@id\":\"https:\/\/www.keyinnapartments.com\/blog\/fr\/#website\",\"url\":\"https:\/\/www.keyinnapartments.com\/blog\/fr\/\",\"name\":\"Key in Apartaments\",\"description\":\"Key Inn Apartments\",\"publisher\":{\"@id\":\"https:\/\/www.keyinnapartments.com\/blog\/fr\/#organization\"},\"potentialAction\":[{\"@type\":\"SearchAction\",\"target\":{\"@type\":\"EntryPoint\",\"urlTemplate\":\"https:\/\/www.keyinnapartments.com\/blog\/fr\/?s={search_term_string}\"},\"query-input\":{\"@type\":\"PropertyValueSpecification\",\"valueRequired\":true,\"valueName\":\"search_term_string\"}}],\"inLanguage\":\"fr\"},{\"@type\":\"Organization\",\"@id\":\"https:\/\/www.keyinnapartments.com\/blog\/fr\/#organization\",\"name\":\"Key Barcelona\",\"url\":\"https:\/\/www.keyinnapartments.com\/blog\/fr\/\",\"logo\":{\"@type\":\"ImageObject\",\"inLanguage\":\"fr\",\"@id\":\"https:\/\/www.keyinnapartments.com\/blog\/fr\/#\/schema\/logo\/image\/\",\"url\":\"https:\/\/www.keyinnapartments.com\/blog\/wp-content\/uploads\/2024\/04\/logo-11.png\",\"contentUrl\":\"https:\/\/www.keyinnapartments.com\/blog\/wp-content\/uploads\/2024\/04\/logo-11.png\",\"width\":350,\"height\":442,\"caption\":\"Key Barcelona\"},\"image\":{\"@id\":\"https:\/\/www.keyinnapartments.com\/blog\/fr\/#\/schema\/logo\/image\/\"},\"sameAs\":[\"https:\/\/www.facebook.com\/keyinnapartments\/\",\"https:\/\/www.instagram.com\/keyinnapartments\/\",\"https:\/\/www.linkedin.com\/company\/key-barcelona-apartments\/about\/\"]},{\"@type\":\"Person\",\"@id\":\"https:\/\/www.keyinnapartments.com\/blog\/fr\/#\/schema\/person\/ad874b614da9f01dc2ab0054bc6181e3\",\"name\":\"digitalservices\",\"image\":{\"@type\":\"ImageObject\",\"inLanguage\":\"fr\",\"@id\":\"https:\/\/www.keyinnapartments.com\/blog\/fr\/#\/schema\/person\/image\/\",\"url\":\"https:\/\/secure.gravatar.com\/avatar\/af30f88a1904294c1f3eb09a9d7903eec4ffa18fa2cf40c28a8681014ecdfc20?s=96&d=mm&r=g\",\"contentUrl\":\"https:\/\/secure.gravatar.com\/avatar\/af30f88a1904294c1f3eb09a9d7903eec4ffa18fa2cf40c28a8681014ecdfc20?s=96&d=mm&r=g\",\"caption\":\"digitalservices\"},\"url\":\"https:\/\/www.keyinnapartments.com\/blog\/fr\/author\/digitalservices\/\"}]}<\/script>\n<!-- \/ Yoast SEO plugin. -->","yoast_head_json":{"title":"\u00c0 quoi ressemble Barcelone en avril ? - Blog de voyage Barcelone","description":"Profitez du climat \u00e0 Barcelone en avril. Profitez du moment id\u00e9al pour d\u00e9couvrir la ville et ses \u00e9v\u00e9nements. Pr\u00e9parez votre voyage\u00a0!","robots":{"index":"index","follow":"follow","max-snippet":"max-snippet:-1","max-image-preview":"max-image-preview:large","max-video-preview":"max-video-preview:-1"},"canonical":"https:\/\/www.keyinnapartments.com\/blog\/fr\/barcelone-en-avril\/","og_locale":"fr_FR","og_type":"article","og_title":"\u00c0 quoi ressemble Barcelone en avril ? - Blog de voyage Barcelone","og_description":"Profitez du climat \u00e0 Barcelone en avril. Profitez du moment id\u00e9al pour d\u00e9couvrir la ville et ses \u00e9v\u00e9nements. Pr\u00e9parez votre voyage\u00a0!","og_url":"https:\/\/www.keyinnapartments.com\/blog\/fr\/barcelone-en-avril\/","og_site_name":"Blog de voyage Barcelone","article_publisher":"https:\/\/www.facebook.com\/keyinnapartments\/","article_published_time":"2025-02-17T13:03:50+00:00","article_modified_time":"2025-03-26T15:36:40+00:00","og_image":[{"width":1920,"height":690,"url":"https:\/\/www.keyinnapartments.com\/blog\/wp-content\/uploads\/2025\/02\/barcelona-abril.jpg","type":"image\/jpeg"}],"author":"digitalservices","twitter_card":"summary_large_image","twitter_misc":{"Written by":"digitalservices","Est. reading time":"6 minutes"},"schema":{"@context":"https:\/\/schema.org","@graph":[{"@type":"Article","@id":"https:\/\/www.keyinnapartments.com\/blog\/fr\/barcelone-en-avril\/#article","isPartOf":{"@id":"https:\/\/www.keyinnapartments.com\/blog\/fr\/barcelone-en-avril\/"},"author":{"name":"digitalservices","@id":"https:\/\/www.keyinnapartments.com\/blog\/fr\/#\/schema\/person\/ad874b614da9f01dc2ab0054bc6181e3"},"headline":"\u00c0 quoi ressemble Barcelone en avril ?","datePublished":"2025-02-17T13:03:50+00:00","dateModified":"2025-03-26T15:36:40+00:00","mainEntityOfPage":{"@id":"https:\/\/www.keyinnapartments.com\/blog\/fr\/barcelone-en-avril\/"},"wordCount":1135,"commentCount":0,"publisher":{"@id":"https:\/\/www.keyinnapartments.com\/blog\/fr\/#organization"},"image":{"@id":"https:\/\/www.keyinnapartments.com\/blog\/fr\/barcelone-en-avril\/#primaryimage"},"thumbnailUrl":"https:\/\/www.keyinnapartments.com\/blog\/wp-content\/uploads\/2025\/02\/barcelona-abril.jpg","articleSection":["Barcelone","Climat et Saisons"],"inLanguage":"fr","potentialAction":[{"@type":"CommentAction","name":"Comment","target":["https:\/\/www.keyinnapartments.com\/blog\/fr\/barcelone-en-avril\/#respond"]}]},{"@type":"WebPage","@id":"https:\/\/www.keyinnapartments.com\/blog\/fr\/barcelone-en-avril\/","url":"https:\/\/www.keyinnapartments.com\/blog\/fr\/barcelone-en-avril\/","name":"\u00c0 quoi ressemble Barcelone en avril ? - Blog de voyage Barcelone","isPartOf":{"@id":"https:\/\/www.keyinnapartments.com\/blog\/fr\/#website"},"primaryImageOfPage":{"@id":"https:\/\/www.keyinnapartments.com\/blog\/fr\/barcelone-en-avril\/#primaryimage"},"image":{"@id":"https:\/\/www.keyinnapartments.com\/blog\/fr\/barcelone-en-avril\/#primaryimage"},"thumbnailUrl":"https:\/\/www.keyinnapartments.com\/blog\/wp-content\/uploads\/2025\/02\/barcelona-abril.jpg","datePublished":"2025-02-17T13:03:50+00:00","dateModified":"2025-03-26T15:36:40+00:00","description":"Profitez du climat \u00e0 Barcelone en avril. Profitez du moment id\u00e9al pour d\u00e9couvrir la ville et ses \u00e9v\u00e9nements. Pr\u00e9parez votre voyage\u00a0!","breadcrumb":{"@id":"https:\/\/www.keyinnapartments.com\/blog\/fr\/barcelone-en-avril\/#breadcrumb"},"inLanguage":"fr","potentialAction":[{"@type":"ReadAction","target":["https:\/\/www.keyinnapartments.com\/blog\/fr\/barcelone-en-avril\/"]}]},{"@type":"ImageObject","inLanguage":"fr","@id":"https:\/\/www.keyinnapartments.com\/blog\/fr\/barcelone-en-avril\/#primaryimage","url":"https:\/\/www.keyinnapartments.com\/blog\/wp-content\/uploads\/2025\/02\/barcelona-abril.jpg","contentUrl":"https:\/\/www.keyinnapartments.com\/blog\/wp-content\/uploads\/2025\/02\/barcelona-abril.jpg","width":1920,"height":690,"caption":"barcelona-abril"},{"@type":"BreadcrumbList","@id":"https:\/\/www.keyinnapartments.com\/blog\/fr\/barcelone-en-avril\/#breadcrumb","itemListElement":[{"@type":"ListItem","position":1,"name":"Home","item":"https:\/\/www.keyinnapartments.com\/blog\/fr\/"},{"@type":"ListItem","position":2,"name":"\u00c0 quoi ressemble Barcelone en avril ?"}]},{"@type":"WebSite","@id":"https:\/\/www.keyinnapartments.com\/blog\/fr\/#website","url":"https:\/\/www.keyinnapartments.com\/blog\/fr\/","name":"Key in Apartaments","description":"Key Inn Apartments","publisher":{"@id":"https:\/\/www.keyinnapartments.com\/blog\/fr\/#organization"},"potentialAction":[{"@type":"SearchAction","target":{"@type":"EntryPoint","urlTemplate":"https:\/\/www.keyinnapartments.com\/blog\/fr\/?s={search_term_string}"},"query-input":{"@type":"PropertyValueSpecification","valueRequired":true,"valueName":"search_term_string"}}],"inLanguage":"fr"},{"@type":"Organization","@id":"https:\/\/www.keyinnapartments.com\/blog\/fr\/#organization","name":"Key Barcelona","url":"https:\/\/www.keyinnapartments.com\/blog\/fr\/","logo":{"@type":"ImageObject","inLanguage":"fr","@id":"https:\/\/www.keyinnapartments.com\/blog\/fr\/#\/schema\/logo\/image\/","url":"https:\/\/www.keyinnapartments.com\/blog\/wp-content\/uploads\/2024\/04\/logo-11.png","contentUrl":"https:\/\/www.keyinnapartments.com\/blog\/wp-content\/uploads\/2024\/04\/logo-11.png","width":350,"height":442,"caption":"Key Barcelona"},"image":{"@id":"https:\/\/www.keyinnapartments.com\/blog\/fr\/#\/schema\/logo\/image\/"},"sameAs":["https:\/\/www.facebook.com\/keyinnapartments\/","https:\/\/www.instagram.com\/keyinnapartments\/","https:\/\/www.linkedin.com\/company\/key-barcelona-apartments\/about\/"]},{"@type":"Person","@id":"https:\/\/www.keyinnapartments.com\/blog\/fr\/#\/schema\/person\/ad874b614da9f01dc2ab0054bc6181e3","name":"digitalservices","image":{"@type":"ImageObject","inLanguage":"fr","@id":"https:\/\/www.keyinnapartments.com\/blog\/fr\/#\/schema\/person\/image\/","url":"https:\/\/secure.gravatar.com\/avatar\/af30f88a1904294c1f3eb09a9d7903eec4ffa18fa2cf40c28a8681014ecdfc20?s=96&d=mm&r=g","contentUrl":"https:\/\/secure.gravatar.com\/avatar\/af30f88a1904294c1f3eb09a9d7903eec4ffa18fa2cf40c28a8681014ecdfc20?s=96&d=mm&r=g","caption":"digitalservices"},"url":"https:\/\/www.keyinnapartments.com\/blog\/fr\/author\/digitalservices\/"}]}},"_links":{"self":[{"href":"https:\/\/www.keyinnapartments.com\/blog\/fr\/wp-json\/wp\/v2\/posts\/3188","targetHints":{"allow":["GET"]}}],"collection":[{"href":"https:\/\/www.keyinnapartments.com\/blog\/fr\/wp-json\/wp\/v2\/posts"}],"about":[{"href":"https:\/\/www.keyinnapartments.com\/blog\/fr\/wp-json\/wp\/v2\/types\/post"}],"author":[{"embeddable":true,"href":"https:\/\/www.keyinnapartments.com\/blog\/fr\/wp-json\/wp\/v2\/users\/3"}],"replies":[{"embeddable":true,"href":"https:\/\/www.keyinnapartments.com\/blog\/fr\/wp-json\/wp\/v2\/comments?post=3188"}],"version-history":[{"count":14,"href":"https:\/\/www.keyinnapartments.com\/blog\/fr\/wp-json\/wp\/v2\/posts\/3188\/revisions"}],"predecessor-version":[{"id":3240,"href":"https:\/\/www.keyinnapartments.com\/blog\/fr\/wp-json\/wp\/v2\/posts\/3188\/revisions\/3240"}],"wp:featuredmedia":[{"embeddable":true,"href":"https:\/\/www.keyinnapartments.com\/blog\/fr\/wp-json\/wp\/v2\/media\/3162"}],"wp:attachment":[{"href":"https:\/\/www.keyinnapartments.com\/blog\/fr\/wp-json\/wp\/v2\/media?parent=3188"}],"wp:term":[{"taxonomy":"category","embeddable":true,"href":"https:\/\/www.keyinnapartments.com\/blog\/fr\/wp-json\/wp\/v2\/categories?post=3188"},{"taxonomy":"post_tag","embeddable":true,"href":"https:\/\/www.keyinnapartments.com\/blog\/fr\/wp-json\/wp\/v2\/tags?post=3188"}],"curies":[{"name":"wp","href":"https:\/\/api.w.org\/{rel}","templated":true}]}}