{"id":3999,"date":"2025-04-14T09:09:53","date_gmt":"2025-04-14T09:09:53","guid":{"rendered":"https:\/\/www.keyinnapartments.com\/blog\/?p=3999"},"modified":"2025-06-11T14:25:09","modified_gmt":"2025-06-11T14:25:09","slug":"appartements-8-personnes-barcelone","status":"publish","type":"post","link":"https:\/\/www.keyinnapartments.com\/blog\/fr\/appartements-8-personnes-barcelone\/","title":{"rendered":"Appartements pour 8 personnes \u00e0 Barcelone"},"content":{"rendered":"\t\t<div data-elementor-type=\"wp-post\" data-elementor-id=\"3999\" class=\"elementor elementor-3999 elementor-3923\" data-elementor-post-type=\"post\">\n\t\t\t\t<div class=\"elementor-element elementor-element-7b944f7 e-flex e-con-boxed e-con e-parent\" data-id=\"7b944f7\" data-element_type=\"container\">\n\t\t\t\t\t<div class=\"e-con-inner\">\n\t\t\t\t<div class=\"elementor-element elementor-element-278f79c elementor-widget elementor-widget-heading\" data-id=\"278f79c\" data-element_type=\"widget\" data-widget_type=\"heading.default\">\n\t\t\t\t<div class=\"elementor-widget-container\">\n\t\t\t\t\t<h1 class=\"elementor-heading-title elementor-size-default\">Appartements pour 8 personnes \u00e0 Barcelone <\/h1>\t\t\t\t<\/div>\n\t\t\t\t<\/div>\n\t\t\t\t<div class=\"elementor-element elementor-element-0a00c0a elementor-widget elementor-widget-text-editor\" data-id=\"0a00c0a\" data-element_type=\"widget\" data-widget_type=\"text-editor.default\">\n\t\t\t\t<div class=\"elementor-widget-container\">\n\t\t\t\t\t\t\t\t\t<p>Vous cherchez un <strong>appartement pour 8 personnes au c\u0153ur de Barcelone<\/strong> ? Vous \u00eates au bon endroit ! KeyBarcelona vous propose plusieurs appartements confortables et spacieux pour vos prochaines vacances en famille ou entre amis, consultez nos offres et r\u00e9servez d\u00e8s aujourd&#8217;hui !<\/p>\t\t\t\t\t\t\t\t<\/div>\n\t\t\t\t<\/div>\n\t\t\t\t\t<\/div>\n\t\t\t\t<\/div>\n\t\t<div class=\"elementor-element elementor-element-1fcb0a5 e-flex e-con-boxed e-con e-parent\" data-id=\"1fcb0a5\" data-element_type=\"container\">\n\t\t\t\t\t<div class=\"e-con-inner\">\n\t\t\t\t<div class=\"elementor-element elementor-element-a8f71f1 elementor-widget elementor-widget-heading\" data-id=\"a8f71f1\" data-element_type=\"widget\" data-widget_type=\"heading.default\">\n\t\t\t\t<div class=\"elementor-widget-container\">\n\t\t\t\t\t<h2 class=\"elementor-heading-title elementor-size-default\">Nos meilleurs appartements pour 8 personnes \u00e0 Barcelone<\/h2>\t\t\t\t<\/div>\n\t\t\t\t<\/div>\n\t\t\t\t\t<\/div>\n\t\t\t\t<\/div>\n\t\t<div class=\"elementor-element elementor-element-ab51095 e-flex e-con-boxed e-con e-parent\" data-id=\"ab51095\" data-element_type=\"container\">\n\t\t\t\t\t<div class=\"e-con-inner\">\n\t\t<div class=\"elementor-element elementor-element-b8cd1f7 e-con-full e-flex e-con e-child\" data-id=\"b8cd1f7\" data-element_type=\"container\">\n\t\t\t\t<div class=\"elementor-element elementor-element-d73dcd8 elementor-widget elementor-widget-image\" data-id=\"d73dcd8\" data-element_type=\"widget\" data-widget_type=\"image.default\">\n\t\t\t\t<div class=\"elementor-widget-container\">\n\t\t\t\t\t\t\t\t\t\t\t\t\t\t\t\t<a href=\"https:\/\/www.keyinnapartments.com\/fr\/location\/appartement-barcelone-gracia-bliss-appartement-259512.html\">\n\t\t\t\t\t\t\t<img fetchpriority=\"high\" decoding=\"async\" width=\"600\" height=\"400\" src=\"https:\/\/www.keyinnapartments.com\/blog\/wp-content\/uploads\/2024\/12\/apartamento-barrio-gracia-barcelona.jpg\" class=\"attachment-large size-large wp-image-2308\" alt=\"appartement quartier gracia barcelone\" srcset=\"https:\/\/www.keyinnapartments.com\/blog\/wp-content\/uploads\/2024\/12\/apartamento-barrio-gracia-barcelona.jpg 600w, https:\/\/www.keyinnapartments.com\/blog\/wp-content\/uploads\/2024\/12\/apartamento-barrio-gracia-barcelona-300x200.jpg 300w\" sizes=\"(max-width: 600px) 100vw, 600px\" \/>\t\t\t\t\t\t\t\t<\/a>\n\t\t\t\t\t\t\t\t\t\t\t\t\t\t\t<\/div>\n\t\t\t\t<\/div>\n\t\t\t\t<\/div>\n\t\t<div class=\"elementor-element elementor-element-bce011a e-con-full e-flex e-con e-child\" data-id=\"bce011a\" data-element_type=\"container\">\n\t\t\t\t<div class=\"elementor-element elementor-element-3dcd76a elementor-widget elementor-widget-heading\" data-id=\"3dcd76a\" data-element_type=\"widget\" data-widget_type=\"heading.default\">\n\t\t\t\t<div class=\"elementor-widget-container\">\n\t\t\t\t\t<h3 class=\"elementor-heading-title elementor-size-default\">Appartement spacieux et confortable<\/h3>\t\t\t\t<\/div>\n\t\t\t\t<\/div>\n\t\t\t\t<div class=\"elementor-element elementor-element-b527066 elementor-widget elementor-widget-text-editor\" data-id=\"b527066\" data-element_type=\"widget\" data-widget_type=\"text-editor.default\">\n\t\t\t\t<div class=\"elementor-widget-container\">\n\t\t\t\t\t\t\t\t\t<p>8 personnes &#8211; 4 chambres<\/p><p>Appartement familial au c\u0153ur de Barcelone, spacieux, confortable et enti\u00e8rement \u00e9quip\u00e9, id\u00e9al pour profiter d&#8217;un s\u00e9jour unique pr\u00e8s de la Sagrada Familia et avec un acc\u00e8s facile aux principales attractions de la ville.<\/p><p>Situ\u00e9 dans le charmant quartier de Gracia, il allie tranquillit\u00e9, bonnes connexions et atmosph\u00e8re locale authentique.<\/p>\t\t\t\t\t\t\t\t<\/div>\n\t\t\t\t<\/div>\n\t\t\t\t<div class=\"elementor-element elementor-element-703b8df elementor-mobile-align-center elementor-widget elementor-widget-button\" data-id=\"703b8df\" data-element_type=\"widget\" data-widget_type=\"button.default\">\n\t\t\t\t<div class=\"elementor-widget-container\">\n\t\t\t\t\t\t\t\t\t<div class=\"elementor-button-wrapper\">\n\t\t\t\t\t<a class=\"elementor-button elementor-button-link elementor-size-sm\" href=\"https:\/\/www.keyinnapartments.com\/fr\/location\/appartement-barcelone-gracia-bliss-appartement-259512.html\">\n\t\t\t\t\t\t<span class=\"elementor-button-content-wrapper\">\n\t\t\t\t\t\t\t\t\t<span class=\"elementor-button-text\">Voir l'appartement<\/span>\n\t\t\t\t\t<\/span>\n\t\t\t\t\t<\/a>\n\t\t\t\t<\/div>\n\t\t\t\t\t\t\t\t<\/div>\n\t\t\t\t<\/div>\n\t\t\t\t<\/div>\n\t\t\t\t\t<\/div>\n\t\t\t\t<\/div>\n\t\t<div class=\"elementor-element elementor-element-d462521 e-flex e-con-boxed e-con e-parent\" data-id=\"d462521\" data-element_type=\"container\">\n\t\t\t\t\t<div class=\"e-con-inner\">\n\t\t<div class=\"elementor-element elementor-element-b042fe9 e-con-full e-flex e-con e-child\" data-id=\"b042fe9\" data-element_type=\"container\">\n\t\t\t\t<div class=\"elementor-element elementor-element-4dd8685 elementor-widget elementor-widget-image\" data-id=\"4dd8685\" data-element_type=\"widget\" data-widget_type=\"image.default\">\n\t\t\t\t<div class=\"elementor-widget-container\">\n\t\t\t\t\t\t\t\t\t\t\t\t\t\t\t\t<a href=\"https:\/\/www.keyinnapartments.com\/fr\/location\/appartement-barcelone-appartement-sur-la-plaza-cataluna-bliss-259559.html\">\n\t\t\t\t\t\t\t<img decoding=\"async\" width=\"600\" height=\"400\" src=\"https:\/\/www.keyinnapartments.com\/blog\/wp-content\/uploads\/2024\/05\/apartment-plaza-catalunya-barcelona.webp\" class=\"attachment-large size-large wp-image-654\" alt=\"appartement plaza catalunya barcelone\" \/>\t\t\t\t\t\t\t\t<\/a>\n\t\t\t\t\t\t\t\t\t\t\t\t\t\t\t<\/div>\n\t\t\t\t<\/div>\n\t\t\t\t<\/div>\n\t\t<div class=\"elementor-element elementor-element-d3ab985 e-con-full e-flex e-con e-child\" data-id=\"d3ab985\" data-element_type=\"container\">\n\t\t\t\t<div class=\"elementor-element elementor-element-98cc4a0 elementor-widget elementor-widget-heading\" data-id=\"98cc4a0\" data-element_type=\"widget\" data-widget_type=\"heading.default\">\n\t\t\t\t<div class=\"elementor-widget-container\">\n\t\t\t\t\t<h3 class=\"elementor-heading-title elementor-size-default\">Apartamento en Plaza Catalu\u00f1a<\/h3>\t\t\t\t<\/div>\n\t\t\t\t<\/div>\n\t\t\t\t<div class=\"elementor-element elementor-element-305dcaf elementor-widget elementor-widget-text-editor\" data-id=\"305dcaf\" data-element_type=\"widget\" data-widget_type=\"text-editor.default\">\n\t\t\t\t<div class=\"elementor-widget-container\">\n\t\t\t\t\t\t\t\t\t<p>8 personnes &#8211; 4 chambres<\/p><p>Appartement spacieux et lumineux pour 8 personnes dans le centre de Barcelone, \u00e0 quelques pas de la Plaza Catalunya, parfait pour les groupes ou les familles \u00e0 la recherche de confort, d&#8217;espace et d&#8217;un emplacement central.<\/p><p>Id\u00e9al pour profiter de la ville \u00e0 pied, avec d&#8217;excellentes connexions aux principales attractions touristiques.<\/p>\t\t\t\t\t\t\t\t<\/div>\n\t\t\t\t<\/div>\n\t\t\t\t<div class=\"elementor-element elementor-element-b8664a2 elementor-mobile-align-center elementor-widget elementor-widget-button\" data-id=\"b8664a2\" data-element_type=\"widget\" data-widget_type=\"button.default\">\n\t\t\t\t<div class=\"elementor-widget-container\">\n\t\t\t\t\t\t\t\t\t<div class=\"elementor-button-wrapper\">\n\t\t\t\t\t<a class=\"elementor-button elementor-button-link elementor-size-sm\" href=\"https:\/\/www.keyinnapartments.com\/fr\/location\/appartement-barcelone-appartement-sur-la-plaza-cataluna-bliss-259559.html\">\n\t\t\t\t\t\t<span class=\"elementor-button-content-wrapper\">\n\t\t\t\t\t\t\t\t\t<span class=\"elementor-button-text\">Voir l'appartement<\/span>\n\t\t\t\t\t<\/span>\n\t\t\t\t\t<\/a>\n\t\t\t\t<\/div>\n\t\t\t\t\t\t\t\t<\/div>\n\t\t\t\t<\/div>\n\t\t\t\t<\/div>\n\t\t\t\t\t<\/div>\n\t\t\t\t<\/div>\n\t\t<div class=\"elementor-element elementor-element-a718ce7 e-flex e-con-boxed e-con e-parent\" data-id=\"a718ce7\" data-element_type=\"container\">\n\t\t\t\t\t<div class=\"e-con-inner\">\n\t\t<div class=\"elementor-element elementor-element-499727e e-con-full e-flex e-con e-child\" data-id=\"499727e\" data-element_type=\"container\">\n\t\t\t\t<div class=\"elementor-element elementor-element-aeb48e8 elementor-widget elementor-widget-image\" data-id=\"aeb48e8\" data-element_type=\"widget\" data-widget_type=\"image.default\">\n\t\t\t\t<div class=\"elementor-widget-container\">\n\t\t\t\t\t\t\t\t\t\t\t\t\t\t\t\t<a href=\"https:\/\/www.keyinnapartments.com\/fr\/location\/appartement-barcelone-key-barcelona-girona-appartement-2-2-267083.html\">\n\t\t\t\t\t\t\t<img decoding=\"async\" width=\"600\" height=\"400\" src=\"https:\/\/www.keyinnapartments.com\/blog\/wp-content\/uploads\/2024\/12\/apartamento-finde-barcelona.jpg\" class=\"attachment-large size-large wp-image-2305\" alt=\"appartement fin de semaine barcelone\" srcset=\"https:\/\/www.keyinnapartments.com\/blog\/wp-content\/uploads\/2024\/12\/apartamento-finde-barcelona.jpg 600w, https:\/\/www.keyinnapartments.com\/blog\/wp-content\/uploads\/2024\/12\/apartamento-finde-barcelona-300x200.jpg 300w\" sizes=\"(max-width: 600px) 100vw, 600px\" \/>\t\t\t\t\t\t\t\t<\/a>\n\t\t\t\t\t\t\t\t\t\t\t\t\t\t\t<\/div>\n\t\t\t\t<\/div>\n\t\t\t\t<\/div>\n\t\t<div class=\"elementor-element elementor-element-8e7bded e-con-full e-flex e-con e-child\" data-id=\"8e7bded\" data-element_type=\"container\">\n\t\t\t\t<div class=\"elementor-element elementor-element-389c2a3 elementor-widget elementor-widget-heading\" data-id=\"389c2a3\" data-element_type=\"widget\" data-widget_type=\"heading.default\">\n\t\t\t\t<div class=\"elementor-widget-container\">\n\t\t\t\t\t<h3 class=\"elementor-heading-title elementor-size-default\">Appartement avec balcons<\/h3>\t\t\t\t<\/div>\n\t\t\t\t<\/div>\n\t\t\t\t<div class=\"elementor-element elementor-element-3711e30 elementor-widget elementor-widget-text-editor\" data-id=\"3711e30\" data-element_type=\"widget\" data-widget_type=\"text-editor.default\">\n\t\t\t\t<div class=\"elementor-widget-container\">\n\t\t\t\t\t\t\t\t\t<p>8 personnes &#8211; 4 chambres<\/p><p>Appartement spacieux et enti\u00e8rement \u00e9quip\u00e9, id\u00e9al pour les familles ou les groupes \u00e0 la recherche de confort et d&#8217;un excellent emplacement \u00e0 Barcelone, \u00e0 quelques minutes du Paseo de Gracia et de la Sagrada Familia.<\/p><p>Un espace confortable et fonctionnel, avec un acc\u00e8s facile aux principales attractions touristiques.<\/p>\t\t\t\t\t\t\t\t<\/div>\n\t\t\t\t<\/div>\n\t\t\t\t<div class=\"elementor-element elementor-element-1384ea3 elementor-mobile-align-center elementor-widget elementor-widget-button\" data-id=\"1384ea3\" data-element_type=\"widget\" data-widget_type=\"button.default\">\n\t\t\t\t<div class=\"elementor-widget-container\">\n\t\t\t\t\t\t\t\t\t<div class=\"elementor-button-wrapper\">\n\t\t\t\t\t<a class=\"elementor-button elementor-button-link elementor-size-sm\" href=\"https:\/\/www.keyinnapartments.com\/fr\/location\/appartement-barcelone-key-barcelona-girona-appartement-2-2-267083.html\">\n\t\t\t\t\t\t<span class=\"elementor-button-content-wrapper\">\n\t\t\t\t\t\t\t\t\t<span class=\"elementor-button-text\">Voir l'appartement<\/span>\n\t\t\t\t\t<\/span>\n\t\t\t\t\t<\/a>\n\t\t\t\t<\/div>\n\t\t\t\t\t\t\t\t<\/div>\n\t\t\t\t<\/div>\n\t\t\t\t<\/div>\n\t\t\t\t\t<\/div>\n\t\t\t\t<\/div>\n\t\t<div class=\"elementor-element elementor-element-27bfe69 e-flex e-con-boxed e-con e-parent\" data-id=\"27bfe69\" data-element_type=\"container\" data-settings=\"{&quot;background_background&quot;:&quot;classic&quot;}\">\n\t\t\t\t\t<div class=\"e-con-inner\">\n\t\t\t\t<div class=\"elementor-element elementor-element-4e3b703 elementor-widget elementor-widget-heading\" data-id=\"4e3b703\" data-element_type=\"widget\" data-widget_type=\"heading.default\">\n\t\t\t\t<div class=\"elementor-widget-container\">\n\t\t\t\t\t<h2 class=\"elementor-heading-title elementor-size-default\">Organisez \u00e0 l'avance votre voyage de groupe \u00e0 Barcelone<\/h2>\t\t\t\t<\/div>\n\t\t\t\t<\/div>\n\t\t\t\t<div class=\"elementor-element elementor-element-22855c9 elementor-widget elementor-widget-text-editor\" data-id=\"22855c9\" data-element_type=\"widget\" data-widget_type=\"text-editor.default\">\n\t\t\t\t<div class=\"elementor-widget-container\">\n\t\t\t\t\t\t\t\t\t<p>Louer un<strong> appartement \u00e0 Barcelone pour 8 personnes<\/strong> est la meilleure option si vous recherchez le confort, l&#8217;espace et la libert\u00e9 pendant votre s\u00e9jour dans la ville. Que vous voyagiez en famille ou avec un groupe d&#8217;amis, avoir un logement priv\u00e9 vous permettra de profiter d&#8217;une exp\u00e9rience beaucoup plus flexible et personnalis\u00e9e.<\/p><p>Sur notre site web, vous trouverez des appartements avec beaucoup d&#8217;espace pour respecter l&#8217;intimit\u00e9 de chacun, plusieurs chambres (minimum 4) et salles de bains (minimum 2), une cuisine enti\u00e8rement \u00e9quip\u00e9e et des espaces communs. Nous avons pens\u00e9 \u00e0 tout pour que vous et votre entourage passiez de bons moments ensemble.<\/p><p>De plus, la plupart de nos appartements sont situ\u00e9s dans des zones strat\u00e9giques de la ville, comme l&#8217;Eixample ou Gracia, ce qui vous permettra de vous d\u00e9placer facilement et de visiter les principaux points d&#8217;int\u00e9r\u00eat.<\/p><p>KeyBarcelona est votre partenaire fiable pour vos prochaines vacances \u00e0 Barcelone. Consultez \u00e9galement nos appartements pour <a href=\"https:\/\/www.keyinnapartments.com\/blog\/fr\/appartements-10-personnes-barcelone\/\">10 personnes<\/a> et <a href=\"https:\/\/www.keyinnapartments.com\/blog\/fr\/appartements-4-personnes-barcelone\/\">4 personnes \u00e0 Barcelone<\/a>.<\/p>\t\t\t\t\t\t\t\t<\/div>\n\t\t\t\t<\/div>\n\t\t\t\t\t<\/div>\n\t\t\t\t<\/div>\n\t\t<div class=\"elementor-element elementor-element-a045dc5 e-flex e-con-boxed e-con e-parent\" data-id=\"a045dc5\" data-element_type=\"container\" data-settings=\"{&quot;background_background&quot;:&quot;classic&quot;}\">\n\t\t\t\t\t<div class=\"e-con-inner\">\n\t\t<div class=\"elementor-element elementor-element-ab8c874 e-con-full e-flex e-con e-child\" data-id=\"ab8c874\" data-element_type=\"container\">\n\t\t\t\t<div class=\"elementor-element elementor-element-c01ea39 elementor-align-right elementor-mobile-align-center elementor-widget elementor-widget-button\" data-id=\"c01ea39\" data-element_type=\"widget\" data-widget_type=\"button.default\">\n\t\t\t\t<div class=\"elementor-widget-container\">\n\t\t\t\t\t\t\t\t\t<div class=\"elementor-button-wrapper\">\n\t\t\t\t\t<a class=\"elementor-button elementor-button-link elementor-size-sm\" href=\"https:\/\/www.keyinnapartments.com\/blog\/fr\/logements-pour-groupes-a-barcelone\/\">\n\t\t\t\t\t\t<span class=\"elementor-button-content-wrapper\">\n\t\t\t\t\t\t\t\t\t<span class=\"elementor-button-text\">En savoir plus<\/span>\n\t\t\t\t\t<\/span>\n\t\t\t\t\t<\/a>\n\t\t\t\t<\/div>\n\t\t\t\t\t\t\t\t<\/div>\n\t\t\t\t<\/div>\n\t\t\t\t<\/div>\n\t\t<div class=\"elementor-element elementor-element-0d0fd0c e-con-full e-flex e-con e-child\" data-id=\"0d0fd0c\" data-element_type=\"container\">\n\t\t\t\t<div class=\"elementor-element elementor-element-56a2673 elementor-align-left elementor-mobile-align-center elementor-widget elementor-widget-button\" data-id=\"56a2673\" data-element_type=\"widget\" data-widget_type=\"button.default\">\n\t\t\t\t<div class=\"elementor-widget-container\">\n\t\t\t\t\t\t\t\t\t<div class=\"elementor-button-wrapper\">\n\t\t\t\t\t<a class=\"elementor-button elementor-button-link elementor-size-sm\" href=\"https:\/\/www.keyinnapartments.com\/fr\/location\/locations-barcelone-d142\/tag-groupes-et-familles\/\">\n\t\t\t\t\t\t<span class=\"elementor-button-content-wrapper\">\n\t\t\t\t\t\t\t\t\t<span class=\"elementor-button-text\">R\u00e9servez ici<\/span>\n\t\t\t\t\t<\/span>\n\t\t\t\t\t<\/a>\n\t\t\t\t<\/div>\n\t\t\t\t\t\t\t\t<\/div>\n\t\t\t\t<\/div>\n\t\t\t\t<\/div>\n\t\t\t\t\t<\/div>\n\t\t\t\t<\/div>\n\t\t<div class=\"elementor-element elementor-element-e43c717 e-flex e-con-boxed e-con e-parent\" data-id=\"e43c717\" data-element_type=\"container\">\n\t\t\t\t\t<div class=\"e-con-inner\">\n\t\t\t\t<div class=\"elementor-element elementor-element-d66f3b3 elementor-widget elementor-widget-heading\" data-id=\"d66f3b3\" data-element_type=\"widget\" data-widget_type=\"heading.default\">\n\t\t\t\t<div class=\"elementor-widget-container\">\n\t\t\t\t\t<h2 class=\"elementor-heading-title elementor-size-default\">Appartements pour 8 personnes ou plus \u00e0 Barcelone<\/h2>\t\t\t\t<\/div>\n\t\t\t\t<\/div>\n\t\t\t\t\t<\/div>\n\t\t\t\t<\/div>\n\t\t<div class=\"elementor-element elementor-element-0210103 e-flex e-con-boxed e-con e-parent\" data-id=\"0210103\" data-element_type=\"container\">\n\t\t\t\t\t<div class=\"e-con-inner\">\n\t\t<div class=\"elementor-element elementor-element-4ed5b50 e-con-full e-flex e-con e-child\" data-id=\"4ed5b50\" data-element_type=\"container\">\n\t\t\t\t<div class=\"elementor-element elementor-element-a00c81d elementor-widget elementor-widget-image\" data-id=\"a00c81d\" data-element_type=\"widget\" data-widget_type=\"image.default\">\n\t\t\t\t<div class=\"elementor-widget-container\">\n\t\t\t\t\t\t\t\t\t\t\t\t\t\t\t\t<a href=\"https:\/\/www.keyinnapartments.com\/fr\/location\/appartement-barcelone-key-barcelona-girona-appartement-pcl-2-295002.html\">\n\t\t\t\t\t\t\t<img loading=\"lazy\" decoding=\"async\" width=\"600\" height=\"400\" src=\"https:\/\/www.keyinnapartments.com\/blog\/wp-content\/uploads\/2025\/03\/appartement-tout-confort-barcelone.webp\" class=\"attachment-large size-large wp-image-3279\" alt=\"\" srcset=\"https:\/\/www.keyinnapartments.com\/blog\/wp-content\/uploads\/2025\/03\/appartement-tout-confort-barcelone.webp 600w, https:\/\/www.keyinnapartments.com\/blog\/wp-content\/uploads\/2025\/03\/appartement-tout-confort-barcelone-300x200.webp 300w\" sizes=\"(max-width: 600px) 100vw, 600px\" \/>\t\t\t\t\t\t\t\t<\/a>\n\t\t\t\t\t\t\t\t\t\t\t\t\t\t\t<\/div>\n\t\t\t\t<\/div>\n\t\t\t\t<div class=\"elementor-element elementor-element-040f91d elementor-widget elementor-widget-heading\" data-id=\"040f91d\" data-element_type=\"widget\" data-widget_type=\"heading.default\">\n\t\t\t\t<div class=\"elementor-widget-container\">\n\t\t\t\t\t<h3 class=\"elementor-heading-title elementor-size-default\">Appartement avec 5 chambres<\/h3>\t\t\t\t<\/div>\n\t\t\t\t<\/div>\n\t\t\t\t<div class=\"elementor-element elementor-element-47f0e3c elementor-widget elementor-widget-text-editor\" data-id=\"47f0e3c\" data-element_type=\"widget\" data-widget_type=\"text-editor.default\">\n\t\t\t\t<div class=\"elementor-widget-container\">\n\t\t\t\t\t\t\t\t\t<p>Appartement de 150 m\u00b2 pouvant accueillir jusqu&#8217;\u00e0 10 personnes. 2 salles de bains modernes, cuisine enti\u00e8rement \u00e9quip\u00e9e et 2 balcons. Centre de Barcelone.<\/p>\t\t\t\t\t\t\t\t<\/div>\n\t\t\t\t<\/div>\n\t\t\t\t<div class=\"elementor-element elementor-element-c051830 elementor-align-center elementor-widget elementor-widget-button\" data-id=\"c051830\" data-element_type=\"widget\" data-widget_type=\"button.default\">\n\t\t\t\t<div class=\"elementor-widget-container\">\n\t\t\t\t\t\t\t\t\t<div class=\"elementor-button-wrapper\">\n\t\t\t\t\t<a class=\"elementor-button elementor-button-link elementor-size-sm\" href=\"https:\/\/www.keyinnapartments.com\/fr\/location\/appartement-barcelone-key-barcelona-girona-appartement-pcl-2-295002.html\">\n\t\t\t\t\t\t<span class=\"elementor-button-content-wrapper\">\n\t\t\t\t\t\t\t\t\t<span class=\"elementor-button-text\">Cliquez ici<\/span>\n\t\t\t\t\t<\/span>\n\t\t\t\t\t<\/a>\n\t\t\t\t<\/div>\n\t\t\t\t\t\t\t\t<\/div>\n\t\t\t\t<\/div>\n\t\t\t\t<\/div>\n\t\t<div class=\"elementor-element elementor-element-b8356a7 e-con-full e-flex e-con e-child\" data-id=\"b8356a7\" data-element_type=\"container\">\n\t\t\t\t<div class=\"elementor-element elementor-element-3deef88 elementor-widget elementor-widget-image\" data-id=\"3deef88\" data-element_type=\"widget\" data-widget_type=\"image.default\">\n\t\t\t\t<div class=\"elementor-widget-container\">\n\t\t\t\t\t\t\t\t\t\t\t\t\t\t\t\t<a href=\"https:\/\/www.keyinnapartments.com\/fr\/location\/appartement-barcelone-key-barcelona-girona-appartement-4-2-276587.html\">\n\t\t\t\t\t\t\t<img loading=\"lazy\" decoding=\"async\" width=\"600\" height=\"400\" src=\"https:\/\/www.keyinnapartments.com\/blog\/wp-content\/uploads\/2025\/04\/apartamento-8-personas-centro-barcelona.webp\" class=\"attachment-large size-large wp-image-3944\" alt=\"apartamento para 8 personas en el centro de barcelona\" srcset=\"https:\/\/www.keyinnapartments.com\/blog\/wp-content\/uploads\/2025\/04\/apartamento-8-personas-centro-barcelona.webp 600w, https:\/\/www.keyinnapartments.com\/blog\/wp-content\/uploads\/2025\/04\/apartamento-8-personas-centro-barcelona-300x200.webp 300w\" sizes=\"(max-width: 600px) 100vw, 600px\" \/>\t\t\t\t\t\t\t\t<\/a>\n\t\t\t\t\t\t\t\t\t\t\t\t\t\t\t<\/div>\n\t\t\t\t<\/div>\n\t\t\t\t<div class=\"elementor-element elementor-element-8bda2e1 elementor-widget elementor-widget-heading\" data-id=\"8bda2e1\" data-element_type=\"widget\" data-widget_type=\"heading.default\">\n\t\t\t\t<div class=\"elementor-widget-container\">\n\t\t\t\t\t<h3 class=\"elementor-heading-title elementor-size-default\">Appartement avec 6 chambres<\/h3>\t\t\t\t<\/div>\n\t\t\t\t<\/div>\n\t\t\t\t<div class=\"elementor-element elementor-element-860d306 elementor-widget elementor-widget-text-editor\" data-id=\"860d306\" data-element_type=\"widget\" data-widget_type=\"text-editor.default\">\n\t\t\t\t<div class=\"elementor-widget-container\">\n\t\t\t\t\t\t\t\t\t<p>Appartement spacieux pouvant accueillir jusqu&#8217;\u00e0 10 personnes, id\u00e9al pour les familles ou les groupes, avec tout le confort n\u00e9cessaire et une excellente localisation (Paseo de Gracia).<\/p>\t\t\t\t\t\t\t\t<\/div>\n\t\t\t\t<\/div>\n\t\t\t\t<div class=\"elementor-element elementor-element-7da1d0e elementor-align-center elementor-widget elementor-widget-button\" data-id=\"7da1d0e\" data-element_type=\"widget\" data-widget_type=\"button.default\">\n\t\t\t\t<div class=\"elementor-widget-container\">\n\t\t\t\t\t\t\t\t\t<div class=\"elementor-button-wrapper\">\n\t\t\t\t\t<a class=\"elementor-button elementor-button-link elementor-size-sm\" href=\"https:\/\/www.keyinnapartments.com\/fr\/location\/appartement-barcelone-key-barcelona-girona-appartement-4-2-276587.html\">\n\t\t\t\t\t\t<span class=\"elementor-button-content-wrapper\">\n\t\t\t\t\t\t\t\t\t<span class=\"elementor-button-text\">Cliquez ici<\/span>\n\t\t\t\t\t<\/span>\n\t\t\t\t\t<\/a>\n\t\t\t\t<\/div>\n\t\t\t\t\t\t\t\t<\/div>\n\t\t\t\t<\/div>\n\t\t\t\t<\/div>\n\t\t<div class=\"elementor-element elementor-element-aada40a e-con-full e-flex e-con e-child\" data-id=\"aada40a\" data-element_type=\"container\">\n\t\t\t\t<div class=\"elementor-element elementor-element-4079532 elementor-widget elementor-widget-image\" data-id=\"4079532\" data-element_type=\"widget\" data-widget_type=\"image.default\">\n\t\t\t\t<div class=\"elementor-widget-container\">\n\t\t\t\t\t\t\t\t\t\t\t\t\t\t\t\t<a href=\"https:\/\/www.keyinnapartments.com\/fr\/location\/appartement-barcelone-key-barcelona-girona-appartement-4-1-283686.html\">\n\t\t\t\t\t\t\t<img loading=\"lazy\" decoding=\"async\" width=\"600\" height=\"400\" src=\"https:\/\/www.keyinnapartments.com\/blog\/wp-content\/uploads\/2025\/03\/appartement-spacieux-barcelone-location-10-personnes.webp\" class=\"attachment-large size-large wp-image-3282\" alt=\"\" srcset=\"https:\/\/www.keyinnapartments.com\/blog\/wp-content\/uploads\/2025\/03\/appartement-spacieux-barcelone-location-10-personnes.webp 600w, https:\/\/www.keyinnapartments.com\/blog\/wp-content\/uploads\/2025\/03\/appartement-spacieux-barcelone-location-10-personnes-300x200.webp 300w\" sizes=\"(max-width: 600px) 100vw, 600px\" \/>\t\t\t\t\t\t\t\t<\/a>\n\t\t\t\t\t\t\t\t\t\t\t\t\t\t\t<\/div>\n\t\t\t\t<\/div>\n\t\t\t\t<div class=\"elementor-element elementor-element-9e570ae elementor-widget elementor-widget-heading\" data-id=\"9e570ae\" data-element_type=\"widget\" data-widget_type=\"heading.default\">\n\t\t\t\t<div class=\"elementor-widget-container\">\n\t\t\t\t\t<h3 class=\"elementor-heading-title elementor-size-default\">Appartement \u00e0 Barcelone<\/h3>\t\t\t\t<\/div>\n\t\t\t\t<\/div>\n\t\t\t\t<div class=\"elementor-element elementor-element-8896aea elementor-widget elementor-widget-text-editor\" data-id=\"8896aea\" data-element_type=\"widget\" data-widget_type=\"text-editor.default\">\n\t\t\t\t<div class=\"elementor-widget-container\">\n\t\t\t\t\t\t\t\t\t<p>Spacieux appartement \u00e0 Barcelone avec 5 chambres, cuisine \u00e9quip\u00e9e et toutes les commodit\u00e9s, situ\u00e9 \u00e0 quelques minutes du Paseo de Gracia, Sagrada Familia.<\/p>\t\t\t\t\t\t\t\t<\/div>\n\t\t\t\t<\/div>\n\t\t\t\t<div class=\"elementor-element elementor-element-8d04cf3 elementor-align-center elementor-widget elementor-widget-button\" data-id=\"8d04cf3\" data-element_type=\"widget\" data-widget_type=\"button.default\">\n\t\t\t\t<div class=\"elementor-widget-container\">\n\t\t\t\t\t\t\t\t\t<div class=\"elementor-button-wrapper\">\n\t\t\t\t\t<a class=\"elementor-button elementor-button-link elementor-size-sm\" href=\"https:\/\/www.keyinnapartments.com\/fr\/location\/appartement-barcelone-key-barcelona-girona-appartement-4-1-283686.html\">\n\t\t\t\t\t\t<span class=\"elementor-button-content-wrapper\">\n\t\t\t\t\t\t\t\t\t<span class=\"elementor-button-text\">Cliquez ici<\/span>\n\t\t\t\t\t<\/span>\n\t\t\t\t\t<\/a>\n\t\t\t\t<\/div>\n\t\t\t\t\t\t\t\t<\/div>\n\t\t\t\t<\/div>\n\t\t\t\t<\/div>\n\t\t<div class=\"elementor-element elementor-element-6a399ed e-con-full e-flex e-con e-child\" data-id=\"6a399ed\" data-element_type=\"container\">\n\t\t\t\t<div class=\"elementor-element elementor-element-6bfad71 elementor-widget elementor-widget-image\" data-id=\"6bfad71\" data-element_type=\"widget\" data-widget_type=\"image.default\">\n\t\t\t\t<div class=\"elementor-widget-container\">\n\t\t\t\t\t\t\t\t\t\t\t\t\t\t\t\t<a href=\"https:\/\/www.keyinnapartments.com\/fr\/location\/appartement-barcelone-key-barcelona-girona-appartement-3-2-267110.html\">\n\t\t\t\t\t\t\t<img loading=\"lazy\" decoding=\"async\" width=\"600\" height=\"400\" src=\"https:\/\/www.keyinnapartments.com\/blog\/wp-content\/uploads\/2025\/04\/apartamento-turistico-grupo-barcelona.webp\" class=\"attachment-large size-large wp-image-3947\" alt=\"apartamento tur\u00edstico grupo barcelona\" srcset=\"https:\/\/www.keyinnapartments.com\/blog\/wp-content\/uploads\/2025\/04\/apartamento-turistico-grupo-barcelona.webp 600w, https:\/\/www.keyinnapartments.com\/blog\/wp-content\/uploads\/2025\/04\/apartamento-turistico-grupo-barcelona-300x200.webp 300w\" sizes=\"(max-width: 600px) 100vw, 600px\" \/>\t\t\t\t\t\t\t\t<\/a>\n\t\t\t\t\t\t\t\t\t\t\t\t\t\t\t<\/div>\n\t\t\t\t<\/div>\n\t\t\t\t<div class=\"elementor-element elementor-element-3395546 elementor-widget elementor-widget-heading\" data-id=\"3395546\" data-element_type=\"widget\" data-widget_type=\"heading.default\">\n\t\t\t\t<div class=\"elementor-widget-container\">\n\t\t\t\t\t<h3 class=\"elementor-heading-title elementor-size-default\">Appartement touristique<\/h3>\t\t\t\t<\/div>\n\t\t\t\t<\/div>\n\t\t\t\t<div class=\"elementor-element elementor-element-9c6c9f0 elementor-widget elementor-widget-text-editor\" data-id=\"9c6c9f0\" data-element_type=\"widget\" data-widget_type=\"text-editor.default\">\n\t\t\t\t<div class=\"elementor-widget-container\">\n\t\t\t\t\t\t\t\t\t<p>Appartement de plus de 100 m\u00b2 avec 4 chambres, 2 salles de bains, cuisine enti\u00e8rement \u00e9quip\u00e9e et balcons avec vue, dans un quartier calme et bien desservi.<\/p>\t\t\t\t\t\t\t\t<\/div>\n\t\t\t\t<\/div>\n\t\t\t\t<div class=\"elementor-element elementor-element-738d983 elementor-align-center elementor-widget elementor-widget-button\" data-id=\"738d983\" data-element_type=\"widget\" data-widget_type=\"button.default\">\n\t\t\t\t<div class=\"elementor-widget-container\">\n\t\t\t\t\t\t\t\t\t<div class=\"elementor-button-wrapper\">\n\t\t\t\t\t<a class=\"elementor-button elementor-button-link elementor-size-sm\" href=\"https:\/\/www.keyinnapartments.com\/fr\/location\/appartement-barcelone-key-barcelona-girona-appartement-3-2-267110.html\">\n\t\t\t\t\t\t<span class=\"elementor-button-content-wrapper\">\n\t\t\t\t\t\t\t\t\t<span class=\"elementor-button-text\">Cliquez ici<\/span>\n\t\t\t\t\t<\/span>\n\t\t\t\t\t<\/a>\n\t\t\t\t<\/div>\n\t\t\t\t\t\t\t\t<\/div>\n\t\t\t\t<\/div>\n\t\t\t\t<\/div>\n\t\t\t\t\t<\/div>\n\t\t\t\t<\/div>\n\t\t<div class=\"elementor-element elementor-element-1e41aae e-flex e-con-boxed e-con e-parent\" data-id=\"1e41aae\" data-element_type=\"container\">\n\t\t\t\t\t<div class=\"e-con-inner\">\n\t\t\t\t<div class=\"elementor-element elementor-element-a545037 elementor-widget elementor-widget-heading\" data-id=\"a545037\" data-element_type=\"widget\" data-widget_type=\"heading.default\">\n\t\t\t\t<div class=\"elementor-widget-container\">\n\t\t\t\t\t<h2 class=\"elementor-heading-title elementor-size-default\">Vos vacances dans le centre de Barcelone<\/h2>\t\t\t\t<\/div>\n\t\t\t\t<\/div>\n\t\t\t\t<div class=\"elementor-element elementor-element-d1ae94d elementor-widget elementor-widget-text-editor\" data-id=\"d1ae94d\" data-element_type=\"widget\" data-widget_type=\"text-editor.default\">\n\t\t\t\t<div class=\"elementor-widget-container\">\n\t\t\t\t\t\t\t\t\t<p>R\u00e9servez ici votre location d&#8217;appartement pour 8 personnes \u00e0 Barcelone dans les meilleurs quartiers. Nous vous proposons des locations au c\u0153ur de Barcelone afin que vous puissiez passer des vacances inoubliables avec tout \u00e0 port\u00e9e de main.<\/p>\t\t\t\t\t\t\t\t<\/div>\n\t\t\t\t<\/div>\n\t\t\t\t\t<\/div>\n\t\t\t\t<\/div>\n\t\t<div class=\"elementor-element elementor-element-d95b1e8 e-flex e-con-boxed e-con e-parent\" data-id=\"d95b1e8\" data-element_type=\"container\">\n\t\t\t\t\t<div class=\"e-con-inner\">\n\t\t<div class=\"elementor-element elementor-element-70717dc e-con-full e-flex e-con e-child\" data-id=\"70717dc\" data-element_type=\"container\">\n\t\t\t\t<div class=\"elementor-element elementor-element-62c8079 elementor-cta--skin-cover elementor-animated-content elementor-bg-transform elementor-bg-transform-zoom-in elementor-widget elementor-widget-call-to-action\" data-id=\"62c8079\" data-element_type=\"widget\" data-widget_type=\"call-to-action.default\">\n\t\t\t\t<div class=\"elementor-widget-container\">\n\t\t\t\t\t\t\t<a class=\"elementor-cta\" href=\"https:\/\/www.keyinnapartments.com\/fr\/location-vacances-eixample-barcelone\/\">\n\t\t\t\t\t<div class=\"elementor-cta__bg-wrapper\">\n\t\t\t\t<div class=\"elementor-cta__bg elementor-bg\" style=\"background-image: url(https:\/\/www.keyinnapartments.com\/blog\/wp-content\/uploads\/2024\/05\/barcelona-weekend-break-eixample.webp);\" role=\"img\" aria-label=\"fin de semana eixample barcelona\"><\/div>\n\t\t\t\t<div class=\"elementor-cta__bg-overlay\"><\/div>\n\t\t\t<\/div>\n\t\t\t\t\t\t\t<div class=\"elementor-cta__content\">\n\t\t\t\t\n\t\t\t\t\t\t\t\t\t<h3 class=\"elementor-cta__title elementor-cta__content-item elementor-content-item elementor-animated-item--grow\">\n\t\t\t\t\t\tEixample\t\t\t\t\t<\/h3>\n\t\t\t\t\n\t\t\t\t\t\t\t\t\t<div class=\"elementor-cta__description elementor-cta__content-item elementor-content-item elementor-animated-item--grow\">\n\t\t\t\t\t\tL'une des zones les plus recherch\u00e9es\t\t\t\t\t<\/div>\n\t\t\t\t\n\t\t\t\t\t\t\t<\/div>\n\t\t\t\t\t\t<\/a>\n\t\t\t\t\t\t<\/div>\n\t\t\t\t<\/div>\n\t\t\t\t<\/div>\n\t\t<div class=\"elementor-element elementor-element-2e0bbc7 e-con-full e-flex e-con e-child\" data-id=\"2e0bbc7\" data-element_type=\"container\">\n\t\t\t\t<div class=\"elementor-element elementor-element-4f07b40 elementor-cta--skin-cover elementor-animated-content elementor-bg-transform elementor-bg-transform-zoom-in elementor-widget elementor-widget-call-to-action\" data-id=\"4f07b40\" data-element_type=\"widget\" data-widget_type=\"call-to-action.default\">\n\t\t\t\t<div class=\"elementor-widget-container\">\n\t\t\t\t\t\t\t<a class=\"elementor-cta\" href=\"https:\/\/www.keyinnapartments.com\/fr\/appartement-barcelone-sagrada-familia\/\">\n\t\t\t\t\t<div class=\"elementor-cta__bg-wrapper\">\n\t\t\t\t<div class=\"elementor-cta__bg elementor-bg\" style=\"background-image: url(https:\/\/www.keyinnapartments.com\/blog\/wp-content\/uploads\/2024\/07\/sagrada-familia.jpg);\" role=\"img\" aria-label=\"sagrada-familia.\"><\/div>\n\t\t\t\t<div class=\"elementor-cta__bg-overlay\"><\/div>\n\t\t\t<\/div>\n\t\t\t\t\t\t\t<div class=\"elementor-cta__content\">\n\t\t\t\t\n\t\t\t\t\t\t\t\t\t<h3 class=\"elementor-cta__title elementor-cta__content-item elementor-content-item elementor-animated-item--grow\">\n\t\t\t\t\t\tSagrada Familia\t\t\t\t\t<\/h3>\n\t\t\t\t\n\t\t\t\t\t\t\t\t\t<div class=\"elementor-cta__description elementor-cta__content-item elementor-content-item elementor-animated-item--grow\">\n\t\t\t\t\t\tL'un des monuments les plus visit\u00e9s d'Europe\t\t\t\t\t<\/div>\n\t\t\t\t\n\t\t\t\t\t\t\t<\/div>\n\t\t\t\t\t\t<\/a>\n\t\t\t\t\t\t<\/div>\n\t\t\t\t<\/div>\n\t\t\t\t<\/div>\n\t\t<div class=\"elementor-element elementor-element-4674124 e-con-full e-flex e-con e-child\" data-id=\"4674124\" data-element_type=\"container\">\n\t\t\t\t<div class=\"elementor-element elementor-element-e8da1bc elementor-cta--skin-cover elementor-animated-content elementor-bg-transform elementor-bg-transform-zoom-in elementor-widget elementor-widget-call-to-action\" data-id=\"e8da1bc\" data-element_type=\"widget\" data-widget_type=\"call-to-action.default\">\n\t\t\t\t<div class=\"elementor-widget-container\">\n\t\t\t\t\t\t\t<a class=\"elementor-cta\" href=\"https:\/\/www.keyinnapartments.com\/fr\/appartements-gracia-barcelone\/\">\n\t\t\t\t\t<div class=\"elementor-cta__bg-wrapper\">\n\t\t\t\t<div class=\"elementor-cta__bg elementor-bg\" style=\"background-image: url(https:\/\/www.keyinnapartments.com\/blog\/wp-content\/uploads\/2024\/05\/casa-mila-gracia-barcelona.webp);\" role=\"img\" aria-label=\"casa mil\u00e1 gracia barcelona\"><\/div>\n\t\t\t\t<div class=\"elementor-cta__bg-overlay\"><\/div>\n\t\t\t<\/div>\n\t\t\t\t\t\t\t<div class=\"elementor-cta__content\">\n\t\t\t\t\n\t\t\t\t\t\t\t\t\t<h3 class=\"elementor-cta__title elementor-cta__content-item elementor-content-item elementor-animated-item--grow\">\n\t\t\t\t\t\tGr\u00e0cia\t\t\t\t\t<\/h3>\n\t\t\t\t\n\t\t\t\t\t\t\t\t\t<div class=\"elementor-cta__description elementor-cta__content-item elementor-content-item elementor-animated-item--grow\">\n\t\t\t\t\t\tL'un des quartiers les plus caract\u00e9ristiques de Barcelone\t\t\t\t\t<\/div>\n\t\t\t\t\n\t\t\t\t\t\t\t<\/div>\n\t\t\t\t\t\t<\/a>\n\t\t\t\t\t\t<\/div>\n\t\t\t\t<\/div>\n\t\t\t\t<\/div>\n\t\t\t\t\t<\/div>\n\t\t\t\t<\/div>\n\t\t<div class=\"elementor-element elementor-element-058da2b e-flex e-con-boxed e-con e-parent\" data-id=\"058da2b\" data-element_type=\"container\">\n\t\t\t\t\t<div class=\"e-con-inner\">\n\t\t\t\t<div class=\"elementor-element elementor-element-6f3a65e elementor-widget elementor-widget-heading\" data-id=\"6f3a65e\" data-element_type=\"widget\" data-widget_type=\"heading.default\">\n\t\t\t\t<div class=\"elementor-widget-container\">\n\t\t\t\t\t<h2 class=\"elementor-heading-title elementor-size-default\">Pourquoi choisir Barcelone pour des vacances en groupe ?<\/h2>\t\t\t\t<\/div>\n\t\t\t\t<\/div>\n\t\t\t\t<div class=\"elementor-element elementor-element-62a76c1 elementor-widget elementor-widget-text-editor\" data-id=\"62a76c1\" data-element_type=\"widget\" data-widget_type=\"text-editor.default\">\n\t\t\t\t<div class=\"elementor-widget-container\">\n\t\t\t\t\t\t\t\t\t<p>Barcelone est, sans aucun doute, l&#8217;une des destinations les plus recommand\u00e9es pour des vacances en groupe. C&#8217;est une ville qui a tout pour elle : excellentes communications, climat agr\u00e9able, culture et loisirs.<\/p><p>Il est <strong>tr\u00e8s facile de se rendre \u00e0 Barcelone<\/strong>, que l&#8217;on vienne d&#8217;une autre ville d&#8217;Espagne ou de n&#8217;importe o\u00f9 en Europe, gr\u00e2ce \u00e0 son a\u00e9roport international, \u00e0 son r\u00e9seau ferroviaire et \u00e0 ses excellents transports publics.<\/p><p>C&#8217;est aussi une destination pour tous les types de voyageurs. Il y en a <strong>pour tous les go\u00fbts<\/strong> : promenades dans des quartiers charmants, visites de monuments uniques, journ\u00e9es \u00e0 la plage, excursions \u00e0 la montagne ou soir\u00e9es de shopping dans les rues les plus c\u00e9l\u00e8bres.<\/p><p>La <strong>nuit<\/strong>, Barcelone offre de nombreuses possibilit\u00e9s de sorties en groupe : terrasses avec vue, bars \u00e0 tapas, musique live ou f\u00eates au bord de la mer.<\/p><p>\u00c0 cela s&#8217;ajoute un climat doux pendant la majeure partie de l&#8217;ann\u00e9e, ce qui permet de pratiquer des activit\u00e9s de plein air presque tout le temps. <\/p><p>Et, bien s\u00fbr, c&#8217;est une ville qui pense \u00e0 ceux qui voyagent en groupe, avec des appartements spacieux, confortables et bien situ\u00e9s, parfaits pour rester tous ensemble et vivre l&#8217;exp\u00e9rience en toute libert\u00e9. N&#8217;attendez plus et r\u00e9servez d\u00e8s aujourd&#8217;hui votre <strong>appartement pour 8 personnes \u00e0 Barcelone<\/strong>.<\/p>\t\t\t\t\t\t\t\t<\/div>\n\t\t\t\t<\/div>\n\t\t\t\t\t<\/div>\n\t\t\t\t<\/div>\n\t\t<div class=\"elementor-element elementor-element-c5e5750 e-flex e-con-boxed e-con e-parent\" data-id=\"c5e5750\" data-element_type=\"container\" data-settings=\"{&quot;background_background&quot;:&quot;classic&quot;}\">\n\t\t\t\t\t<div class=\"e-con-inner\">\n\t\t\t\t<div class=\"elementor-element elementor-element-0d41a20 elementor-widget elementor-widget-heading\" data-id=\"0d41a20\" data-element_type=\"widget\" data-widget_type=\"heading.default\">\n\t\t\t\t<div class=\"elementor-widget-container\">\n\t\t\t\t\t<h2 class=\"elementor-heading-title elementor-size-default\">FAQ : appartements pour 8 personnes \u00e0 Barcelone<\/h2>\t\t\t\t<\/div>\n\t\t\t\t<\/div>\n\t\t\t\t<div class=\"elementor-element elementor-element-83e1789 elementor-widget__width-inherit elementor-widget elementor-widget-toggle\" data-id=\"83e1789\" data-element_type=\"widget\" data-widget_type=\"toggle.default\">\n\t\t\t\t<div class=\"elementor-widget-container\">\n\t\t\t\t\t\t\t<div class=\"elementor-toggle\">\n\t\t\t\t\t\t\t<div class=\"elementor-toggle-item\">\n\t\t\t\t\t<h3 id=\"elementor-tab-title-1381\" class=\"elementor-tab-title\" data-tab=\"1\" role=\"button\" aria-controls=\"elementor-tab-content-1381\" aria-expanded=\"false\">\n\t\t\t\t\t\t\t\t\t\t\t\t<span class=\"elementor-toggle-icon elementor-toggle-icon-right\" aria-hidden=\"true\">\n\t\t\t\t\t\t\t\t\t\t\t\t\t\t\t<span class=\"elementor-toggle-icon-closed\"><svg class=\"e-font-icon-svg e-fas-plus\" viewBox=\"0 0 448 512\" xmlns=\"http:\/\/www.w3.org\/2000\/svg\"><path d=\"M416 208H272V64c0-17.67-14.33-32-32-32h-32c-17.67 0-32 14.33-32 32v144H32c-17.67 0-32 14.33-32 32v32c0 17.67 14.33 32 32 32h144v144c0 17.67 14.33 32 32 32h32c17.67 0 32-14.33 32-32V304h144c17.67 0 32-14.33 32-32v-32c0-17.67-14.33-32-32-32z\"><\/path><\/svg><\/span>\n\t\t\t\t\t\t\t\t<span class=\"elementor-toggle-icon-opened\"><svg class=\"elementor-toggle-icon-opened e-font-icon-svg e-fas-minus\" viewBox=\"0 0 448 512\" xmlns=\"http:\/\/www.w3.org\/2000\/svg\"><path d=\"M416 208H32c-17.67 0-32 14.33-32 32v32c0 17.67 14.33 32 32 32h384c17.67 0 32-14.33 32-32v-32c0-17.67-14.33-32-32-32z\"><\/path><\/svg><\/span>\n\t\t\t\t\t\t\t\t\t\t\t\t\t<\/span>\n\t\t\t\t\t\t\t\t\t\t\t\t<a class=\"elementor-toggle-title\" tabindex=\"0\">Est-il facile de trouver des appartements pour 8 personnes \u00e0 Barcelone ?<\/a>\n\t\t\t\t\t<\/h3>\n\n\t\t\t\t\t<div id=\"elementor-tab-content-1381\" class=\"elementor-tab-content elementor-clearfix\" data-tab=\"1\" role=\"region\" aria-labelledby=\"elementor-tab-title-1381\"><p>Oui, Barcelone dispose d&#8217;un large \u00e9ventail d&#8217;appartements con\u00e7us pour les grands groupes ou les familles. Les appartements propos\u00e9s sur notre site Internet disposent g\u00e9n\u00e9ralement de 4 chambres et de 2 salles de bains (au minimum).<\/p><\/div>\n\t\t\t\t<\/div>\n\t\t\t\t\t\t\t<div class=\"elementor-toggle-item\">\n\t\t\t\t\t<h3 id=\"elementor-tab-title-1382\" class=\"elementor-tab-title\" data-tab=\"2\" role=\"button\" aria-controls=\"elementor-tab-content-1382\" aria-expanded=\"false\">\n\t\t\t\t\t\t\t\t\t\t\t\t<span class=\"elementor-toggle-icon elementor-toggle-icon-right\" aria-hidden=\"true\">\n\t\t\t\t\t\t\t\t\t\t\t\t\t\t\t<span class=\"elementor-toggle-icon-closed\"><svg class=\"e-font-icon-svg e-fas-plus\" viewBox=\"0 0 448 512\" xmlns=\"http:\/\/www.w3.org\/2000\/svg\"><path d=\"M416 208H272V64c0-17.67-14.33-32-32-32h-32c-17.67 0-32 14.33-32 32v144H32c-17.67 0-32 14.33-32 32v32c0 17.67 14.33 32 32 32h144v144c0 17.67 14.33 32 32 32h32c17.67 0 32-14.33 32-32V304h144c17.67 0 32-14.33 32-32v-32c0-17.67-14.33-32-32-32z\"><\/path><\/svg><\/span>\n\t\t\t\t\t\t\t\t<span class=\"elementor-toggle-icon-opened\"><svg class=\"elementor-toggle-icon-opened e-font-icon-svg e-fas-minus\" viewBox=\"0 0 448 512\" xmlns=\"http:\/\/www.w3.org\/2000\/svg\"><path d=\"M416 208H32c-17.67 0-32 14.33-32 32v32c0 17.67 14.33 32 32 32h384c17.67 0 32-14.33 32-32v-32c0-17.67-14.33-32-32-32z\"><\/path><\/svg><\/span>\n\t\t\t\t\t\t\t\t\t\t\t\t\t<\/span>\n\t\t\t\t\t\t\t\t\t\t\t\t<a class=\"elementor-toggle-title\" tabindex=\"0\">Quelles sont les zones recommand\u00e9es pour un h\u00e9bergement de groupe ?<\/a>\n\t\t\t\t\t<\/h3>\n\n\t\t\t\t\t<div id=\"elementor-tab-content-1382\" class=\"elementor-tab-content elementor-clearfix\" data-tab=\"2\" role=\"region\" aria-labelledby=\"elementor-tab-title-1382\"><p>Les meilleurs quartiers pour les groupes sont l&#8217;Eixample, Gracia, Sagrada Familia et le centre de Barcelone. Il s&#8217;agit de quartiers s\u00fbrs, bien desservis et offrant toutes sortes de services \u00e0 proximit\u00e9.<\/p><\/div>\n\t\t\t\t<\/div>\n\t\t\t\t\t\t\t<div class=\"elementor-toggle-item\">\n\t\t\t\t\t<h3 id=\"elementor-tab-title-1383\" class=\"elementor-tab-title\" data-tab=\"3\" role=\"button\" aria-controls=\"elementor-tab-content-1383\" aria-expanded=\"false\">\n\t\t\t\t\t\t\t\t\t\t\t\t<span class=\"elementor-toggle-icon elementor-toggle-icon-right\" aria-hidden=\"true\">\n\t\t\t\t\t\t\t\t\t\t\t\t\t\t\t<span class=\"elementor-toggle-icon-closed\"><svg class=\"e-font-icon-svg e-fas-plus\" viewBox=\"0 0 448 512\" xmlns=\"http:\/\/www.w3.org\/2000\/svg\"><path d=\"M416 208H272V64c0-17.67-14.33-32-32-32h-32c-17.67 0-32 14.33-32 32v144H32c-17.67 0-32 14.33-32 32v32c0 17.67 14.33 32 32 32h144v144c0 17.67 14.33 32 32 32h32c17.67 0 32-14.33 32-32V304h144c17.67 0 32-14.33 32-32v-32c0-17.67-14.33-32-32-32z\"><\/path><\/svg><\/span>\n\t\t\t\t\t\t\t\t<span class=\"elementor-toggle-icon-opened\"><svg class=\"elementor-toggle-icon-opened e-font-icon-svg e-fas-minus\" viewBox=\"0 0 448 512\" xmlns=\"http:\/\/www.w3.org\/2000\/svg\"><path d=\"M416 208H32c-17.67 0-32 14.33-32 32v32c0 17.67 14.33 32 32 32h384c17.67 0 32-14.33 32-32v-32c0-17.67-14.33-32-32-32z\"><\/path><\/svg><\/span>\n\t\t\t\t\t\t\t\t\t\t\t\t\t<\/span>\n\t\t\t\t\t\t\t\t\t\t\t\t<a class=\"elementor-toggle-title\" tabindex=\"0\">Est-il pr\u00e9f\u00e9rable de louer un appartement plut\u00f4t que plusieurs chambres d'h\u00f4tel ?<\/a>\n\t\t\t\t\t<\/h3>\n\n\t\t\t\t\t<div id=\"elementor-tab-content-1383\" class=\"elementor-tab-content elementor-clearfix\" data-tab=\"3\" role=\"region\" aria-labelledby=\"elementor-tab-title-1383\"><p>Oui, surtout s&#8217;il s&#8217;agit d&#8217;un grand groupe. S\u00e9journer ensemble dans un appartement vous permet de profiter d&#8217;espaces communs, de cuisiner \u00e0 la maison et d&#8217;avoir plus de libert\u00e9 et de confort que dans des chambres d&#8217;h\u00f4tel s\u00e9par\u00e9es. En outre, c&#8217;est g\u00e9n\u00e9ralement moins cher.<\/p><\/div>\n\t\t\t\t<\/div>\n\t\t\t\t\t\t\t<div class=\"elementor-toggle-item\">\n\t\t\t\t\t<h3 id=\"elementor-tab-title-1384\" class=\"elementor-tab-title\" data-tab=\"4\" role=\"button\" aria-controls=\"elementor-tab-content-1384\" aria-expanded=\"false\">\n\t\t\t\t\t\t\t\t\t\t\t\t<span class=\"elementor-toggle-icon elementor-toggle-icon-right\" aria-hidden=\"true\">\n\t\t\t\t\t\t\t\t\t\t\t\t\t\t\t<span class=\"elementor-toggle-icon-closed\"><svg class=\"e-font-icon-svg e-fas-plus\" viewBox=\"0 0 448 512\" xmlns=\"http:\/\/www.w3.org\/2000\/svg\"><path d=\"M416 208H272V64c0-17.67-14.33-32-32-32h-32c-17.67 0-32 14.33-32 32v144H32c-17.67 0-32 14.33-32 32v32c0 17.67 14.33 32 32 32h144v144c0 17.67 14.33 32 32 32h32c17.67 0 32-14.33 32-32V304h144c17.67 0 32-14.33 32-32v-32c0-17.67-14.33-32-32-32z\"><\/path><\/svg><\/span>\n\t\t\t\t\t\t\t\t<span class=\"elementor-toggle-icon-opened\"><svg class=\"elementor-toggle-icon-opened e-font-icon-svg e-fas-minus\" viewBox=\"0 0 448 512\" xmlns=\"http:\/\/www.w3.org\/2000\/svg\"><path d=\"M416 208H32c-17.67 0-32 14.33-32 32v32c0 17.67 14.33 32 32 32h384c17.67 0 32-14.33 32-32v-32c0-17.67-14.33-32-32-32z\"><\/path><\/svg><\/span>\n\t\t\t\t\t\t\t\t\t\t\t\t\t<\/span>\n\t\t\t\t\t\t\t\t\t\t\t\t<a class=\"elementor-toggle-title\" tabindex=\"0\">Faut-il un nombre minimum de nuits pour r\u00e9server ?<\/a>\n\t\t\t\t\t<\/h3>\n\n\t\t\t\t\t<div id=\"elementor-tab-content-1384\" class=\"elementor-tab-content elementor-clearfix\" data-tab=\"4\" role=\"region\" aria-labelledby=\"elementor-tab-title-1384\"><p>Oui, le s\u00e9jour minimum pour tous nos appartements est de 2 nuits.<\/p><\/div>\n\t\t\t\t<\/div>\n\t\t\t\t\t\t\t<div class=\"elementor-toggle-item\">\n\t\t\t\t\t<h3 id=\"elementor-tab-title-1385\" class=\"elementor-tab-title\" data-tab=\"5\" role=\"button\" aria-controls=\"elementor-tab-content-1385\" aria-expanded=\"false\">\n\t\t\t\t\t\t\t\t\t\t\t\t<span class=\"elementor-toggle-icon elementor-toggle-icon-right\" aria-hidden=\"true\">\n\t\t\t\t\t\t\t\t\t\t\t\t\t\t\t<span class=\"elementor-toggle-icon-closed\"><svg class=\"e-font-icon-svg e-fas-plus\" viewBox=\"0 0 448 512\" xmlns=\"http:\/\/www.w3.org\/2000\/svg\"><path d=\"M416 208H272V64c0-17.67-14.33-32-32-32h-32c-17.67 0-32 14.33-32 32v144H32c-17.67 0-32 14.33-32 32v32c0 17.67 14.33 32 32 32h144v144c0 17.67 14.33 32 32 32h32c17.67 0 32-14.33 32-32V304h144c17.67 0 32-14.33 32-32v-32c0-17.67-14.33-32-32-32z\"><\/path><\/svg><\/span>\n\t\t\t\t\t\t\t\t<span class=\"elementor-toggle-icon-opened\"><svg class=\"elementor-toggle-icon-opened e-font-icon-svg e-fas-minus\" viewBox=\"0 0 448 512\" xmlns=\"http:\/\/www.w3.org\/2000\/svg\"><path d=\"M416 208H32c-17.67 0-32 14.33-32 32v32c0 17.67 14.33 32 32 32h384c17.67 0 32-14.33 32-32v-32c0-17.67-14.33-32-32-32z\"><\/path><\/svg><\/span>\n\t\t\t\t\t\t\t\t\t\t\t\t\t<\/span>\n\t\t\t\t\t\t\t\t\t\t\t\t<a class=\"elementor-toggle-title\" tabindex=\"0\">Quel est le co\u00fbt approximatif d'un appartement pour 8 personnes \u00e0 Barcelone ?<\/a>\n\t\t\t\t\t<\/h3>\n\n\t\t\t\t\t<div id=\"elementor-tab-content-1385\" class=\"elementor-tab-content elementor-clearfix\" data-tab=\"5\" role=\"region\" aria-labelledby=\"elementor-tab-title-1385\"><p>Le prix varie en fonction de la saison, du quartier et des caract\u00e9ristiques de l&#8217;appartement. Le prix moyen par nuit pour un appartement de 8 personnes dans le centre de Barcelone est d&#8217;environ 200 euros.<\/p><\/div>\n\t\t\t\t<\/div>\n\t\t\t\t\t\t\t\t\t\t<script type=\"application\/ld+json\">{\"@context\":\"https:\\\/\\\/schema.org\",\"@type\":\"FAQPage\",\"mainEntity\":[{\"@type\":\"Question\",\"name\":\"Est-il facile de trouver des appartements pour 8 personnes \\u00e0 Barcelone ?\",\"acceptedAnswer\":{\"@type\":\"Answer\",\"text\":\"<p>Oui, Barcelone dispose d&#8217;un large \\u00e9ventail d&#8217;appartements con\\u00e7us pour les grands groupes ou les familles. Les appartements propos\\u00e9s sur notre site Internet disposent g\\u00e9n\\u00e9ralement de 4 chambres et de 2 salles de bains (au minimum).<\\\/p>\"}},{\"@type\":\"Question\",\"name\":\"Quelles sont les zones recommand\\u00e9es pour un h\\u00e9bergement de groupe ?\",\"acceptedAnswer\":{\"@type\":\"Answer\",\"text\":\"<p>Les meilleurs quartiers pour les groupes sont l&#8217;Eixample, Gracia, Sagrada Familia et le centre de Barcelone. Il s&#8217;agit de quartiers s\\u00fbrs, bien desservis et offrant toutes sortes de services \\u00e0 proximit\\u00e9.<\\\/p>\"}},{\"@type\":\"Question\",\"name\":\"Est-il pr\\u00e9f\\u00e9rable de louer un appartement plut\\u00f4t que plusieurs chambres d'h\\u00f4tel ?\",\"acceptedAnswer\":{\"@type\":\"Answer\",\"text\":\"<p>Oui, surtout s&#8217;il s&#8217;agit d&#8217;un grand groupe. S\\u00e9journer ensemble dans un appartement vous permet de profiter d&#8217;espaces communs, de cuisiner \\u00e0 la maison et d&#8217;avoir plus de libert\\u00e9 et de confort que dans des chambres d&#8217;h\\u00f4tel s\\u00e9par\\u00e9es. En outre, c&#8217;est g\\u00e9n\\u00e9ralement moins cher.<\\\/p>\"}},{\"@type\":\"Question\",\"name\":\"Faut-il un nombre minimum de nuits pour r\\u00e9server ?\",\"acceptedAnswer\":{\"@type\":\"Answer\",\"text\":\"<p>Oui, le s\\u00e9jour minimum pour tous nos appartements est de 2 nuits.<\\\/p>\"}},{\"@type\":\"Question\",\"name\":\"Quel est le co\\u00fbt approximatif d'un appartement pour 8 personnes \\u00e0 Barcelone ?\",\"acceptedAnswer\":{\"@type\":\"Answer\",\"text\":\"<p>Le prix varie en fonction de la saison, du quartier et des caract\\u00e9ristiques de l&#8217;appartement. Le prix moyen par nuit pour un appartement de 8 personnes dans le centre de Barcelone est d&#8217;environ 200 euros.<\\\/p>\"}}]}<\/script>\n\t\t\t\t\t<\/div>\n\t\t\t\t\t\t<\/div>\n\t\t\t\t<\/div>\n\t\t\t\t\t<\/div>\n\t\t\t\t<\/div>\n\t\t<div class=\"elementor-element elementor-element-5cb9220d e-flex e-con-boxed e-con e-parent\" data-id=\"5cb9220d\" data-element_type=\"container\">\n\t\t\t\t\t<div class=\"e-con-inner\">\n\t\t<div class=\"elementor-element elementor-element-62250649 e-con-full e-flex e-con e-child\" data-id=\"62250649\" data-element_type=\"container\" data-settings=\"{&quot;background_background&quot;:&quot;classic&quot;}\">\n\t\t\t\t<div class=\"elementor-element elementor-element-13f34987 elementor-align-center elementor-widget elementor-widget-button\" data-id=\"13f34987\" data-element_type=\"widget\" data-widget_type=\"button.default\">\n\t\t\t\t<div class=\"elementor-widget-container\">\n\t\t\t\t\t\t\t\t\t<div class=\"elementor-button-wrapper\">\n\t\t\t\t\t<a class=\"elementor-button elementor-button-link elementor-size-sm\" href=\"https:\/\/www.keyinnapartments.com\/fr\/location-vacances-barcelone\/\">\n\t\t\t\t\t\t<span class=\"elementor-button-content-wrapper\">\n\t\t\t\t\t\t\t\t\t<span class=\"elementor-button-text\">Logements<\/span>\n\t\t\t\t\t<\/span>\n\t\t\t\t\t<\/a>\n\t\t\t\t<\/div>\n\t\t\t\t\t\t\t\t<\/div>\n\t\t\t\t<\/div>\n\t\t\t\t<\/div>\n\t\t<div class=\"elementor-element elementor-element-10c70de3 e-con-full e-flex e-con e-child\" data-id=\"10c70de3\" data-element_type=\"container\" data-settings=\"{&quot;background_background&quot;:&quot;classic&quot;}\">\n\t\t\t\t<div class=\"elementor-element elementor-element-41494add elementor-align-center elementor-widget elementor-widget-button\" data-id=\"41494add\" data-element_type=\"widget\" data-widget_type=\"button.default\">\n\t\t\t\t<div class=\"elementor-widget-container\">\n\t\t\t\t\t\t\t\t\t<div class=\"elementor-button-wrapper\">\n\t\t\t\t\t<a class=\"elementor-button elementor-button-link elementor-size-sm\" href=\"https:\/\/www.keyinnapartments.com\/fr\/appartement-vacances-barcelone\/\">\n\t\t\t\t\t\t<span class=\"elementor-button-content-wrapper\">\n\t\t\t\t\t\t\t\t\t<span class=\"elementor-button-text\">Appartements<\/span>\n\t\t\t\t\t<\/span>\n\t\t\t\t\t<\/a>\n\t\t\t\t<\/div>\n\t\t\t\t\t\t\t\t<\/div>\n\t\t\t\t<\/div>\n\t\t\t\t<\/div>\n\t\t\t\t\t<\/div>\n\t\t\t\t<\/div>\n\t\t\t\t<\/div>\n\t\t","protected":false},"excerpt":{"rendered":"<p>Appartements pour 8 personnes \u00e0 Barcelone Vous cherchez un appartement pour 8 personnes au c\u0153ur de Barcelone ? Vous \u00eates au bon endroit ! KeyBarcelona vous propose plusieurs appartements confortables et spacieux pour vos prochaines vacances en famille ou entre amis, consultez nos offres et r\u00e9servez d\u00e8s aujourd&#8217;hui ! Nos meilleurs appartements pour 8 personnes [&hellip;]<\/p>\n","protected":false},"author":3,"featured_media":3928,"comment_status":"open","ping_status":"open","sticky":false,"template":"","format":"standard","meta":{"footnotes":""},"categories":[53],"tags":[],"class_list":["post-3999","post","type-post","status-publish","format-standard","has-post-thumbnail","hentry","category-logements"],"yoast_head":"<!-- This site is optimized with the Yoast SEO plugin v25.3.1 - https:\/\/yoast.com\/wordpress\/plugins\/seo\/ -->\n<title>Appartements pour 8 personnes \u00e0 Barcelone | KeyBarcelona<\/title>\n<meta name=\"description\" content=\"A partir de 35\u20ac par nuit et par personne. Grands appartements pour 8 personnes au c\u0153ur de Barcelone. Id\u00e9al pour les familles et les amis.\" \/>\n<meta name=\"robots\" content=\"index, follow, max-snippet:-1, max-image-preview:large, max-video-preview:-1\" \/>\n<link rel=\"canonical\" href=\"https:\/\/www.keyinnapartments.com\/blog\/fr\/appartements-8-personnes-barcelone\/\" \/>\n<meta property=\"og:locale\" content=\"fr_FR\" \/>\n<meta property=\"og:type\" content=\"article\" \/>\n<meta property=\"og:title\" content=\"Appartements pour 8 personnes \u00e0 Barcelone | KeyBarcelona\" \/>\n<meta property=\"og:description\" content=\"A partir de 35\u20ac par nuit et par personne. Grands appartements pour 8 personnes au c\u0153ur de Barcelone. Id\u00e9al pour les familles et les amis.\" \/>\n<meta property=\"og:url\" content=\"https:\/\/www.keyinnapartments.com\/blog\/fr\/appartements-8-personnes-barcelone\/\" \/>\n<meta property=\"og:site_name\" content=\"Blog de voyage Barcelone\" \/>\n<meta property=\"article:publisher\" content=\"https:\/\/www.facebook.com\/keyinnapartments\/\" \/>\n<meta property=\"article:published_time\" content=\"2025-04-14T09:09:53+00:00\" \/>\n<meta property=\"article:modified_time\" content=\"2025-06-11T14:25:09+00:00\" \/>\n<meta property=\"og:image\" content=\"https:\/\/www.keyinnapartments.com\/blog\/wp-content\/uploads\/2025\/04\/apartamentos-para-8-personas-barcelona.webp\" \/>\n\t<meta property=\"og:image:width\" content=\"1920\" \/>\n\t<meta property=\"og:image:height\" content=\"650\" \/>\n\t<meta property=\"og:image:type\" content=\"image\/webp\" \/>\n<meta name=\"author\" content=\"digitalservices\" \/>\n<meta name=\"twitter:card\" content=\"summary_large_image\" \/>\n<meta name=\"twitter:label1\" content=\"Written by\" \/>\n\t<meta name=\"twitter:data1\" content=\"digitalservices\" \/>\n\t<meta name=\"twitter:label2\" content=\"Est. reading time\" \/>\n\t<meta name=\"twitter:data2\" content=\"7 minutes\" \/>\n<script type=\"application\/ld+json\" class=\"yoast-schema-graph\">{\"@context\":\"https:\/\/schema.org\",\"@graph\":[{\"@type\":\"Article\",\"@id\":\"https:\/\/www.keyinnapartments.com\/blog\/fr\/appartements-8-personnes-barcelone\/#article\",\"isPartOf\":{\"@id\":\"https:\/\/www.keyinnapartments.com\/blog\/fr\/appartements-8-personnes-barcelone\/\"},\"author\":{\"name\":\"digitalservices\",\"@id\":\"https:\/\/www.keyinnapartments.com\/blog\/fr\/#\/schema\/person\/ad874b614da9f01dc2ab0054bc6181e3\"},\"headline\":\"Appartements pour 8 personnes \u00e0 Barcelone\",\"datePublished\":\"2025-04-14T09:09:53+00:00\",\"dateModified\":\"2025-06-11T14:25:09+00:00\",\"mainEntityOfPage\":{\"@id\":\"https:\/\/www.keyinnapartments.com\/blog\/fr\/appartements-8-personnes-barcelone\/\"},\"wordCount\":1105,\"commentCount\":0,\"publisher\":{\"@id\":\"https:\/\/www.keyinnapartments.com\/blog\/fr\/#organization\"},\"image\":{\"@id\":\"https:\/\/www.keyinnapartments.com\/blog\/fr\/appartements-8-personnes-barcelone\/#primaryimage\"},\"thumbnailUrl\":\"https:\/\/www.keyinnapartments.com\/blog\/wp-content\/uploads\/2025\/04\/apartamentos-para-8-personas-barcelona.webp\",\"articleSection\":[\"Logements\"],\"inLanguage\":\"fr\",\"potentialAction\":[{\"@type\":\"CommentAction\",\"name\":\"Comment\",\"target\":[\"https:\/\/www.keyinnapartments.com\/blog\/fr\/appartements-8-personnes-barcelone\/#respond\"]}]},{\"@type\":\"WebPage\",\"@id\":\"https:\/\/www.keyinnapartments.com\/blog\/fr\/appartements-8-personnes-barcelone\/\",\"url\":\"https:\/\/www.keyinnapartments.com\/blog\/fr\/appartements-8-personnes-barcelone\/\",\"name\":\"Appartements pour 8 personnes \u00e0 Barcelone | KeyBarcelona\",\"isPartOf\":{\"@id\":\"https:\/\/www.keyinnapartments.com\/blog\/fr\/#website\"},\"primaryImageOfPage\":{\"@id\":\"https:\/\/www.keyinnapartments.com\/blog\/fr\/appartements-8-personnes-barcelone\/#primaryimage\"},\"image\":{\"@id\":\"https:\/\/www.keyinnapartments.com\/blog\/fr\/appartements-8-personnes-barcelone\/#primaryimage\"},\"thumbnailUrl\":\"https:\/\/www.keyinnapartments.com\/blog\/wp-content\/uploads\/2025\/04\/apartamentos-para-8-personas-barcelona.webp\",\"datePublished\":\"2025-04-14T09:09:53+00:00\",\"dateModified\":\"2025-06-11T14:25:09+00:00\",\"description\":\"A partir de 35\u20ac par nuit et par personne. Grands appartements pour 8 personnes au c\u0153ur de Barcelone. Id\u00e9al pour les familles et les amis.\",\"breadcrumb\":{\"@id\":\"https:\/\/www.keyinnapartments.com\/blog\/fr\/appartements-8-personnes-barcelone\/#breadcrumb\"},\"inLanguage\":\"fr\",\"potentialAction\":[{\"@type\":\"ReadAction\",\"target\":[\"https:\/\/www.keyinnapartments.com\/blog\/fr\/appartements-8-personnes-barcelone\/\"]}]},{\"@type\":\"ImageObject\",\"inLanguage\":\"fr\",\"@id\":\"https:\/\/www.keyinnapartments.com\/blog\/fr\/appartements-8-personnes-barcelone\/#primaryimage\",\"url\":\"https:\/\/www.keyinnapartments.com\/blog\/wp-content\/uploads\/2025\/04\/apartamentos-para-8-personas-barcelona.webp\",\"contentUrl\":\"https:\/\/www.keyinnapartments.com\/blog\/wp-content\/uploads\/2025\/04\/apartamentos-para-8-personas-barcelona.webp\",\"width\":1920,\"height\":650,\"caption\":\"apartamentos para 8 personas barcelona\"},{\"@type\":\"BreadcrumbList\",\"@id\":\"https:\/\/www.keyinnapartments.com\/blog\/fr\/appartements-8-personnes-barcelone\/#breadcrumb\",\"itemListElement\":[{\"@type\":\"ListItem\",\"position\":1,\"name\":\"Home\",\"item\":\"https:\/\/www.keyinnapartments.com\/blog\/fr\/\"},{\"@type\":\"ListItem\",\"position\":2,\"name\":\"Appartements pour 8 personnes \u00e0 Barcelone\"}]},{\"@type\":\"WebSite\",\"@id\":\"https:\/\/www.keyinnapartments.com\/blog\/fr\/#website\",\"url\":\"https:\/\/www.keyinnapartments.com\/blog\/fr\/\",\"name\":\"Key in Apartaments\",\"description\":\"Key Inn Apartments\",\"publisher\":{\"@id\":\"https:\/\/www.keyinnapartments.com\/blog\/fr\/#organization\"},\"potentialAction\":[{\"@type\":\"SearchAction\",\"target\":{\"@type\":\"EntryPoint\",\"urlTemplate\":\"https:\/\/www.keyinnapartments.com\/blog\/fr\/?s={search_term_string}\"},\"query-input\":{\"@type\":\"PropertyValueSpecification\",\"valueRequired\":true,\"valueName\":\"search_term_string\"}}],\"inLanguage\":\"fr\"},{\"@type\":\"Organization\",\"@id\":\"https:\/\/www.keyinnapartments.com\/blog\/fr\/#organization\",\"name\":\"Key Barcelona\",\"url\":\"https:\/\/www.keyinnapartments.com\/blog\/fr\/\",\"logo\":{\"@type\":\"ImageObject\",\"inLanguage\":\"fr\",\"@id\":\"https:\/\/www.keyinnapartments.com\/blog\/fr\/#\/schema\/logo\/image\/\",\"url\":\"https:\/\/www.keyinnapartments.com\/blog\/wp-content\/uploads\/2024\/04\/logo-11.png\",\"contentUrl\":\"https:\/\/www.keyinnapartments.com\/blog\/wp-content\/uploads\/2024\/04\/logo-11.png\",\"width\":350,\"height\":442,\"caption\":\"Key Barcelona\"},\"image\":{\"@id\":\"https:\/\/www.keyinnapartments.com\/blog\/fr\/#\/schema\/logo\/image\/\"},\"sameAs\":[\"https:\/\/www.facebook.com\/keyinnapartments\/\",\"https:\/\/www.instagram.com\/keyinnapartments\/\",\"https:\/\/www.linkedin.com\/company\/key-barcelona-apartments\/about\/\"]},{\"@type\":\"Person\",\"@id\":\"https:\/\/www.keyinnapartments.com\/blog\/fr\/#\/schema\/person\/ad874b614da9f01dc2ab0054bc6181e3\",\"name\":\"digitalservices\",\"image\":{\"@type\":\"ImageObject\",\"inLanguage\":\"fr\",\"@id\":\"https:\/\/www.keyinnapartments.com\/blog\/fr\/#\/schema\/person\/image\/\",\"url\":\"https:\/\/secure.gravatar.com\/avatar\/af30f88a1904294c1f3eb09a9d7903eec4ffa18fa2cf40c28a8681014ecdfc20?s=96&d=mm&r=g\",\"contentUrl\":\"https:\/\/secure.gravatar.com\/avatar\/af30f88a1904294c1f3eb09a9d7903eec4ffa18fa2cf40c28a8681014ecdfc20?s=96&d=mm&r=g\",\"caption\":\"digitalservices\"},\"url\":\"https:\/\/www.keyinnapartments.com\/blog\/fr\/author\/digitalservices\/\"}]}<\/script>\n<!-- \/ Yoast SEO plugin. -->","yoast_head_json":{"title":"Appartements pour 8 personnes \u00e0 Barcelone | KeyBarcelona","description":"A partir de 35\u20ac par nuit et par personne. Grands appartements pour 8 personnes au c\u0153ur de Barcelone. Id\u00e9al pour les familles et les amis.","robots":{"index":"index","follow":"follow","max-snippet":"max-snippet:-1","max-image-preview":"max-image-preview:large","max-video-preview":"max-video-preview:-1"},"canonical":"https:\/\/www.keyinnapartments.com\/blog\/fr\/appartements-8-personnes-barcelone\/","og_locale":"fr_FR","og_type":"article","og_title":"Appartements pour 8 personnes \u00e0 Barcelone | KeyBarcelona","og_description":"A partir de 35\u20ac par nuit et par personne. Grands appartements pour 8 personnes au c\u0153ur de Barcelone. Id\u00e9al pour les familles et les amis.","og_url":"https:\/\/www.keyinnapartments.com\/blog\/fr\/appartements-8-personnes-barcelone\/","og_site_name":"Blog de voyage Barcelone","article_publisher":"https:\/\/www.facebook.com\/keyinnapartments\/","article_published_time":"2025-04-14T09:09:53+00:00","article_modified_time":"2025-06-11T14:25:09+00:00","og_image":[{"width":1920,"height":650,"url":"https:\/\/www.keyinnapartments.com\/blog\/wp-content\/uploads\/2025\/04\/apartamentos-para-8-personas-barcelona.webp","type":"image\/webp"}],"author":"digitalservices","twitter_card":"summary_large_image","twitter_misc":{"Written by":"digitalservices","Est. reading time":"7 minutes"},"schema":{"@context":"https:\/\/schema.org","@graph":[{"@type":"Article","@id":"https:\/\/www.keyinnapartments.com\/blog\/fr\/appartements-8-personnes-barcelone\/#article","isPartOf":{"@id":"https:\/\/www.keyinnapartments.com\/blog\/fr\/appartements-8-personnes-barcelone\/"},"author":{"name":"digitalservices","@id":"https:\/\/www.keyinnapartments.com\/blog\/fr\/#\/schema\/person\/ad874b614da9f01dc2ab0054bc6181e3"},"headline":"Appartements pour 8 personnes \u00e0 Barcelone","datePublished":"2025-04-14T09:09:53+00:00","dateModified":"2025-06-11T14:25:09+00:00","mainEntityOfPage":{"@id":"https:\/\/www.keyinnapartments.com\/blog\/fr\/appartements-8-personnes-barcelone\/"},"wordCount":1105,"commentCount":0,"publisher":{"@id":"https:\/\/www.keyinnapartments.com\/blog\/fr\/#organization"},"image":{"@id":"https:\/\/www.keyinnapartments.com\/blog\/fr\/appartements-8-personnes-barcelone\/#primaryimage"},"thumbnailUrl":"https:\/\/www.keyinnapartments.com\/blog\/wp-content\/uploads\/2025\/04\/apartamentos-para-8-personas-barcelona.webp","articleSection":["Logements"],"inLanguage":"fr","potentialAction":[{"@type":"CommentAction","name":"Comment","target":["https:\/\/www.keyinnapartments.com\/blog\/fr\/appartements-8-personnes-barcelone\/#respond"]}]},{"@type":"WebPage","@id":"https:\/\/www.keyinnapartments.com\/blog\/fr\/appartements-8-personnes-barcelone\/","url":"https:\/\/www.keyinnapartments.com\/blog\/fr\/appartements-8-personnes-barcelone\/","name":"Appartements pour 8 personnes \u00e0 Barcelone | KeyBarcelona","isPartOf":{"@id":"https:\/\/www.keyinnapartments.com\/blog\/fr\/#website"},"primaryImageOfPage":{"@id":"https:\/\/www.keyinnapartments.com\/blog\/fr\/appartements-8-personnes-barcelone\/#primaryimage"},"image":{"@id":"https:\/\/www.keyinnapartments.com\/blog\/fr\/appartements-8-personnes-barcelone\/#primaryimage"},"thumbnailUrl":"https:\/\/www.keyinnapartments.com\/blog\/wp-content\/uploads\/2025\/04\/apartamentos-para-8-personas-barcelona.webp","datePublished":"2025-04-14T09:09:53+00:00","dateModified":"2025-06-11T14:25:09+00:00","description":"A partir de 35\u20ac par nuit et par personne. Grands appartements pour 8 personnes au c\u0153ur de Barcelone. Id\u00e9al pour les familles et les amis.","breadcrumb":{"@id":"https:\/\/www.keyinnapartments.com\/blog\/fr\/appartements-8-personnes-barcelone\/#breadcrumb"},"inLanguage":"fr","potentialAction":[{"@type":"ReadAction","target":["https:\/\/www.keyinnapartments.com\/blog\/fr\/appartements-8-personnes-barcelone\/"]}]},{"@type":"ImageObject","inLanguage":"fr","@id":"https:\/\/www.keyinnapartments.com\/blog\/fr\/appartements-8-personnes-barcelone\/#primaryimage","url":"https:\/\/www.keyinnapartments.com\/blog\/wp-content\/uploads\/2025\/04\/apartamentos-para-8-personas-barcelona.webp","contentUrl":"https:\/\/www.keyinnapartments.com\/blog\/wp-content\/uploads\/2025\/04\/apartamentos-para-8-personas-barcelona.webp","width":1920,"height":650,"caption":"apartamentos para 8 personas barcelona"},{"@type":"BreadcrumbList","@id":"https:\/\/www.keyinnapartments.com\/blog\/fr\/appartements-8-personnes-barcelone\/#breadcrumb","itemListElement":[{"@type":"ListItem","position":1,"name":"Home","item":"https:\/\/www.keyinnapartments.com\/blog\/fr\/"},{"@type":"ListItem","position":2,"name":"Appartements pour 8 personnes \u00e0 Barcelone"}]},{"@type":"WebSite","@id":"https:\/\/www.keyinnapartments.com\/blog\/fr\/#website","url":"https:\/\/www.keyinnapartments.com\/blog\/fr\/","name":"Key in Apartaments","description":"Key Inn Apartments","publisher":{"@id":"https:\/\/www.keyinnapartments.com\/blog\/fr\/#organization"},"potentialAction":[{"@type":"SearchAction","target":{"@type":"EntryPoint","urlTemplate":"https:\/\/www.keyinnapartments.com\/blog\/fr\/?s={search_term_string}"},"query-input":{"@type":"PropertyValueSpecification","valueRequired":true,"valueName":"search_term_string"}}],"inLanguage":"fr"},{"@type":"Organization","@id":"https:\/\/www.keyinnapartments.com\/blog\/fr\/#organization","name":"Key Barcelona","url":"https:\/\/www.keyinnapartments.com\/blog\/fr\/","logo":{"@type":"ImageObject","inLanguage":"fr","@id":"https:\/\/www.keyinnapartments.com\/blog\/fr\/#\/schema\/logo\/image\/","url":"https:\/\/www.keyinnapartments.com\/blog\/wp-content\/uploads\/2024\/04\/logo-11.png","contentUrl":"https:\/\/www.keyinnapartments.com\/blog\/wp-content\/uploads\/2024\/04\/logo-11.png","width":350,"height":442,"caption":"Key Barcelona"},"image":{"@id":"https:\/\/www.keyinnapartments.com\/blog\/fr\/#\/schema\/logo\/image\/"},"sameAs":["https:\/\/www.facebook.com\/keyinnapartments\/","https:\/\/www.instagram.com\/keyinnapartments\/","https:\/\/www.linkedin.com\/company\/key-barcelona-apartments\/about\/"]},{"@type":"Person","@id":"https:\/\/www.keyinnapartments.com\/blog\/fr\/#\/schema\/person\/ad874b614da9f01dc2ab0054bc6181e3","name":"digitalservices","image":{"@type":"ImageObject","inLanguage":"fr","@id":"https:\/\/www.keyinnapartments.com\/blog\/fr\/#\/schema\/person\/image\/","url":"https:\/\/secure.gravatar.com\/avatar\/af30f88a1904294c1f3eb09a9d7903eec4ffa18fa2cf40c28a8681014ecdfc20?s=96&d=mm&r=g","contentUrl":"https:\/\/secure.gravatar.com\/avatar\/af30f88a1904294c1f3eb09a9d7903eec4ffa18fa2cf40c28a8681014ecdfc20?s=96&d=mm&r=g","caption":"digitalservices"},"url":"https:\/\/www.keyinnapartments.com\/blog\/fr\/author\/digitalservices\/"}]}},"_links":{"self":[{"href":"https:\/\/www.keyinnapartments.com\/blog\/fr\/wp-json\/wp\/v2\/posts\/3999","targetHints":{"allow":["GET"]}}],"collection":[{"href":"https:\/\/www.keyinnapartments.com\/blog\/fr\/wp-json\/wp\/v2\/posts"}],"about":[{"href":"https:\/\/www.keyinnapartments.com\/blog\/fr\/wp-json\/wp\/v2\/types\/post"}],"author":[{"embeddable":true,"href":"https:\/\/www.keyinnapartments.com\/blog\/fr\/wp-json\/wp\/v2\/users\/3"}],"replies":[{"embeddable":true,"href":"https:\/\/www.keyinnapartments.com\/blog\/fr\/wp-json\/wp\/v2\/comments?post=3999"}],"version-history":[{"count":16,"href":"https:\/\/www.keyinnapartments.com\/blog\/fr\/wp-json\/wp\/v2\/posts\/3999\/revisions"}],"predecessor-version":[{"id":4623,"href":"https:\/\/www.keyinnapartments.com\/blog\/fr\/wp-json\/wp\/v2\/posts\/3999\/revisions\/4623"}],"wp:featuredmedia":[{"embeddable":true,"href":"https:\/\/www.keyinnapartments.com\/blog\/fr\/wp-json\/wp\/v2\/media\/3928"}],"wp:attachment":[{"href":"https:\/\/www.keyinnapartments.com\/blog\/fr\/wp-json\/wp\/v2\/media?parent=3999"}],"wp:term":[{"taxonomy":"category","embeddable":true,"href":"https:\/\/www.keyinnapartments.com\/blog\/fr\/wp-json\/wp\/v2\/categories?post=3999"},{"taxonomy":"post_tag","embeddable":true,"href":"https:\/\/www.keyinnapartments.com\/blog\/fr\/wp-json\/wp\/v2\/tags?post=3999"}],"curies":[{"name":"wp","href":"https:\/\/api.w.org\/{rel}","templated":true}]}}