{"id":993,"date":"2024-06-17T15:23:07","date_gmt":"2024-06-17T15:23:07","guid":{"rendered":"https:\/\/www.keyinnapartments.com\/blog\/?p=993"},"modified":"2024-12-19T10:02:36","modified_gmt":"2024-12-19T10:02:36","slug":"town-squares-gracia-barcelona","status":"publish","type":"post","link":"https:\/\/www.keyinnapartments.com\/blog\/town-squares-gracia-barcelona\/","title":{"rendered":"Discover the Charm of the Pla\u00e7as de Gr\u00e0cia in Barcelona"},"content":{"rendered":"\t\t<div data-elementor-type=\"wp-post\" data-elementor-id=\"993\" class=\"elementor elementor-993 elementor-799\" data-elementor-post-type=\"post\">\n\t\t\t\t<div class=\"elementor-element elementor-element-67caf1c e-flex e-con-boxed e-con e-parent\" data-id=\"67caf1c\" data-element_type=\"container\">\n\t\t\t\t\t<div class=\"e-con-inner\">\n\t\t\t\t<div class=\"elementor-element elementor-element-3cf337f1 elementor-widget elementor-widget-text-editor\" data-id=\"3cf337f1\" data-element_type=\"widget\" data-widget_type=\"text-editor.default\">\n\t\t\t\t<div class=\"elementor-widget-container\">\n\t\t\t\t\t\t\t\t\t<p><span style=\"font-weight: 400;\">The \u2018<\/span><i><span style=\"font-weight: 400;\">pla\u00e7as de Gr\u00e0cia\u2019 <\/span><\/i><span style=\"font-weight: 400;\">(squares of Gr\u00e0cia) in Barcelona possess an allure that captivates anyone. Their bohemian atmosphere, rich in art and culture, offers a <\/span><b>perfect experience to get to know the neighbourhood<\/b><span style=\"font-weight: 400;\">.<\/span><\/p><p><span style=\"font-weight: 400;\">Are you eager to discover all the squares in the Gr\u00e0cia district in Barcelona? Let us tell you about each one\u2019s irresistible charm.<\/span><\/p>\t\t\t\t\t\t\t\t<\/div>\n\t\t\t\t<\/div>\n\t\t\t\t\t<\/div>\n\t\t\t\t<\/div>\n\t\t<div class=\"elementor-element elementor-element-34e9d105 e-flex e-con-boxed e-con e-parent\" data-id=\"34e9d105\" data-element_type=\"container\">\n\t\t\t\t\t<div class=\"e-con-inner\">\n\t\t\t\t<div class=\"elementor-element elementor-element-58e70d34 elementor-widget elementor-widget-table-of-contents\" data-id=\"58e70d34\" data-element_type=\"widget\" data-settings=\"{&quot;headings_by_tags&quot;:[&quot;h2&quot;,&quot;h3&quot;],&quot;exclude_headings_by_selector&quot;:[],&quot;marker_view&quot;:&quot;bullets&quot;,&quot;icon&quot;:{&quot;value&quot;:&quot;&quot;,&quot;library&quot;:&quot;&quot;},&quot;no_headings_message&quot;:&quot;No headings were found on this page.&quot;,&quot;hierarchical_view&quot;:&quot;yes&quot;,&quot;min_height&quot;:{&quot;unit&quot;:&quot;px&quot;,&quot;size&quot;:&quot;&quot;,&quot;sizes&quot;:[]},&quot;min_height_tablet&quot;:{&quot;unit&quot;:&quot;px&quot;,&quot;size&quot;:&quot;&quot;,&quot;sizes&quot;:[]},&quot;min_height_mobile&quot;:{&quot;unit&quot;:&quot;px&quot;,&quot;size&quot;:&quot;&quot;,&quot;sizes&quot;:[]}}\" data-widget_type=\"table-of-contents.default\">\n\t\t\t\t<div class=\"elementor-widget-container\">\n\t\t\t\t\t\t\t<div class=\"elementor-toc__header\">\n\t\t\t<div class=\"elementor-toc__header-title\">\n\t\t\t\tTable of contents\t\t\t<\/div>\n\t\t\t\t\t<\/div>\n\t\t<div id=\"elementor-toc__58e70d34\" class=\"elementor-toc__body\">\n\t\t\t<div class=\"elementor-toc__spinner-container\">\n\t\t\t\t<svg class=\"elementor-toc__spinner eicon-animation-spin e-font-icon-svg e-eicon-loading\" aria-hidden=\"true\" viewBox=\"0 0 1000 1000\" xmlns=\"http:\/\/www.w3.org\/2000\/svg\"><path d=\"M500 975V858C696 858 858 696 858 500S696 142 500 142 142 304 142 500H25C25 237 238 25 500 25S975 237 975 500 763 975 500 975Z\"><\/path><\/svg>\t\t\t<\/div>\n\t\t<\/div>\n\t\t\t\t\t\t<\/div>\n\t\t\t\t<\/div>\n\t\t\t\t\t<\/div>\n\t\t\t\t<\/div>\n\t\t<div class=\"elementor-element elementor-element-205a4571 e-flex e-con-boxed e-con e-parent\" data-id=\"205a4571\" data-element_type=\"container\">\n\t\t\t\t\t<div class=\"e-con-inner\">\n\t\t\t\t<div class=\"elementor-element elementor-element-78be9c2b elementor-widget elementor-widget-heading\" data-id=\"78be9c2b\" data-element_type=\"widget\" data-widget_type=\"heading.default\">\n\t\t\t\t<div class=\"elementor-widget-container\">\n\t\t\t\t\t<h2 class=\"elementor-heading-title elementor-size-default\">The history of the squares in the Gr\u00e0cia district in Barcelona<\/h2>\t\t\t\t<\/div>\n\t\t\t\t<\/div>\n\t\t\t\t<div class=\"elementor-element elementor-element-58f0d78d elementor-widget elementor-widget-text-editor\" data-id=\"58f0d78d\" data-element_type=\"widget\" data-widget_type=\"text-editor.default\">\n\t\t\t\t<div class=\"elementor-widget-container\">\n\t\t\t\t\t\t\t\t\t<p><span style=\"font-weight: 400;\">The squares in the Gr\u00e0cia district have a rich history. This neighbourhood, which was independent until 1897, used its squares as <\/span><b>centres for social gatherings and as key points for exchanging, selling, and buying products<\/b><span style=\"font-weight: 400;\">. Back then, the <\/span><strong><a href=\"https:\/\/www.keyinnapartments.com\/blog\/district-gracia-barcelona\/\">Gr\u00e0cia district<\/a><\/strong><span style=\"font-weight: 400;\"> primarily thrived on agriculture and craftsmanship.<\/span><\/p><p><span style=\"font-weight: 400;\">Although many things have changed in Gr\u00e0cia\u2014from its architecture influenced by personalities like Antoni Gaud\u00ed to the increase in housing, businesses, and residents\u2014one thing that has remained intact is the essence of its squares. When Barcelona annexed Gr\u00e0cia, these squares were preserved so you can explore them and enjoy every corner. Look at just how many there are!<\/span><\/p>\t\t\t\t\t\t\t\t<\/div>\n\t\t\t\t<\/div>\n\t\t\t\t\t<\/div>\n\t\t\t\t<\/div>\n\t\t<div class=\"elementor-element elementor-element-40ab459 e-flex e-con-boxed e-con e-parent\" data-id=\"40ab459\" data-element_type=\"container\">\n\t\t\t\t\t<div class=\"e-con-inner\">\n\t\t<div class=\"elementor-element elementor-element-cde3c1b e-con-full e-flex e-con e-child\" data-id=\"cde3c1b\" data-element_type=\"container\">\n\t\t\t\t<div class=\"elementor-element elementor-element-5832630d elementor-widget elementor-widget-heading\" data-id=\"5832630d\" data-element_type=\"widget\" data-widget_type=\"heading.default\">\n\t\t\t\t<div class=\"elementor-widget-container\">\n\t\t\t\t\t<h3 class=\"elementor-heading-title elementor-size-default\">Pla\u00e7a del Diamant<\/h3>\t\t\t\t<\/div>\n\t\t\t\t<\/div>\n\t\t\t\t<div class=\"elementor-element elementor-element-4329fa8 elementor-widget elementor-widget-image\" data-id=\"4329fa8\" data-element_type=\"widget\" data-widget_type=\"image.default\">\n\t\t\t\t<div class=\"elementor-widget-container\">\n\t\t\t\t\t\t\t\t\t\t\t\t\t\t\t<img decoding=\"async\" src=\"https:\/\/www.keyinnapartments.com\/blog\/wp-content\/uploads\/2024\/06\/plaza-diamante-barcelona-751x430.jpg\" title=\"plaza-diamante-barcelona\" alt=\"pla\u00e7a diamant barcelona\" loading=\"lazy\" \/>\t\t\t\t\t\t\t\t\t\t\t\t\t\t\t<\/div>\n\t\t\t\t<\/div>\n\t\t\t\t<div class=\"elementor-element elementor-element-2833ff6b elementor-widget elementor-widget-text-editor\" data-id=\"2833ff6b\" data-element_type=\"widget\" data-widget_type=\"text-editor.default\">\n\t\t\t\t<div class=\"elementor-widget-container\">\n\t\t\t\t\t\t\t\t\t<p><span style=\"font-weight: 400;\">Pla\u00e7a del Diamant is full of elegant buildings with ornate balconies and <\/span><b>features a famous statue: &#8220;La Colometa&#8221;<\/b><span style=\"font-weight: 400;\">. It\u2019s an intergenerational meeting place where grandparents, parents, young people, and children gather.<\/span><\/p><p><span style=\"font-weight: 400;\">However, this square in Gr\u00e0cia, Barcelona is best known for its cultural significance; <\/span><b>it inspired several novels<\/b><span style=\"font-weight: 400;\">, including &#8220;La pla\u00e7a del Diamant&#8221; by Merc\u00e8 Rodoreda. <\/span><b>However, its high point is during the <\/b><a href=\"https:\/\/www.keyinnapartments.com\/blog\/festa-gracia-barcelona\/\"><b>Festa Major de Gr\u00e0cia<\/b><\/a><span style=\"font-weight: 400;\"> when it becomes adorned with decorations, activities, and music.<\/span><\/p><p><span style=\"font-weight: 400;\">And did you know? Beneath Pla\u00e7a del Diamant lies one of the air raid shelters built in 1937 during the Civil War. This shelter, dug by the locals themselves, can accommodate 300 people and is 12 metres deep. Quite impressive, right?<\/span><\/p>\t\t\t\t\t\t\t\t<\/div>\n\t\t\t\t<\/div>\n\t\t\t\t<\/div>\n\t\t<div class=\"elementor-element elementor-element-b287067 e-con-full e-flex e-con e-child\" data-id=\"b287067\" data-element_type=\"container\">\n\t\t\t\t<div class=\"elementor-element elementor-element-459cb31 elementor-widget elementor-widget-heading\" data-id=\"459cb31\" data-element_type=\"widget\" data-widget_type=\"heading.default\">\n\t\t\t\t<div class=\"elementor-widget-container\">\n\t\t\t\t\t<h3 class=\"elementor-heading-title elementor-size-default\">Pla\u00e7a del Sol<\/h3>\t\t\t\t<\/div>\n\t\t\t\t<\/div>\n\t\t\t\t<div class=\"elementor-element elementor-element-0725e26 elementor-widget elementor-widget-image\" data-id=\"0725e26\" data-element_type=\"widget\" data-widget_type=\"image.default\">\n\t\t\t\t<div class=\"elementor-widget-container\">\n\t\t\t\t\t\t\t\t\t\t\t\t\t\t\t<img decoding=\"async\" src=\"https:\/\/www.keyinnapartments.com\/blog\/wp-content\/uploads\/2024\/06\/plaza-sol-barcelona-751x430.jpg\" title=\"plaza-sol-barcelona\" alt=\"pla\u00e7a del sol barcelona\" loading=\"lazy\" \/>\t\t\t\t\t\t\t\t\t\t\t\t\t\t\t<\/div>\n\t\t\t\t<\/div>\n\t\t\t\t<div class=\"elementor-element elementor-element-ad73860 elementor-widget elementor-widget-text-editor\" data-id=\"ad73860\" data-element_type=\"widget\" data-widget_type=\"text-editor.default\">\n\t\t\t\t<div class=\"elementor-widget-container\">\n\t\t\t\t\t\t\t\t\t<p><span style=\"font-weight: 400;\">Pla\u00e7a del Sol, though not the largest, is the soul of the Gr\u00e0cia district. Its bohemian atmosphere, bars, and terraces are popular spots for both locals and tourists. It boasts one of the city\u2019s most original statues, &#8220;El Astrolabio&#8221;, and buildings in warm tones with balconies full of plants that give it a special charm. <\/span><b>Enjoying a beer, vermouth, or coffee here becomes quite an experience<\/b><span style=\"font-weight: 400;\">.<\/span><\/p><p><span style=\"font-weight: 400;\">At night, the square transforms radically and fills with live music in the venues and streets, with street performers filling the air with melodies of all kinds, from flamenco to jazz.<\/span><\/p>\t\t\t\t\t\t\t\t<\/div>\n\t\t\t\t<\/div>\n\t\t\t\t<\/div>\n\t\t\t\t\t<\/div>\n\t\t\t\t<\/div>\n\t\t<div class=\"elementor-element elementor-element-0e3692e e-flex e-con-boxed e-con e-parent\" data-id=\"0e3692e\" data-element_type=\"container\">\n\t\t\t\t\t<div class=\"e-con-inner\">\n\t\t<div class=\"elementor-element elementor-element-d1a7e28 e-con-full e-flex e-con e-child\" data-id=\"d1a7e28\" data-element_type=\"container\">\n\t\t\t\t<div class=\"elementor-element elementor-element-36f9ed3 elementor-widget elementor-widget-heading\" data-id=\"36f9ed3\" data-element_type=\"widget\" data-widget_type=\"heading.default\">\n\t\t\t\t<div class=\"elementor-widget-container\">\n\t\t\t\t\t<h3 class=\"elementor-heading-title elementor-size-default\">Pla\u00e7a de la Revoluci\u00f3<\/h3>\t\t\t\t<\/div>\n\t\t\t\t<\/div>\n\t\t\t\t<div class=\"elementor-element elementor-element-737a7e2 elementor-widget elementor-widget-image\" data-id=\"737a7e2\" data-element_type=\"widget\" data-widget_type=\"image.default\">\n\t\t\t\t<div class=\"elementor-widget-container\">\n\t\t\t\t\t\t\t\t\t\t\t\t\t\t\t<img decoding=\"async\" src=\"https:\/\/www.keyinnapartments.com\/blog\/wp-content\/uploads\/2024\/06\/Plaza-de-la-Revolucion-barcelona-751x430.jpg\" title=\"Plaza-de-la-Revolucion-barcelona\" alt=\"Plaza-de-la-Revolucion-barcelona\" loading=\"lazy\" \/>\t\t\t\t\t\t\t\t\t\t\t\t\t\t\t<\/div>\n\t\t\t\t<\/div>\n\t\t\t\t<div class=\"elementor-element elementor-element-dbc1a62 elementor-widget elementor-widget-text-editor\" data-id=\"dbc1a62\" data-element_type=\"widget\" data-widget_type=\"text-editor.default\">\n\t\t\t\t<div class=\"elementor-widget-container\">\n\t\t\t\t\t\t\t\t\t<p><span style=\"font-weight: 400;\">Pla\u00e7a de la Revoluci\u00f3 is one of those squares that retains the essence of the city. It\u2019s less known than other squares in Gr\u00e0cia, Barcelona, but a real discovery for those who explore it.<\/span><\/p><p><span style=\"font-weight: 400;\">It has a wide tree-lined esplanade and is surrounded by historic buildings with flower-filled balconies. The atmosphere is generally relaxed and very family-oriented. <\/span><b>While it has few dining options, it does have one of the best ice cream parlours in Barcelona<\/b><span style=\"font-weight: 400;\">. Can you resist trying one of its delicious ice creams?<\/span><\/p>\t\t\t\t\t\t\t\t<\/div>\n\t\t\t\t<\/div>\n\t\t\t\t<\/div>\n\t\t<div class=\"elementor-element elementor-element-409d633 e-con-full e-flex e-con e-child\" data-id=\"409d633\" data-element_type=\"container\">\n\t\t\t\t<div class=\"elementor-element elementor-element-605c7b1 elementor-widget elementor-widget-heading\" data-id=\"605c7b1\" data-element_type=\"widget\" data-widget_type=\"heading.default\">\n\t\t\t\t<div class=\"elementor-widget-container\">\n\t\t\t\t\t<h3 class=\"elementor-heading-title elementor-size-default\">Pla\u00e7a de la Vila de Gr\u00e0cia<\/h3>\t\t\t\t<\/div>\n\t\t\t\t<\/div>\n\t\t\t\t<div class=\"elementor-element elementor-element-7c52d29 elementor-widget elementor-widget-image\" data-id=\"7c52d29\" data-element_type=\"widget\" data-widget_type=\"image.default\">\n\t\t\t\t<div class=\"elementor-widget-container\">\n\t\t\t\t\t\t\t\t\t\t\t\t\t\t\t<img decoding=\"async\" src=\"https:\/\/www.keyinnapartments.com\/blog\/wp-content\/uploads\/2024\/06\/Plaza-de-la-Vila-de-Gracia\u200b-barcelona-751x430.webp\" title=\"Plaza de la Vila de Gr\u00e0cia\u200b barcelona\" alt=\"Plaza de la Vila de Gr\u00e0cia\u200b barcelona\" loading=\"lazy\" \/>\t\t\t\t\t\t\t\t\t\t\t\t\t\t\t<\/div>\n\t\t\t\t<\/div>\n\t\t\t\t<div class=\"elementor-element elementor-element-90e9942 elementor-widget elementor-widget-text-editor\" data-id=\"90e9942\" data-element_type=\"widget\" data-widget_type=\"text-editor.default\">\n\t\t\t\t<div class=\"elementor-widget-container\">\n\t\t\t\t\t\t\t\t\t<p><span style=\"font-weight: 400;\">Pla\u00e7a de la Vila de Gr\u00e0cia in Barcelona, formerly known as Pla\u00e7a Rius i Taulet, is the true heart and also the <\/span><b>administrative centre of the neighbourhood<\/b><span style=\"font-weight: 400;\">. It\u2019s surrounded by historic buildings and colourful facades, although what stands out the most is its majestic 19th-century clock tower. The clock tower is a symbol of the district and a witness to countless stories, such as the uprising against forced conscription imposed by the Spanish army. <\/span><b>Street markets and many street artists also frequently visit this square in Gr\u00e0cia, Barcelona<\/b><span style=\"font-weight: 400;\">, making it a complete experience to visit.<\/span><\/p>\t\t\t\t\t\t\t\t<\/div>\n\t\t\t\t<\/div>\n\t\t\t\t<\/div>\n\t\t\t\t\t<\/div>\n\t\t\t\t<\/div>\n\t\t<div class=\"elementor-element elementor-element-72a54e9 e-flex e-con-boxed e-con e-parent\" data-id=\"72a54e9\" data-element_type=\"container\">\n\t\t\t\t\t<div class=\"e-con-inner\">\n\t\t<div class=\"elementor-element elementor-element-0a1e881 e-con-full e-flex e-con e-child\" data-id=\"0a1e881\" data-element_type=\"container\">\n\t\t\t\t<div class=\"elementor-element elementor-element-a754a22 elementor-widget elementor-widget-heading\" data-id=\"a754a22\" data-element_type=\"widget\" data-widget_type=\"heading.default\">\n\t\t\t\t<div class=\"elementor-widget-container\">\n\t\t\t\t\t<h3 class=\"elementor-heading-title elementor-size-default\">Pla\u00e7a del Raspall<\/h3>\t\t\t\t<\/div>\n\t\t\t\t<\/div>\n\t\t\t\t<div class=\"elementor-element elementor-element-c15ff35 elementor-widget elementor-widget-image\" data-id=\"c15ff35\" data-element_type=\"widget\" data-widget_type=\"image.default\">\n\t\t\t\t<div class=\"elementor-widget-container\">\n\t\t\t\t\t\t\t\t\t\t\t\t\t\t\t<img decoding=\"async\" src=\"https:\/\/www.keyinnapartments.com\/blog\/wp-content\/uploads\/2024\/06\/Plaza-del-Raspall\u200b-barcelona-751x430.jpg\" title=\"Plaza del Raspall\u200b barcelona\" alt=\"Plaza del Raspall\u200b barcelona\" loading=\"lazy\" \/>\t\t\t\t\t\t\t\t\t\t\t\t\t\t\t<\/div>\n\t\t\t\t<\/div>\n\t\t\t\t<div class=\"elementor-element elementor-element-98d8f21 elementor-widget elementor-widget-text-editor\" data-id=\"98d8f21\" data-element_type=\"widget\" data-widget_type=\"text-editor.default\">\n\t\t\t\t<div class=\"elementor-widget-container\">\n\t\t\t\t\t\t\t\t\t<p><span style=\"font-weight: 400;\">Pla\u00e7a del Raspall is smaller and less known than the others, but that\u2019s what makes it special. It\u2019s surrounded by low and colourful buildings, many decorated with murals and artistic graffiti. It also has a small fountain in the centre, which adds a certain charm to this square in Gr\u00e0cia, Barcelona. Besides shops and cafes offering gastronomic delights and crafts, the highlight of this square is the <\/span><i><span style=\"font-weight: 400;\">\u2018Museo del Cepillo\u2019<\/span><\/i><span style=\"font-weight: 400;\"> (Brush Museum). What are you waiting for to visit it?<\/span><\/p>\t\t\t\t\t\t\t\t<\/div>\n\t\t\t\t<\/div>\n\t\t\t\t<\/div>\n\t\t<div class=\"elementor-element elementor-element-6d513a2 e-con-full e-flex e-con e-child\" data-id=\"6d513a2\" data-element_type=\"container\">\n\t\t\t\t<div class=\"elementor-element elementor-element-b5fd4f6 elementor-widget elementor-widget-heading\" data-id=\"b5fd4f6\" data-element_type=\"widget\" data-widget_type=\"heading.default\">\n\t\t\t\t<div class=\"elementor-widget-container\">\n\t\t\t\t\t<h3 class=\"elementor-heading-title elementor-size-default\">Pla\u00e7a de la Virreina<\/h3>\t\t\t\t<\/div>\n\t\t\t\t<\/div>\n\t\t\t\t<div class=\"elementor-element elementor-element-ca44282 elementor-widget elementor-widget-image\" data-id=\"ca44282\" data-element_type=\"widget\" data-widget_type=\"image.default\">\n\t\t\t\t<div class=\"elementor-widget-container\">\n\t\t\t\t\t\t\t\t\t\t\t\t\t\t\t<img decoding=\"async\" src=\"https:\/\/www.keyinnapartments.com\/blog\/wp-content\/uploads\/2024\/06\/Plaza-de-la-Virreina\u200b-barcelona-751x428.jpg\" title=\"Plaza de la Virreina\u200b barcelona\" alt=\"Pla\u00e7a de la Virreina barcelona\" loading=\"lazy\" \/>\t\t\t\t\t\t\t\t\t\t\t\t\t\t\t<\/div>\n\t\t\t\t<\/div>\n\t\t\t\t<div class=\"elementor-element elementor-element-236453f elementor-widget elementor-widget-text-editor\" data-id=\"236453f\" data-element_type=\"widget\" data-widget_type=\"text-editor.default\">\n\t\t\t\t<div class=\"elementor-widget-container\">\n\t\t\t\t\t\t\t\t\t<p><span style=\"font-weight: 400;\">Pla\u00e7a de la Virreina <\/span><b>is dominated by the imposing church of Sant Joan and several architecturally invaluable buildings<\/b><span style=\"font-weight: 400;\">. It also has many leafy trees offering shade, a plus on hot days, and several benches inviting you to sit and relax. This square in Gr\u00e0cia, Barcelona, is where authentic jazz to classical music can often be heard.<\/span><\/p>\t\t\t\t\t\t\t\t<\/div>\n\t\t\t\t<\/div>\n\t\t\t\t<\/div>\n\t\t\t\t\t<\/div>\n\t\t\t\t<\/div>\n\t\t<div class=\"elementor-element elementor-element-8325cae e-flex e-con-boxed e-con e-parent\" data-id=\"8325cae\" data-element_type=\"container\">\n\t\t\t\t\t<div class=\"e-con-inner\">\n\t\t<div class=\"elementor-element elementor-element-8feb55c e-con-full e-flex e-con e-child\" data-id=\"8feb55c\" data-element_type=\"container\">\n\t\t\t\t<div class=\"elementor-element elementor-element-0631756 elementor-widget elementor-widget-heading\" data-id=\"0631756\" data-element_type=\"widget\" data-widget_type=\"heading.default\">\n\t\t\t\t<div class=\"elementor-widget-container\">\n\t\t\t\t\t<h3 class=\"elementor-heading-title elementor-size-default\">Pla\u00e7a de Rovira i Trias<\/h3>\t\t\t\t<\/div>\n\t\t\t\t<\/div>\n\t\t\t\t<div class=\"elementor-element elementor-element-56faa9d elementor-widget elementor-widget-image\" data-id=\"56faa9d\" data-element_type=\"widget\" data-widget_type=\"image.default\">\n\t\t\t\t<div class=\"elementor-widget-container\">\n\t\t\t\t\t\t\t\t\t\t\t\t\t\t\t<img decoding=\"async\" src=\"https:\/\/www.keyinnapartments.com\/blog\/wp-content\/uploads\/2024\/06\/plaza-Rovira-i-Trias.jpg\" title=\"\" alt=\"\" loading=\"lazy\" \/>\t\t\t\t\t\t\t\t\t\t\t\t\t\t\t<\/div>\n\t\t\t\t<\/div>\n\t\t\t\t<div class=\"elementor-element elementor-element-c2085ab elementor-widget elementor-widget-text-editor\" data-id=\"c2085ab\" data-element_type=\"widget\" data-widget_type=\"text-editor.default\">\n\t\t\t\t<div class=\"elementor-widget-container\">\n\t\t\t\t\t\t\t\t\t<p><span style=\"font-weight: 400;\">This square in Gr\u00e0cia, Barcelona, is dedicated to the illustrious architect Rovira i Trias, with a sculpture in his honour resting on one of its benches. Additionally, it\u2019s one of the squares in Gr\u00e0cia with the <\/span><b>greatest variety of buildings from different eras and also one with the most cinematic tradition<\/b><span style=\"font-weight: 400;\">, as it was the site of one of the neighbourhood&#8217;s most reputable cinemas, &#8220;El Cine Verdi&#8221; (now closed), and the filming location for movies like &#8220;El embrujo de Shangh\u00e1i&#8221; (The Shanghai Spell).<\/span><\/p>\t\t\t\t\t\t\t\t<\/div>\n\t\t\t\t<\/div>\n\t\t\t\t<\/div>\n\t\t<div class=\"elementor-element elementor-element-23e2f25 e-con-full e-flex e-con e-child\" data-id=\"23e2f25\" data-element_type=\"container\">\n\t\t\t\t<div class=\"elementor-element elementor-element-f27af95 elementor-widget elementor-widget-heading\" data-id=\"f27af95\" data-element_type=\"widget\" data-widget_type=\"heading.default\">\n\t\t\t\t<div class=\"elementor-widget-container\">\n\t\t\t\t\t<h3 class=\"elementor-heading-title elementor-size-default\">Pla\u00e7a del Nord<\/h3>\t\t\t\t<\/div>\n\t\t\t\t<\/div>\n\t\t\t\t<div class=\"elementor-element elementor-element-9f9afcd elementor-widget elementor-widget-image\" data-id=\"9f9afcd\" data-element_type=\"widget\" data-widget_type=\"image.default\">\n\t\t\t\t<div class=\"elementor-widget-container\">\n\t\t\t\t\t\t\t\t\t\t\t\t\t\t\t<img decoding=\"async\" src=\"https:\/\/www.keyinnapartments.com\/blog\/wp-content\/uploads\/2024\/06\/Plaza-del-Nord\u200b-barcelona-751x430.jpg\" title=\"Plaza del Nord\u200b barcelona\" alt=\"Pla\u00e7a del Nord barcelona\" loading=\"lazy\" \/>\t\t\t\t\t\t\t\t\t\t\t\t\t\t\t<\/div>\n\t\t\t\t<\/div>\n\t\t\t\t<div class=\"elementor-element elementor-element-2c8c440 elementor-widget elementor-widget-text-editor\" data-id=\"2c8c440\" data-element_type=\"widget\" data-widget_type=\"text-editor.default\">\n\t\t\t\t<div class=\"elementor-widget-container\">\n\t\t\t\t\t\t\t\t\t<p><span style=\"font-weight: 400;\">Pla\u00e7a del Nord has gardens with leafy tipu trees, low buildings with colourful facades, and a fountain. <\/span><b>It has the feel of a small village within a big city, with many benches and terraces of cafes and bars offering the perfect place to relax with a drink and a snack<\/b><span style=\"font-weight: 400;\">. It also serves as a cultural centre, with craft markets, exhibitions, and live music throughout the year.<\/span><\/p>\t\t\t\t\t\t\t\t<\/div>\n\t\t\t\t<\/div>\n\t\t\t\t<\/div>\n\t\t\t\t\t<\/div>\n\t\t\t\t<\/div>\n\t\t<div class=\"elementor-element elementor-element-3d70fb8 e-flex e-con-boxed e-con e-parent\" data-id=\"3d70fb8\" data-element_type=\"container\">\n\t\t\t\t\t<div class=\"e-con-inner\">\n\t\t<div class=\"elementor-element elementor-element-68df34b e-con-full e-flex e-con e-child\" data-id=\"68df34b\" data-element_type=\"container\">\n\t\t\t\t<div class=\"elementor-element elementor-element-e417358 elementor-widget elementor-widget-heading\" data-id=\"e417358\" data-element_type=\"widget\" data-widget_type=\"heading.default\">\n\t\t\t\t<div class=\"elementor-widget-container\">\n\t\t\t\t\t<h3 class=\"elementor-heading-title elementor-size-default\">Pla\u00e7a del Poble Gitano<\/h3>\t\t\t\t<\/div>\n\t\t\t\t<\/div>\n\t\t\t\t<div class=\"elementor-element elementor-element-027e1be elementor-widget elementor-widget-image\" data-id=\"027e1be\" data-element_type=\"widget\" data-widget_type=\"image.default\">\n\t\t\t\t<div class=\"elementor-widget-container\">\n\t\t\t\t\t\t\t\t\t\t\t\t\t\t\t<img decoding=\"async\" src=\"https:\/\/www.keyinnapartments.com\/blog\/wp-content\/uploads\/2024\/06\/Plaza-del-Pueblo-Gitano\u200b-barcelona-751x430.jpg\" title=\"Plaza del Pueblo Gitano\u200b barcelona\" alt=\"Pla\u00e7a del Poble Gitano\u200b barcelona\" loading=\"lazy\" \/>\t\t\t\t\t\t\t\t\t\t\t\t\t\t\t<\/div>\n\t\t\t\t<\/div>\n\t\t\t\t<div class=\"elementor-element elementor-element-593ccd7 elementor-widget elementor-widget-text-editor\" data-id=\"593ccd7\" data-element_type=\"widget\" data-widget_type=\"text-editor.default\">\n\t\t\t\t<div class=\"elementor-widget-container\">\n\t\t\t\t\t\t\t\t\t<p style=\"font-weight: 400;\"><span style=\"font-weight: 400;\">The square in the Gr\u00e0cia district of Barcelona that might catch your attention the most is this one. It\u2019s surrounded by picturesque and colourful buildings adorned with murals and architectural details revolving around Gypsy culture. During the day, <\/span><b>it\u2019s full of neighbours chatting and merchants offering their products, as well as flamenco and rumba concerts, dance performances, and craft and food fairs<\/b><span style=\"font-weight: 400;\"> attracting both locals and visitors.<\/span><\/p>\t\t\t\t\t\t\t\t<\/div>\n\t\t\t\t<\/div>\n\t\t\t\t<\/div>\n\t\t<div class=\"elementor-element elementor-element-01d91ea e-con-full e-flex e-con e-child\" data-id=\"01d91ea\" data-element_type=\"container\">\n\t\t\t\t<div class=\"elementor-element elementor-element-ca895ec elementor-widget elementor-widget-heading\" data-id=\"ca895ec\" data-element_type=\"widget\" data-widget_type=\"heading.default\">\n\t\t\t\t<div class=\"elementor-widget-container\">\n\t\t\t\t\t<h3 class=\"elementor-heading-title elementor-size-default\">Pla\u00e7a de les Dones del 36<\/h3>\t\t\t\t<\/div>\n\t\t\t\t<\/div>\n\t\t\t\t<div class=\"elementor-element elementor-element-f5335ae elementor-widget elementor-widget-image\" data-id=\"f5335ae\" data-element_type=\"widget\" data-widget_type=\"image.default\">\n\t\t\t\t<div class=\"elementor-widget-container\">\n\t\t\t\t\t\t\t\t\t\t\t\t\t\t\t<img decoding=\"async\" src=\"https:\/\/www.keyinnapartments.com\/blog\/wp-content\/uploads\/2024\/06\/Placa-de-les-Dones-del-36\u200b-barcelona-751x430.jpg\" title=\"Pla\u00e7a de les Dones del 36\u200b barcelona\" alt=\"Pla\u00e7a de les Dones del 36\u200b barcelona\" loading=\"lazy\" \/>\t\t\t\t\t\t\t\t\t\t\t\t\t\t\t<\/div>\n\t\t\t\t<\/div>\n\t\t\t\t<div class=\"elementor-element elementor-element-8fb8da4 elementor-widget elementor-widget-text-editor\" data-id=\"8fb8da4\" data-element_type=\"widget\" data-widget_type=\"text-editor.default\">\n\t\t\t\t<div class=\"elementor-widget-container\">\n\t\t\t\t\t\t\t\t\t<p><span style=\"font-weight: 400;\">And we conclude this list with Pla\u00e7a de les Dones del 36, <\/span><b>which honours the women who fought during the Spanish Civil War<\/b><span style=\"font-weight: 400;\">. It\u2019s a peaceful and very welcoming space, with several trees and plants, benches, and many terraces. This square in Gr\u00e0cia, Barcelona, is also one of the epicentres of the city\u2019s culture; it hosts talks, exhibitions, and screenings that keep historical memory alive and strengthen the community.<\/span><\/p>\t\t\t\t\t\t\t\t<\/div>\n\t\t\t\t<\/div>\n\t\t\t\t<\/div>\n\t\t\t\t\t<\/div>\n\t\t\t\t<\/div>\n\t\t<div class=\"elementor-element elementor-element-6832eb1c e-flex e-con-boxed e-con e-parent\" data-id=\"6832eb1c\" data-element_type=\"container\">\n\t\t\t\t\t<div class=\"e-con-inner\">\n\t\t\t\t<div class=\"elementor-element elementor-element-44000033 elementor-widget elementor-widget-heading\" data-id=\"44000033\" data-element_type=\"widget\" data-widget_type=\"heading.default\">\n\t\t\t\t<div class=\"elementor-widget-container\">\n\t\t\t\t\t<h2 class=\"elementor-heading-title elementor-size-default\">Experience the unique atmosphere of the squares of Gr\u00e0cia<\/h2>\t\t\t\t<\/div>\n\t\t\t\t<\/div>\n\t\t\t\t<div class=\"elementor-element elementor-element-7f5a9d2b elementor-widget elementor-widget-text-editor\" data-id=\"7f5a9d2b\" data-element_type=\"widget\" data-widget_type=\"text-editor.default\">\n\t\t\t\t<div class=\"elementor-widget-container\">\n\t\t\t\t\t\t\t\t\t<p><span style=\"font-weight: 400;\">What did you think of the squares in the Gr\u00e0cia district in Barcelona? Too many? Not enough? <\/span><b>We can certainly say that it\u2019s one of the neighbourhoods with the most squares and cultural life in Spain.<\/b><\/p><p><span style=\"font-weight: 400;\">And if you\u2019re thinking of visiting, we have the perfect accommodations so you can explore each and every one of them. We offer apartments of all types: large, small, with a terrace, and without\u2026<\/span><\/p><p><span style=\"font-weight: 400;\">You just need to take a look at our website, choose one, book it, and come to the Gr\u00e0cia district to enjoy all its squares. We look forward to seeing you!<\/span><\/p>\t\t\t\t\t\t\t\t<\/div>\n\t\t\t\t<\/div>\n\t\t\t\t\t<\/div>\n\t\t\t\t<\/div>\n\t\t<div class=\"elementor-element elementor-element-4e10efaa e-flex e-con-boxed e-con e-parent\" data-id=\"4e10efaa\" data-element_type=\"container\">\n\t\t\t\t\t<div class=\"e-con-inner\">\n\t\t<div class=\"elementor-element elementor-element-5b26f770 e-con-full e-flex e-con e-child\" data-id=\"5b26f770\" data-element_type=\"container\" data-settings=\"{&quot;background_background&quot;:&quot;classic&quot;}\">\n\t\t\t\t<div class=\"elementor-element elementor-element-699ee7ab elementor-align-center elementor-widget elementor-widget-button\" data-id=\"699ee7ab\" data-element_type=\"widget\" data-widget_type=\"button.default\">\n\t\t\t\t<div class=\"elementor-widget-container\">\n\t\t\t\t\t\t\t\t\t<div class=\"elementor-button-wrapper\">\n\t\t\t\t\t<a class=\"elementor-button elementor-button-link elementor-size-sm\" href=\"https:\/\/www.keyinnapartments.com\/holiday-rentals-barcelona\/\">\n\t\t\t\t\t\t<span class=\"elementor-button-content-wrapper\">\n\t\t\t\t\t\t\t\t\t<span class=\"elementor-button-text\">Accommodations<\/span>\n\t\t\t\t\t<\/span>\n\t\t\t\t\t<\/a>\n\t\t\t\t<\/div>\n\t\t\t\t\t\t\t\t<\/div>\n\t\t\t\t<\/div>\n\t\t\t\t<\/div>\n\t\t<div class=\"elementor-element elementor-element-3b19b50d e-con-full e-flex e-con e-child\" data-id=\"3b19b50d\" data-element_type=\"container\" data-settings=\"{&quot;background_background&quot;:&quot;classic&quot;}\">\n\t\t\t\t<div class=\"elementor-element elementor-element-3be123b5 elementor-align-center elementor-widget elementor-widget-button\" data-id=\"3be123b5\" data-element_type=\"widget\" data-widget_type=\"button.default\">\n\t\t\t\t<div class=\"elementor-widget-container\">\n\t\t\t\t\t\t\t\t\t<div class=\"elementor-button-wrapper\">\n\t\t\t\t\t<a class=\"elementor-button elementor-button-link elementor-size-sm\" href=\"https:\/\/www.keyinnapartments.com\/barcelona-holiday-apartments\/\">\n\t\t\t\t\t\t<span class=\"elementor-button-content-wrapper\">\n\t\t\t\t\t\t\t\t\t<span class=\"elementor-button-text\">Apartments<\/span>\n\t\t\t\t\t<\/span>\n\t\t\t\t\t<\/a>\n\t\t\t\t<\/div>\n\t\t\t\t\t\t\t\t<\/div>\n\t\t\t\t<\/div>\n\t\t\t\t<\/div>\n\t\t\t\t\t<\/div>\n\t\t\t\t<\/div>\n\t\t\t\t<\/div>\n\t\t","protected":false},"excerpt":{"rendered":"<p>The \u2018pla\u00e7as de Gr\u00e0cia\u2019 (squares of Gr\u00e0cia) in Barcelona possess an allure that captivates anyone. Their bohemian atmosphere, rich in art and culture, offers a perfect experience to get to know the neighbourhood. Are you eager to discover all the squares in the Gr\u00e0cia district in Barcelona? Let us tell you about each one\u2019s irresistible [&hellip;]<\/p>\n","protected":false},"author":3,"featured_media":896,"comment_status":"open","ping_status":"open","sticky":false,"template":"","format":"standard","meta":{"footnotes":""},"categories":[50,34,26],"tags":[],"class_list":["post-993","post","type-post","status-publish","format-standard","has-post-thumbnail","hentry","category-activities","category-barcelona-es","category-gracia"],"yoast_head":"<!-- This site is optimized with the Yoast SEO plugin v25.3.1 - https:\/\/yoast.com\/wordpress\/plugins\/seo\/ -->\n<title>The Pla\u00e7as de Gr\u00e0cia in Barcelona, Spain<\/title>\n<meta name=\"description\" content=\"Explore the Plazas Gracia. Discover vibrant squares of Barcelona, its beautiful architecture, and local culture.\" \/>\n<meta name=\"robots\" content=\"index, follow, max-snippet:-1, max-image-preview:large, max-video-preview:-1\" \/>\n<link rel=\"canonical\" href=\"https:\/\/www.keyinnapartments.com\/blog\/town-squares-gracia-barcelona\/\" \/>\n<meta property=\"og:locale\" content=\"en_US\" \/>\n<meta property=\"og:type\" content=\"article\" \/>\n<meta property=\"og:title\" content=\"The Pla\u00e7as de Gr\u00e0cia in Barcelona, Spain\" \/>\n<meta property=\"og:description\" content=\"Explore the Plazas Gracia. Discover vibrant squares of Barcelona, its beautiful architecture, and local culture.\" \/>\n<meta property=\"og:url\" content=\"https:\/\/www.keyinnapartments.com\/blog\/town-squares-gracia-barcelona\/\" \/>\n<meta property=\"og:site_name\" content=\"Travel Blog Barcelona\" \/>\n<meta property=\"article:publisher\" content=\"https:\/\/www.facebook.com\/keyinnapartments\/\" \/>\n<meta property=\"article:published_time\" content=\"2024-06-17T15:23:07+00:00\" \/>\n<meta property=\"article:modified_time\" content=\"2024-12-19T10:02:36+00:00\" \/>\n<meta property=\"og:image\" content=\"https:\/\/www.keyinnapartments.com\/blog\/wp-content\/uploads\/2024\/06\/plaza-gracia-barcelona.jpg\" \/>\n\t<meta property=\"og:image:width\" content=\"1920\" \/>\n\t<meta property=\"og:image:height\" content=\"630\" \/>\n\t<meta property=\"og:image:type\" content=\"image\/jpeg\" \/>\n<meta name=\"author\" content=\"digitalservices\" \/>\n<meta name=\"twitter:card\" content=\"summary_large_image\" \/>\n<meta name=\"twitter:label1\" content=\"Written by\" \/>\n\t<meta name=\"twitter:data1\" content=\"digitalservices\" \/>\n\t<meta name=\"twitter:label2\" content=\"Est. reading time\" \/>\n\t<meta name=\"twitter:data2\" content=\"8 minutes\" \/>\n<script type=\"application\/ld+json\" class=\"yoast-schema-graph\">{\"@context\":\"https:\/\/schema.org\",\"@graph\":[{\"@type\":\"Article\",\"@id\":\"https:\/\/www.keyinnapartments.com\/blog\/town-squares-gracia-barcelona\/#article\",\"isPartOf\":{\"@id\":\"https:\/\/www.keyinnapartments.com\/blog\/town-squares-gracia-barcelona\/\"},\"author\":{\"name\":\"digitalservices\",\"@id\":\"https:\/\/www.keyinnapartments.com\/blog\/#\/schema\/person\/ad874b614da9f01dc2ab0054bc6181e3\"},\"headline\":\"Discover the Charm of the Pla\u00e7as de Gr\u00e0cia in Barcelona\",\"datePublished\":\"2024-06-17T15:23:07+00:00\",\"dateModified\":\"2024-12-19T10:02:36+00:00\",\"mainEntityOfPage\":{\"@id\":\"https:\/\/www.keyinnapartments.com\/blog\/town-squares-gracia-barcelona\/\"},\"wordCount\":1213,\"commentCount\":0,\"publisher\":{\"@id\":\"https:\/\/www.keyinnapartments.com\/blog\/#organization\"},\"image\":{\"@id\":\"https:\/\/www.keyinnapartments.com\/blog\/town-squares-gracia-barcelona\/#primaryimage\"},\"thumbnailUrl\":\"https:\/\/www.keyinnapartments.com\/blog\/wp-content\/uploads\/2024\/06\/plaza-gracia-barcelona.jpg\",\"articleSection\":[\"Activities\",\"Barcelona\",\"Gracia\"],\"inLanguage\":\"en\",\"potentialAction\":[{\"@type\":\"CommentAction\",\"name\":\"Comment\",\"target\":[\"https:\/\/www.keyinnapartments.com\/blog\/town-squares-gracia-barcelona\/#respond\"]}]},{\"@type\":\"WebPage\",\"@id\":\"https:\/\/www.keyinnapartments.com\/blog\/town-squares-gracia-barcelona\/\",\"url\":\"https:\/\/www.keyinnapartments.com\/blog\/town-squares-gracia-barcelona\/\",\"name\":\"The Pla\u00e7as de Gr\u00e0cia in Barcelona, Spain\",\"isPartOf\":{\"@id\":\"https:\/\/www.keyinnapartments.com\/blog\/#website\"},\"primaryImageOfPage\":{\"@id\":\"https:\/\/www.keyinnapartments.com\/blog\/town-squares-gracia-barcelona\/#primaryimage\"},\"image\":{\"@id\":\"https:\/\/www.keyinnapartments.com\/blog\/town-squares-gracia-barcelona\/#primaryimage\"},\"thumbnailUrl\":\"https:\/\/www.keyinnapartments.com\/blog\/wp-content\/uploads\/2024\/06\/plaza-gracia-barcelona.jpg\",\"datePublished\":\"2024-06-17T15:23:07+00:00\",\"dateModified\":\"2024-12-19T10:02:36+00:00\",\"description\":\"Explore the Plazas Gracia. Discover vibrant squares of Barcelona, its beautiful architecture, and local culture.\",\"breadcrumb\":{\"@id\":\"https:\/\/www.keyinnapartments.com\/blog\/town-squares-gracia-barcelona\/#breadcrumb\"},\"inLanguage\":\"en\",\"potentialAction\":[{\"@type\":\"ReadAction\",\"target\":[\"https:\/\/www.keyinnapartments.com\/blog\/town-squares-gracia-barcelona\/\"]}]},{\"@type\":\"ImageObject\",\"inLanguage\":\"en\",\"@id\":\"https:\/\/www.keyinnapartments.com\/blog\/town-squares-gracia-barcelona\/#primaryimage\",\"url\":\"https:\/\/www.keyinnapartments.com\/blog\/wp-content\/uploads\/2024\/06\/plaza-gracia-barcelona.jpg\",\"contentUrl\":\"https:\/\/www.keyinnapartments.com\/blog\/wp-content\/uploads\/2024\/06\/plaza-gracia-barcelona.jpg\",\"width\":1920,\"height\":630,\"caption\":\"squares gracia barcelona\"},{\"@type\":\"BreadcrumbList\",\"@id\":\"https:\/\/www.keyinnapartments.com\/blog\/town-squares-gracia-barcelona\/#breadcrumb\",\"itemListElement\":[{\"@type\":\"ListItem\",\"position\":1,\"name\":\"Home\",\"item\":\"https:\/\/www.keyinnapartments.com\/blog\/\"},{\"@type\":\"ListItem\",\"position\":2,\"name\":\"Discover the Charm of the Pla\u00e7as de Gr\u00e0cia in Barcelona\"}]},{\"@type\":\"WebSite\",\"@id\":\"https:\/\/www.keyinnapartments.com\/blog\/#website\",\"url\":\"https:\/\/www.keyinnapartments.com\/blog\/\",\"name\":\"Key in Apartaments\",\"description\":\"Key Inn Apartments\",\"publisher\":{\"@id\":\"https:\/\/www.keyinnapartments.com\/blog\/#organization\"},\"potentialAction\":[{\"@type\":\"SearchAction\",\"target\":{\"@type\":\"EntryPoint\",\"urlTemplate\":\"https:\/\/www.keyinnapartments.com\/blog\/?s={search_term_string}\"},\"query-input\":{\"@type\":\"PropertyValueSpecification\",\"valueRequired\":true,\"valueName\":\"search_term_string\"}}],\"inLanguage\":\"en\"},{\"@type\":\"Organization\",\"@id\":\"https:\/\/www.keyinnapartments.com\/blog\/#organization\",\"name\":\"Key Barcelona\",\"url\":\"https:\/\/www.keyinnapartments.com\/blog\/\",\"logo\":{\"@type\":\"ImageObject\",\"inLanguage\":\"en\",\"@id\":\"https:\/\/www.keyinnapartments.com\/blog\/#\/schema\/logo\/image\/\",\"url\":\"https:\/\/www.keyinnapartments.com\/blog\/wp-content\/uploads\/2024\/04\/logo-11.png\",\"contentUrl\":\"https:\/\/www.keyinnapartments.com\/blog\/wp-content\/uploads\/2024\/04\/logo-11.png\",\"width\":350,\"height\":442,\"caption\":\"Key Barcelona\"},\"image\":{\"@id\":\"https:\/\/www.keyinnapartments.com\/blog\/#\/schema\/logo\/image\/\"},\"sameAs\":[\"https:\/\/www.facebook.com\/keyinnapartments\/\",\"https:\/\/www.instagram.com\/keyinnapartments\/\",\"https:\/\/www.linkedin.com\/company\/key-barcelona-apartments\/about\/\"]},{\"@type\":\"Person\",\"@id\":\"https:\/\/www.keyinnapartments.com\/blog\/#\/schema\/person\/ad874b614da9f01dc2ab0054bc6181e3\",\"name\":\"digitalservices\",\"image\":{\"@type\":\"ImageObject\",\"inLanguage\":\"en\",\"@id\":\"https:\/\/www.keyinnapartments.com\/blog\/#\/schema\/person\/image\/\",\"url\":\"https:\/\/secure.gravatar.com\/avatar\/af30f88a1904294c1f3eb09a9d7903eec4ffa18fa2cf40c28a8681014ecdfc20?s=96&d=mm&r=g\",\"contentUrl\":\"https:\/\/secure.gravatar.com\/avatar\/af30f88a1904294c1f3eb09a9d7903eec4ffa18fa2cf40c28a8681014ecdfc20?s=96&d=mm&r=g\",\"caption\":\"digitalservices\"},\"url\":\"https:\/\/www.keyinnapartments.com\/blog\/author\/digitalservices\/\"}]}<\/script>\n<!-- \/ Yoast SEO plugin. -->","yoast_head_json":{"title":"The Pla\u00e7as de Gr\u00e0cia in Barcelona, Spain","description":"Explore the Plazas Gracia. Discover vibrant squares of Barcelona, its beautiful architecture, and local culture.","robots":{"index":"index","follow":"follow","max-snippet":"max-snippet:-1","max-image-preview":"max-image-preview:large","max-video-preview":"max-video-preview:-1"},"canonical":"https:\/\/www.keyinnapartments.com\/blog\/town-squares-gracia-barcelona\/","og_locale":"en_US","og_type":"article","og_title":"The Pla\u00e7as de Gr\u00e0cia in Barcelona, Spain","og_description":"Explore the Plazas Gracia. Discover vibrant squares of Barcelona, its beautiful architecture, and local culture.","og_url":"https:\/\/www.keyinnapartments.com\/blog\/town-squares-gracia-barcelona\/","og_site_name":"Travel Blog Barcelona","article_publisher":"https:\/\/www.facebook.com\/keyinnapartments\/","article_published_time":"2024-06-17T15:23:07+00:00","article_modified_time":"2024-12-19T10:02:36+00:00","og_image":[{"width":1920,"height":630,"url":"https:\/\/www.keyinnapartments.com\/blog\/wp-content\/uploads\/2024\/06\/plaza-gracia-barcelona.jpg","type":"image\/jpeg"}],"author":"digitalservices","twitter_card":"summary_large_image","twitter_misc":{"Written by":"digitalservices","Est. reading time":"8 minutes"},"schema":{"@context":"https:\/\/schema.org","@graph":[{"@type":"Article","@id":"https:\/\/www.keyinnapartments.com\/blog\/town-squares-gracia-barcelona\/#article","isPartOf":{"@id":"https:\/\/www.keyinnapartments.com\/blog\/town-squares-gracia-barcelona\/"},"author":{"name":"digitalservices","@id":"https:\/\/www.keyinnapartments.com\/blog\/#\/schema\/person\/ad874b614da9f01dc2ab0054bc6181e3"},"headline":"Discover the Charm of the Pla\u00e7as de Gr\u00e0cia in Barcelona","datePublished":"2024-06-17T15:23:07+00:00","dateModified":"2024-12-19T10:02:36+00:00","mainEntityOfPage":{"@id":"https:\/\/www.keyinnapartments.com\/blog\/town-squares-gracia-barcelona\/"},"wordCount":1213,"commentCount":0,"publisher":{"@id":"https:\/\/www.keyinnapartments.com\/blog\/#organization"},"image":{"@id":"https:\/\/www.keyinnapartments.com\/blog\/town-squares-gracia-barcelona\/#primaryimage"},"thumbnailUrl":"https:\/\/www.keyinnapartments.com\/blog\/wp-content\/uploads\/2024\/06\/plaza-gracia-barcelona.jpg","articleSection":["Activities","Barcelona","Gracia"],"inLanguage":"en","potentialAction":[{"@type":"CommentAction","name":"Comment","target":["https:\/\/www.keyinnapartments.com\/blog\/town-squares-gracia-barcelona\/#respond"]}]},{"@type":"WebPage","@id":"https:\/\/www.keyinnapartments.com\/blog\/town-squares-gracia-barcelona\/","url":"https:\/\/www.keyinnapartments.com\/blog\/town-squares-gracia-barcelona\/","name":"The Pla\u00e7as de Gr\u00e0cia in Barcelona, Spain","isPartOf":{"@id":"https:\/\/www.keyinnapartments.com\/blog\/#website"},"primaryImageOfPage":{"@id":"https:\/\/www.keyinnapartments.com\/blog\/town-squares-gracia-barcelona\/#primaryimage"},"image":{"@id":"https:\/\/www.keyinnapartments.com\/blog\/town-squares-gracia-barcelona\/#primaryimage"},"thumbnailUrl":"https:\/\/www.keyinnapartments.com\/blog\/wp-content\/uploads\/2024\/06\/plaza-gracia-barcelona.jpg","datePublished":"2024-06-17T15:23:07+00:00","dateModified":"2024-12-19T10:02:36+00:00","description":"Explore the Plazas Gracia. Discover vibrant squares of Barcelona, its beautiful architecture, and local culture.","breadcrumb":{"@id":"https:\/\/www.keyinnapartments.com\/blog\/town-squares-gracia-barcelona\/#breadcrumb"},"inLanguage":"en","potentialAction":[{"@type":"ReadAction","target":["https:\/\/www.keyinnapartments.com\/blog\/town-squares-gracia-barcelona\/"]}]},{"@type":"ImageObject","inLanguage":"en","@id":"https:\/\/www.keyinnapartments.com\/blog\/town-squares-gracia-barcelona\/#primaryimage","url":"https:\/\/www.keyinnapartments.com\/blog\/wp-content\/uploads\/2024\/06\/plaza-gracia-barcelona.jpg","contentUrl":"https:\/\/www.keyinnapartments.com\/blog\/wp-content\/uploads\/2024\/06\/plaza-gracia-barcelona.jpg","width":1920,"height":630,"caption":"squares gracia barcelona"},{"@type":"BreadcrumbList","@id":"https:\/\/www.keyinnapartments.com\/blog\/town-squares-gracia-barcelona\/#breadcrumb","itemListElement":[{"@type":"ListItem","position":1,"name":"Home","item":"https:\/\/www.keyinnapartments.com\/blog\/"},{"@type":"ListItem","position":2,"name":"Discover the Charm of the Pla\u00e7as de Gr\u00e0cia in Barcelona"}]},{"@type":"WebSite","@id":"https:\/\/www.keyinnapartments.com\/blog\/#website","url":"https:\/\/www.keyinnapartments.com\/blog\/","name":"Key in Apartaments","description":"Key Inn Apartments","publisher":{"@id":"https:\/\/www.keyinnapartments.com\/blog\/#organization"},"potentialAction":[{"@type":"SearchAction","target":{"@type":"EntryPoint","urlTemplate":"https:\/\/www.keyinnapartments.com\/blog\/?s={search_term_string}"},"query-input":{"@type":"PropertyValueSpecification","valueRequired":true,"valueName":"search_term_string"}}],"inLanguage":"en"},{"@type":"Organization","@id":"https:\/\/www.keyinnapartments.com\/blog\/#organization","name":"Key Barcelona","url":"https:\/\/www.keyinnapartments.com\/blog\/","logo":{"@type":"ImageObject","inLanguage":"en","@id":"https:\/\/www.keyinnapartments.com\/blog\/#\/schema\/logo\/image\/","url":"https:\/\/www.keyinnapartments.com\/blog\/wp-content\/uploads\/2024\/04\/logo-11.png","contentUrl":"https:\/\/www.keyinnapartments.com\/blog\/wp-content\/uploads\/2024\/04\/logo-11.png","width":350,"height":442,"caption":"Key Barcelona"},"image":{"@id":"https:\/\/www.keyinnapartments.com\/blog\/#\/schema\/logo\/image\/"},"sameAs":["https:\/\/www.facebook.com\/keyinnapartments\/","https:\/\/www.instagram.com\/keyinnapartments\/","https:\/\/www.linkedin.com\/company\/key-barcelona-apartments\/about\/"]},{"@type":"Person","@id":"https:\/\/www.keyinnapartments.com\/blog\/#\/schema\/person\/ad874b614da9f01dc2ab0054bc6181e3","name":"digitalservices","image":{"@type":"ImageObject","inLanguage":"en","@id":"https:\/\/www.keyinnapartments.com\/blog\/#\/schema\/person\/image\/","url":"https:\/\/secure.gravatar.com\/avatar\/af30f88a1904294c1f3eb09a9d7903eec4ffa18fa2cf40c28a8681014ecdfc20?s=96&d=mm&r=g","contentUrl":"https:\/\/secure.gravatar.com\/avatar\/af30f88a1904294c1f3eb09a9d7903eec4ffa18fa2cf40c28a8681014ecdfc20?s=96&d=mm&r=g","caption":"digitalservices"},"url":"https:\/\/www.keyinnapartments.com\/blog\/author\/digitalservices\/"}]}},"_links":{"self":[{"href":"https:\/\/www.keyinnapartments.com\/blog\/wp-json\/wp\/v2\/posts\/993","targetHints":{"allow":["GET"]}}],"collection":[{"href":"https:\/\/www.keyinnapartments.com\/blog\/wp-json\/wp\/v2\/posts"}],"about":[{"href":"https:\/\/www.keyinnapartments.com\/blog\/wp-json\/wp\/v2\/types\/post"}],"author":[{"embeddable":true,"href":"https:\/\/www.keyinnapartments.com\/blog\/wp-json\/wp\/v2\/users\/3"}],"replies":[{"embeddable":true,"href":"https:\/\/www.keyinnapartments.com\/blog\/wp-json\/wp\/v2\/comments?post=993"}],"version-history":[{"count":17,"href":"https:\/\/www.keyinnapartments.com\/blog\/wp-json\/wp\/v2\/posts\/993\/revisions"}],"predecessor-version":[{"id":2083,"href":"https:\/\/www.keyinnapartments.com\/blog\/wp-json\/wp\/v2\/posts\/993\/revisions\/2083"}],"wp:featuredmedia":[{"embeddable":true,"href":"https:\/\/www.keyinnapartments.com\/blog\/wp-json\/wp\/v2\/media\/896"}],"wp:attachment":[{"href":"https:\/\/www.keyinnapartments.com\/blog\/wp-json\/wp\/v2\/media?parent=993"}],"wp:term":[{"taxonomy":"category","embeddable":true,"href":"https:\/\/www.keyinnapartments.com\/blog\/wp-json\/wp\/v2\/categories?post=993"},{"taxonomy":"post_tag","embeddable":true,"href":"https:\/\/www.keyinnapartments.com\/blog\/wp-json\/wp\/v2\/tags?post=993"}],"curies":[{"name":"wp","href":"https:\/\/api.w.org\/{rel}","templated":true}]}}